{"id":67743,"date":"2026-03-17T19:34:18","date_gmt":"2026-03-17T22:34:18","guid":{"rendered":"https:\/\/mussicom.com\/anvisa-determina-apreensao-de-azeite-de-oliva-extravirgem\/"},"modified":"2026-03-17T19:34:18","modified_gmt":"2026-03-17T22:34:18","slug":"anvisa-determina-apreensao-de-azeite-de-oliva-extravirgem","status":"publish","type":"post","link":"https:\/\/mussicom.com\/noticias\/anvisa-determina-apreensao-de-azeite-de-oliva-extravirgem\/","title":{"rendered":"Anvisa determina apreens\u00e3o de azeite de oliva extravirgem"},"content":{"rendered":"<p> <br \/>\n<\/p>\n<div>\n<p><strong>A Ag\u00eancia Nacional de Vigil\u00e2ncia Sanit\u00e1ria (Anvisa) determinou nesta segunda-feira (16) a apreens\u00e3o do azeite de oliva extravirgem San Olivetto, da empresa Agro Industria e Cerealista Norte Paran\u00e1 Ltda.<\/strong><img decoding=\"async\" src=\"https:\/\/agenciabrasil.ebc.com.br\/ebc.gif?id=1682073&amp;o=node\" style=\"width:1px; height:1px; display:inline;\"\/><\/p>\n<p>Publicada no Di\u00e1rio Oficial da Uni\u00e3o (DOU), a resolu\u00e7\u00e3o pro\u00edbe ainda a comercializa\u00e7\u00e3o, a distribui\u00e7\u00e3o, a fabrica\u00e7\u00e3o, a importa\u00e7\u00e3o, a propaganda e o uso do produto.<\/p>\n<p>Em nota, a ag\u00eancia informou que a origem deste azeite\u00a0\u00e9 desconhecida. \u201cO r\u00f3tulo indica como importadora a Agro Ind\u00fastria e Cerealista Norte Paran\u00e1 Ltda. A empresa, no entanto, est\u00e1 com CNPJ suspenso por inconsist\u00eancia cadastral desde 22\/5\/2025\u201d.<\/p>\n<p>\u201cJ\u00e1 a distribuidora, a empresa Comercial Aliment\u00edcia e Cerealista Capixaba Ltda, est\u00e1 com CNPJ baixado por encerramento desde novembro de 2024\u201d, completou a Anvisa.<\/p>\n<p>A <strong>Ag\u00eancia Brasil <\/strong>tenta contato com a empresa. O espa\u00e7o segue aberto para posicionamento.<\/p>\n<p>&gt;&gt; Siga o canal da <strong>Ag\u00eancia Brasil <\/strong>no WhatsApp<br \/>\u00a0<\/p>\n<p>      <!-- Relacionada --><\/p>\n<p>            <!-- Relacionada -->\n    <\/div>\n<p><br \/>\n<br \/>Fonte: <a href=\"https:\/\/agenciabrasil.ebc.com.br\/saude\/noticia\/2026-03\/anvisa-determina-apreensao-de-azeite-de-oliva-extravirgem\">Ag\u00eancia Brasil<\/a><\/p>\n","protected":false},"excerpt":{"rendered":"<p>A Ag\u00eancia Nacional de Vigil\u00e2ncia Sanit\u00e1ria (Anvisa) determinou nesta segunda-feira (16) a apreens\u00e3o do azeite de oliva extravirgem San Olivetto, da empresa Agro Industria e Cerealista Norte Paran\u00e1 Ltda. Publicada no Di\u00e1rio Oficial da Uni\u00e3o (DOU), a resolu\u00e7\u00e3o pro\u00edbe ainda a comercializa\u00e7\u00e3o, a distribui\u00e7\u00e3o, a fabrica\u00e7\u00e3o, a importa\u00e7\u00e3o, a propaganda e o uso do produto. [&hellip;]<\/p>\n","protected":false},"author":5,"featured_media":67744,"comment_status":"open","ping_status":"open","sticky":false,"template":"","format":"standard","meta":{"_seopress_robots_primary_cat":"","_seopress_titles_title":"","_seopress_titles_desc":"","_seopress_robots_index":"","footnotes":""},"categories":[46],"tags":[],"class_list":["post-67743","post","type-post","status-publish","format-standard","has-post-thumbnail","hentry","category-saude"],"_links":{"self":[{"href":"https:\/\/mussicom.com\/noticias\/wp-json\/wp\/v2\/posts\/67743","targetHints":{"allow":["GET"]}}],"collection":[{"href":"https:\/\/mussicom.com\/noticias\/wp-json\/wp\/v2\/posts"}],"about":[{"href":"https:\/\/mussicom.com\/noticias\/wp-json\/wp\/v2\/types\/post"}],"author":[{"embeddable":true,"href":"https:\/\/mussicom.com\/noticias\/wp-json\/wp\/v2\/users\/5"}],"replies":[{"embeddable":true,"href":"https:\/\/mussicom.com\/noticias\/wp-json\/wp\/v2\/comments?post=67743"}],"version-history":[{"count":0,"href":"https:\/\/mussicom.com\/noticias\/wp-json\/wp\/v2\/posts\/67743\/revisions"}],"wp:featuredmedia":[{"embeddable":true,"href":"https:\/\/mussicom.com\/noticias\/wp-json\/wp\/v2\/media\/67744"}],"wp:attachment":[{"href":"https:\/\/mussicom.com\/noticias\/wp-json\/wp\/v2\/media?parent=67743"}],"wp:term":[{"taxonomy":"category","embeddable":true,"href":"https:\/\/mussicom.com\/noticias\/wp-json\/wp\/v2\/categories?post=67743"},{"taxonomy":"post_tag","embeddable":true,"href":"https:\/\/mussicom.com\/noticias\/wp-json\/wp\/v2\/tags?post=67743"}],"curies":[{"name":"wp","href":"https:\/\/api.w.org\/{rel}","templated":true}]}}