{"id":67685,"date":"2026-03-17T15:31:36","date_gmt":"2026-03-17T18:31:36","guid":{"rendered":"https:\/\/mussicom.com\/alerj-aprova-formacao-de-jovens-para-promover-leitura-e-escrita-no-rj\/"},"modified":"2026-03-17T15:31:36","modified_gmt":"2026-03-17T18:31:36","slug":"alerj-aprova-formacao-de-jovens-para-promover-leitura-e-escrita-no-rj","status":"publish","type":"post","link":"https:\/\/mussicom.com\/noticias\/alerj-aprova-formacao-de-jovens-para-promover-leitura-e-escrita-no-rj\/","title":{"rendered":"Alerj aprova forma\u00e7\u00e3o de jovens para promover leitura e escrita no RJ"},"content":{"rendered":"<p> <br \/>\n<\/p>\n<div>\n<p>A\u00a0Assembleia Legislativa do Estado do Rio de Janeiro (Alerj)\u00a0aprovou nesta quinta-feira (12) a\u00a0cria\u00e7\u00e3o do programa Jovens Embaixadores do Livro, para incentivar a leitura e a escrita em todo o estado. <strong>O texto segue agora para a san\u00e7\u00e3o ou veto do governo do estado do Rio de Janeiro, no prazo de at\u00e9 15 dias \u00fateis.<\/strong><img decoding=\"async\" src=\"https:\/\/agenciabrasil.ebc.com.br\/ebc.gif?id=1681731&amp;o=node\" style=\"width:1px; height:1px; display:inline;\"\/><\/p>\n<p>Aprovado\u00a0em segunda discuss\u00e3o, o projeto \u00e9 de autoria da deputada estadual Dani Balbi (PCdoB). Caso seja sancionado, o programa formar\u00e1 jovens como multiplicadores que incentivar\u00e3o a\u00a0leitura e\u00a0a escrita em suas comunidades, com apoio de institui\u00e7\u00f5es como escolas, bibliotecas e at\u00e9 mesmo editoras.\u00a0<\/p>\n<h2>O que diz o projeto\u00a0<\/h2>\n<p>Segundo o texto aprovado, poder\u00e3o participar do programa jovens com idade entre 15 e 29 anos, regularmente matriculados em institui\u00e7\u00f5es de ensino p\u00fablicas ou privadas, ou que comprovem v\u00ednculo com organiza\u00e7\u00f5es sociais.<\/p>\n<p>A sele\u00e7\u00e3o dos jovens embaixadores ser\u00e1 realizada por meio de edital p\u00fablico, coordenado pelo \u00f3rg\u00e3o estadual respons\u00e1vel pela pol\u00edtica de cultura.\u00a0O programa tamb\u00e9m dever\u00e1 garantir pol\u00edticas de inclus\u00e3o para jovens com defici\u00eancia.<\/p>\n<p>O Conselho Estadual de Pol\u00edticas Culturais e Economia Criativa\u00a0estabelecer\u00e1 crit\u00e9rios\u00a0como interesse pela leitura, comprometimento social, participa\u00e7\u00e3o em atividades comunit\u00e1rias e representatividade territorial.<\/p>\n<p>Os jovens selecionados receber\u00e3o capacita\u00e7\u00e3o em media\u00e7\u00e3o de leitura, dinamiza\u00e7\u00e3o de atividades culturais e gest\u00e3o de projetos, al\u00e9m de acompanhamento pedag\u00f3gico e suporte t\u00e9cnico para o desenvolvimento das atividades.<\/p>\n<p><strong>Os participantes que conclu\u00edrem as atividades previstas no programa receber\u00e3o certificado emitido pelo \u00f3rg\u00e3o gestor, com validade como atividade de extens\u00e3o ou forma\u00e7\u00e3o complementar, nos termos da regulamenta\u00e7\u00e3o.<\/strong><\/p>\n<p>Em nota, a deputada Dani Balbi defendeu que a pol\u00edtica poder\u00e1 transformar a vida de milhares\u00a0de jovens fluminenses. A iniciativa dever\u00e1 ser desenvolvida em conson\u00e2ncia com a Pol\u00edtica Nacional de Leitura e Escrita\u00a0e com o Plano Estadual do Livro e Leitura.\u00a0<\/p>\n<p>&#8220;Sabemos que a leitura transforma vidas, amplia horizontes, fortalece o pensamento cr\u00edtico e abre portas para o futuro. Mas tamb\u00e9m sabemos que o acesso ao livro e \u00e0 literatura ainda \u00e9 profundamente desigual no nosso estado. Este programa vem justamente enfrentar essa desigualdade, formando jovens que v\u00e3o atuar como agentes culturais em suas comunidades, levando a leitura para onde ela ainda n\u00e3o chega\u201d, diz.<\/p>\n<h2>Acesso \u00e0 leitura<\/h2>\n<p>Ap\u00f3s receber a forma\u00e7\u00e3o, a ideia \u00e9 que esses jovens atuem como agentes culturais em suas comunidades. Caber\u00e1 a eles desenvolver atividades para democratizar o acesso \u00e0 leitura, fortalecer a forma\u00e7\u00e3o de leitores em todo o estado e incentivar a produ\u00e7\u00e3o liter\u00e1ria local.\u00a0<\/p>\n<p>A medida prev\u00ea a possibilidade da realiza\u00e7\u00e3o de parcerias com editoras, livrarias e autores para doa\u00e7\u00f5es de livros e realiza\u00e7\u00e3o de atividades conjuntas, al\u00e9m do apoio de institui\u00e7\u00f5es culturais, escolas e bibliotecas.\u00a0<\/p>\n<p><strong>O acervo de livros das atividades dever\u00e1 ser exclusivamente composto por obras cl\u00e1ssicas da literatura brasileira de\u00a0diferentes autores e estilos, sendo expressamente vedada a utiliza\u00e7\u00e3o do programa para fins pol\u00edtico-partid\u00e1rios ou de promo\u00e7\u00e3o pessoal, observados os princ\u00edpios da neutralidade administrativa e do pluralismo de ideias.<\/strong><\/p>\n<p>      <!-- Relacionada --><\/p>\n<p>            <!-- Relacionada -->\n    <\/div>\n<p><br \/>\n<br \/>Fonte: <a href=\"https:\/\/agenciabrasil.ebc.com.br\/educacao\/noticia\/2026-03\/alerj-aprova-formacao-de-jovens-para-promover-leitura-e-escrita-no-rj\">Ag\u00eancia Brasil<\/a><\/p>\n","protected":false},"excerpt":{"rendered":"<p>A\u00a0Assembleia Legislativa do Estado do Rio de Janeiro (Alerj)\u00a0aprovou nesta quinta-feira (12) a\u00a0cria\u00e7\u00e3o do programa Jovens Embaixadores do Livro, para incentivar a leitura e a escrita em todo o estado. O texto segue agora para a san\u00e7\u00e3o ou veto do governo do estado do Rio de Janeiro, no prazo de at\u00e9 15 dias \u00fateis. Aprovado\u00a0em [&hellip;]<\/p>\n","protected":false},"author":5,"featured_media":67686,"comment_status":"open","ping_status":"open","sticky":false,"template":"","format":"standard","meta":{"_seopress_robots_primary_cat":"","_seopress_titles_title":"","_seopress_titles_desc":"","_seopress_robots_index":"","footnotes":""},"categories":[44],"tags":[],"class_list":["post-67685","post","type-post","status-publish","format-standard","has-post-thumbnail","hentry","category-educacao"],"_links":{"self":[{"href":"https:\/\/mussicom.com\/noticias\/wp-json\/wp\/v2\/posts\/67685","targetHints":{"allow":["GET"]}}],"collection":[{"href":"https:\/\/mussicom.com\/noticias\/wp-json\/wp\/v2\/posts"}],"about":[{"href":"https:\/\/mussicom.com\/noticias\/wp-json\/wp\/v2\/types\/post"}],"author":[{"embeddable":true,"href":"https:\/\/mussicom.com\/noticias\/wp-json\/wp\/v2\/users\/5"}],"replies":[{"embeddable":true,"href":"https:\/\/mussicom.com\/noticias\/wp-json\/wp\/v2\/comments?post=67685"}],"version-history":[{"count":0,"href":"https:\/\/mussicom.com\/noticias\/wp-json\/wp\/v2\/posts\/67685\/revisions"}],"wp:featuredmedia":[{"embeddable":true,"href":"https:\/\/mussicom.com\/noticias\/wp-json\/wp\/v2\/media\/67686"}],"wp:attachment":[{"href":"https:\/\/mussicom.com\/noticias\/wp-json\/wp\/v2\/media?parent=67685"}],"wp:term":[{"taxonomy":"category","embeddable":true,"href":"https:\/\/mussicom.com\/noticias\/wp-json\/wp\/v2\/categories?post=67685"},{"taxonomy":"post_tag","embeddable":true,"href":"https:\/\/mussicom.com\/noticias\/wp-json\/wp\/v2\/tags?post=67685"}],"curies":[{"name":"wp","href":"https:\/\/api.w.org\/{rel}","templated":true}]}}