{"id":67665,"date":"2026-03-17T14:29:49","date_gmt":"2026-03-17T17:29:49","guid":{"rendered":"https:\/\/mussicom.com\/saude-busca-aliancas-para-impulsionar-servicos-inteligentes-do-sus\/"},"modified":"2026-03-17T14:29:49","modified_gmt":"2026-03-17T17:29:49","slug":"saude-busca-aliancas-para-impulsionar-servicos-inteligentes-do-sus","status":"publish","type":"post","link":"https:\/\/mussicom.com\/noticias\/saude-busca-aliancas-para-impulsionar-servicos-inteligentes-do-sus\/","title":{"rendered":"Sa\u00fade busca alian\u00e7as para impulsionar servi\u00e7os inteligentes do SUS"},"content":{"rendered":"<p> <br \/>\n<\/p>\n<div>\n<p><strong>O ministro da Sa\u00fade, Alexandre Padilha, se reuniu com executivos de tr\u00eas empresas globais de tecnologia em sa\u00fade e infraestrutura digital na cidade de em Shenzhen, na China.<\/strong><img decoding=\"async\" src=\"https:\/\/agenciabrasil.ebc.com.br\/ebc.gif?id=1682230&amp;o=node\" style=\"width:1px; height:1px; display:inline;\"\/><\/p>\n<p>Em nota, a pasta informou que o objetivo dos encontros \u00e9 uma agenda estrat\u00e9gica de coopera\u00e7\u00e3o tecnol\u00f3gica no pa\u00eds asi\u00e1tico com foco na moderniza\u00e7\u00e3o do Sistema \u00danico de Sa\u00fade (SUS).<\/p>\n<blockquote>\n<p>\u201cO di\u00e1logo com os CEOs das empresas busca atrair investimentos, parcerias industriais e coopera\u00e7\u00e3o em pesquisa e desenvolvimento, com o objetivo de apoiar a constru\u00e7\u00e3o da primeira rede de servi\u00e7os de sa\u00fade inteligentes do SUS, que contar\u00e1 com tecnologias digitais, intelig\u00eancia artificial e novos equipamentos m\u00e9dicos.\u201d<\/p>\n<\/blockquote>\n<p>De acordo com o comunicado, a <strong>empresa Neusoft, especializada em tecnologia da informa\u00e7\u00e3o aplicada \u00e0 sa\u00fade, apresentou solu\u00e7\u00f5es voltadas para a gest\u00e3o hospitalar digital, a integra\u00e7\u00e3o de dados cl\u00ednicos e sistemas inteligentes de apoio \u00e0 decis\u00e3o m\u00e9dica.<\/strong><\/p>\n<p>A companhia tamb\u00e9m anunciou investimentos para instalar uma f\u00e1brica de equipamentos de imagem em Santa Catarina.<\/p>\n<p><strong>Durante a reuni\u00e3o com a Mindray, maior fabricante chinesa de equipamentos m\u00e9dicos, foram discutidas oportunidades de oferta de equipamentos hospitalares, integra\u00e7\u00e3o de plataformas digitais e desenvolvimento de unidades de terapia intensiva (UTIs) baseadas em intelig\u00eancia artificial.<\/strong><\/p>\n<blockquote>\n<p>\u201cA empresa atua no Brasil h\u00e1 mais de 19 anos, atende mais de 6 mil institui\u00e7\u00f5es de sa\u00fade e possui 353 equipamentos registrados na Ag\u00eancia Nacional de Vigil\u00e2ncia Sanit\u00e1ria (Anvisa)\u201d, informou o minist\u00e9rio.<\/p>\n<\/blockquote>\n<p>As discuss\u00f5es tamb\u00e9m envolveram parcerias de desenvolvimento produtivo (PDPs) com institui\u00e7\u00f5es p\u00fablicas brasileiras, com foco em pesquisa, inova\u00e7\u00e3o e transfer\u00eancia de tecnologia para produ\u00e7\u00e3o local de equipamentos m\u00e9dicos.<\/p>\n<p>Ainda segundo a pasta, Padilha tamb\u00e9m participou de reuni\u00f5es com a Huawei para discutir infraestrutura digital, sistemas de nuvem e conectividade em sa\u00fade, tecnologias avaliadas como essenciais para viabilizar a opera\u00e7\u00e3o da nova rede de servi\u00e7os inteligentes do SUS.<\/p>\n<blockquote>\n<p>\u201cA coopera\u00e7\u00e3o pode contribuir para integrar dados cl\u00ednicos, melhorar a gest\u00e3o hospitalar e ampliar o uso de intelig\u00eancia artificial na organiza\u00e7\u00e3o da rede assistencial, al\u00e9m de apoiar projetos de digitaliza\u00e7\u00e3o da sa\u00fade p\u00fablica brasileira.\u201d<\/p>\n<\/blockquote>\n<p>      <!-- Relacionada --><br \/>\n            <!-- Relacionada -->\n    <\/div>\n<p><br \/>\n<br \/>Fonte: <a href=\"https:\/\/agenciabrasil.ebc.com.br\/saude\/noticia\/2026-03\/saude-busca-aliancas-para-impulsionar-servicos-inteligentes-do-sus\">Ag\u00eancia Brasil<\/a><\/p>\n","protected":false},"excerpt":{"rendered":"<p>O ministro da Sa\u00fade, Alexandre Padilha, se reuniu com executivos de tr\u00eas empresas globais de tecnologia em sa\u00fade e infraestrutura digital na cidade de em Shenzhen, na China. Em nota, a pasta informou que o objetivo dos encontros \u00e9 uma agenda estrat\u00e9gica de coopera\u00e7\u00e3o tecnol\u00f3gica no pa\u00eds asi\u00e1tico com foco na moderniza\u00e7\u00e3o do Sistema \u00danico [&hellip;]<\/p>\n","protected":false},"author":5,"featured_media":67666,"comment_status":"open","ping_status":"open","sticky":false,"template":"","format":"standard","meta":{"_seopress_robots_primary_cat":"","_seopress_titles_title":"","_seopress_titles_desc":"","_seopress_robots_index":"","footnotes":""},"categories":[46],"tags":[],"class_list":["post-67665","post","type-post","status-publish","format-standard","has-post-thumbnail","hentry","category-saude"],"_links":{"self":[{"href":"https:\/\/mussicom.com\/noticias\/wp-json\/wp\/v2\/posts\/67665","targetHints":{"allow":["GET"]}}],"collection":[{"href":"https:\/\/mussicom.com\/noticias\/wp-json\/wp\/v2\/posts"}],"about":[{"href":"https:\/\/mussicom.com\/noticias\/wp-json\/wp\/v2\/types\/post"}],"author":[{"embeddable":true,"href":"https:\/\/mussicom.com\/noticias\/wp-json\/wp\/v2\/users\/5"}],"replies":[{"embeddable":true,"href":"https:\/\/mussicom.com\/noticias\/wp-json\/wp\/v2\/comments?post=67665"}],"version-history":[{"count":0,"href":"https:\/\/mussicom.com\/noticias\/wp-json\/wp\/v2\/posts\/67665\/revisions"}],"wp:featuredmedia":[{"embeddable":true,"href":"https:\/\/mussicom.com\/noticias\/wp-json\/wp\/v2\/media\/67666"}],"wp:attachment":[{"href":"https:\/\/mussicom.com\/noticias\/wp-json\/wp\/v2\/media?parent=67665"}],"wp:term":[{"taxonomy":"category","embeddable":true,"href":"https:\/\/mussicom.com\/noticias\/wp-json\/wp\/v2\/categories?post=67665"},{"taxonomy":"post_tag","embeddable":true,"href":"https:\/\/mussicom.com\/noticias\/wp-json\/wp\/v2\/tags?post=67665"}],"curies":[{"name":"wp","href":"https:\/\/api.w.org\/{rel}","templated":true}]}}