{"id":67570,"date":"2026-03-12T05:29:17","date_gmt":"2026-03-12T08:29:17","guid":{"rendered":"https:\/\/mussicom.com\/gabriel-brazao-completa-100-jogos-pelo-santos\/"},"modified":"2026-03-12T05:29:17","modified_gmt":"2026-03-12T08:29:17","slug":"gabriel-brazao-completa-100-jogos-pelo-santos","status":"publish","type":"post","link":"https:\/\/mussicom.com\/noticias\/gabriel-brazao-completa-100-jogos-pelo-santos\/","title":{"rendered":"Gabriel Braz\u00e3o completa 100 jogos pelo Santos"},"content":{"rendered":"<p> <br \/>\n<\/p>\n<div>\n<div id=\"attachment_180369\" style=\"width: 1018px\" class=\"wp-caption aligncenter\"><img alt=\"\" fetchpriority=\"high\" fetchpriority=\"high\" decoding=\"async\" aria-describedby=\"caption-attachment-180369\" class=\" wp-image-180369\" src=\"https:\/\/www.diariodopeixe.com.br\/wp-content\/uploads\/2026\/03\/55141436383_e745f2b528_o-240x300.jpg\" alt=\"\" width=\"1008\" height=\"1260\" srcset=\"https:\/\/www.diariodopeixe.com.br\/wp-content\/uploads\/2026\/03\/55141436383_e745f2b528_o-200x250.jpg 200w, https:\/\/www.diariodopeixe.com.br\/wp-content\/uploads\/2026\/03\/55141436383_e745f2b528_o-240x300.jpg 240w, https:\/\/www.diariodopeixe.com.br\/wp-content\/uploads\/2026\/03\/55141436383_e745f2b528_o-400x500.jpg 400w, https:\/\/www.diariodopeixe.com.br\/wp-content\/uploads\/2026\/03\/55141436383_e745f2b528_o-600x750.jpg 600w, https:\/\/www.diariodopeixe.com.br\/wp-content\/uploads\/2026\/03\/55141436383_e745f2b528_o-768x960.jpg 768w, https:\/\/www.diariodopeixe.com.br\/wp-content\/uploads\/2026\/03\/55141436383_e745f2b528_o-800x1000.jpg 800w, https:\/\/www.diariodopeixe.com.br\/wp-content\/uploads\/2026\/03\/55141436383_e745f2b528_o-819x1024.jpg 819w, https:\/\/www.diariodopeixe.com.br\/wp-content\/uploads\/2026\/03\/55141436383_e745f2b528_o-1200x1500.jpg 1200w, https:\/\/www.diariodopeixe.com.br\/wp-content\/uploads\/2026\/03\/55141436383_e745f2b528_o-1229x1536.jpg 1229w, https:\/\/www.diariodopeixe.com.br\/wp-content\/uploads\/2026\/03\/55141436383_e745f2b528_o-1638x2048.jpg 1638w\" sizes=\"(max-width: 1008px) 100vw, 1008px\"\/><\/p>\n<p id=\"caption-attachment-180369\" class=\"wp-caption-text\">Braz\u00e3o completou 100 jogos pelo Santos (Cr\u00e9dito: Raul Baretta\/Santos FC)<\/p>\n<\/div>\n<p>O goleiro Gabriel Braz\u00e3o completou 100 jogos pelo Santos no empate com o Mirassol em 2 a 2, no Jos\u00e9 Maria de Campos Maia, pela quinta rodada do Brasileir\u00e3o, nesta ter\u00e7a-feira (10). As crian\u00e7as que entraram no jogo ao lado dos jogadores estavam com luvas de goleiros e entraram com uma camisa personalizada sobre o arqueiro.<\/p>\n<p>\u201c\u00c9 uma marca que eu considero muito e sou grato por ter feito meu cent\u00e9simo jogo com a camisa do Santos. Conseguimos o empate, dif\u00edcil jogar no Mai\u00e3o e esse ponto tem que ser valorizado. Bom que os 100 jogos n\u00e3o teve derrota\u201d, afirmou ao De Olho no Peixe.<\/p>\n<div id=\"attachment_180371\" style=\"width: 557px\" class=\"wp-caption aligncenter\"><img alt=\"\" decoding=\"async\" aria-describedby=\"caption-attachment-180371\" class=\"wp-image-180371\" alt=\"\" width=\"547\" height=\"684\" srcset=\"https:\/\/www.diariodopeixe.com.br\/wp-content\/uploads\/2026\/03\/55141646520_0841b828e4_o-200x250.jpg 200w, https:\/\/www.diariodopeixe.com.br\/wp-content\/uploads\/2026\/03\/55141646520_0841b828e4_o-240x300.jpg 240w, https:\/\/www.diariodopeixe.com.br\/wp-content\/uploads\/2026\/03\/55141646520_0841b828e4_o-400x500.jpg 400w, https:\/\/www.diariodopeixe.com.br\/wp-content\/uploads\/2026\/03\/55141646520_0841b828e4_o-600x750.jpg 600w, https:\/\/www.diariodopeixe.com.br\/wp-content\/uploads\/2026\/03\/55141646520_0841b828e4_o-768x960.jpg 768w, https:\/\/www.diariodopeixe.com.br\/wp-content\/uploads\/2026\/03\/55141646520_0841b828e4_o-800x1000.jpg 800w, https:\/\/www.diariodopeixe.com.br\/wp-content\/uploads\/2026\/03\/55141646520_0841b828e4_o-819x1024.jpg 819w, https:\/\/www.diariodopeixe.com.br\/wp-content\/uploads\/2026\/03\/55141646520_0841b828e4_o-1200x1500.jpg 1200w, https:\/\/www.diariodopeixe.com.br\/wp-content\/uploads\/2026\/03\/55141646520_0841b828e4_o-1229x1536.jpg 1229w, https:\/\/www.diariodopeixe.com.br\/wp-content\/uploads\/2026\/03\/55141646520_0841b828e4_o-1638x2048.jpg 1638w\" data-lazy-sizes=\"(max-width: 547px) 100vw, 547px\" src=\"https:\/\/www.diariodopeixe.com.br\/wp-content\/uploads\/2026\/03\/55141646520_0841b828e4_o-240x300.jpg\"\/><img alt=\"\" decoding=\"async\" aria-describedby=\"caption-attachment-180371\" class=\"wp-image-180371\" src=\"https:\/\/www.diariodopeixe.com.br\/wp-content\/uploads\/2026\/03\/55141646520_0841b828e4_o-240x300.jpg\" alt=\"\" width=\"547\" height=\"684\" srcset=\"https:\/\/www.diariodopeixe.com.br\/wp-content\/uploads\/2026\/03\/55141646520_0841b828e4_o-200x250.jpg 200w, https:\/\/www.diariodopeixe.com.br\/wp-content\/uploads\/2026\/03\/55141646520_0841b828e4_o-240x300.jpg 240w, https:\/\/www.diariodopeixe.com.br\/wp-content\/uploads\/2026\/03\/55141646520_0841b828e4_o-400x500.jpg 400w, https:\/\/www.diariodopeixe.com.br\/wp-content\/uploads\/2026\/03\/55141646520_0841b828e4_o-600x750.jpg 600w, https:\/\/www.diariodopeixe.com.br\/wp-content\/uploads\/2026\/03\/55141646520_0841b828e4_o-768x960.jpg 768w, https:\/\/www.diariodopeixe.com.br\/wp-content\/uploads\/2026\/03\/55141646520_0841b828e4_o-800x1000.jpg 800w, https:\/\/www.diariodopeixe.com.br\/wp-content\/uploads\/2026\/03\/55141646520_0841b828e4_o-819x1024.jpg 819w, https:\/\/www.diariodopeixe.com.br\/wp-content\/uploads\/2026\/03\/55141646520_0841b828e4_o-1200x1500.jpg 1200w, https:\/\/www.diariodopeixe.com.br\/wp-content\/uploads\/2026\/03\/55141646520_0841b828e4_o-1229x1536.jpg 1229w, https:\/\/www.diariodopeixe.com.br\/wp-content\/uploads\/2026\/03\/55141646520_0841b828e4_o-1638x2048.jpg 1638w\" sizes=\"(max-width: 547px) 100vw, 547px\"\/><\/p>\n<p id=\"caption-attachment-180371\" class=\"wp-caption-text\">Camisa personalizada que as crian\u00e7as entraram (Cr\u00e9dito: Raul Baretta\/Santos FC)<\/p>\n<\/div>\n<p>Com a camisa 77, ele \u00e9 o titular absoluto na posi\u00e7\u00e3o h\u00e1 dois anos. Ele j\u00e1 teve sondagens de Flamengo, times da Inglaterra e do Be\u015fikta\u015f\u00a0 (Turquia) e escolheu permanecer no clube. Braz\u00e3o inclusive \u00e9 bem observado e ter\u00e1 Taffarel observando o jogador na pr\u00f3xima rodada contra o Corinthians no domingo (15), \u00e0s 16 horas, na Vila Belmiro, pela sexta rodada do Brasileir\u00e3o. Neste ano, foi titular nos cinco jogos disputados pelo Brasileiro e nos nove pelo Paulist\u00e3o.<\/p>\n<p>Contratado pelo Alvinegro em fevereiro de 2024, ele estreou pelo clube na les\u00e3o de Jo\u00e3o Paulo, no tend\u00e3o de Aquiles, na derrota para o Am\u00e9rica-MG por 2 a 1, no Independ\u00eancia, no dia 24 de maio naquele ano, pela S\u00e9rie B. Depois disso, nunca mais perdeu a posi\u00e7\u00e3o. Ainda naquele ano, foram 31 partidas pela segunda divis\u00e3o do Brasileiro.<\/p>\n<p>J\u00e1 no ano passado, atuou nas 38 rodadas do Brasileiro, em 13 partidas pelo Paulista, dois duelos pela Copa do Brasil e mais dois amistosos. Ou seja, um total agora de 100 confrontos pelo Santos em que ele possui contrato at\u00e9 dezembro de 2028.<\/p>\n<p><strong>HIST\u00d3RICO<\/strong><\/p>\n<p>Natural de Uberl\u00e2ndia (Minas Gerais), o jogador de 25 anos foi revelado nas categorias de base do Cruzeiro, mas n\u00e3o estreou no profissional do clube. Ele chamou a aten\u00e7\u00e3o do futebol italiano e acabou sendo comprado pelo Parma em 2019. Na It\u00e1lia, tamb\u00e9m teve passagens por Spal, Inter de Mil\u00e3o e Ternara. Na Europa, Braz\u00e3o tamb\u00e9m passou pela Espanha, onde defendeu as cores de Albacete e Oviedo.<\/p>\n<p>Al\u00e9m disso, o goleiro foi figura constante em convoca\u00e7\u00f5es da Sele\u00e7\u00e3o Brasileira Sub-17 e Sub-20, tendo at\u00e9 uma pela equipe principal, em 2018. Ap\u00f3s rescindir com a Inter de Mil\u00e3o. o Alvinegro investiu em 30% dos direitos econ\u00f4micos do arqueiro.<\/p>\n<\/p><\/div>\n<p><br \/>\n<br \/>Fonte: <a href=\"https:\/\/www.diariodopeixe.com.br\/noticias\/gabriel-brazao-completa-100-jogos-pelo-santos\/\">Di\u00e1rio do Peixe<\/a><\/p>\n","protected":false},"excerpt":{"rendered":"<p>Braz\u00e3o completou 100 jogos pelo Santos (Cr\u00e9dito: Raul Baretta\/Santos FC) O goleiro Gabriel Braz\u00e3o completou 100 jogos pelo Santos no empate com o Mirassol em 2 a 2, no Jos\u00e9 Maria de Campos Maia, pela quinta rodada do Brasileir\u00e3o, nesta ter\u00e7a-feira (10). As crian\u00e7as que entraram no jogo ao lado dos jogadores estavam com luvas [&hellip;]<\/p>\n","protected":false},"author":5,"featured_media":67571,"comment_status":"open","ping_status":"open","sticky":false,"template":"","format":"standard","meta":{"_seopress_robots_primary_cat":"","_seopress_titles_title":"","_seopress_titles_desc":"","_seopress_robots_index":"","footnotes":""},"categories":[55],"tags":[],"class_list":["post-67570","post","type-post","status-publish","format-standard","has-post-thumbnail","hentry","category-santos-fc"],"_links":{"self":[{"href":"https:\/\/mussicom.com\/noticias\/wp-json\/wp\/v2\/posts\/67570","targetHints":{"allow":["GET"]}}],"collection":[{"href":"https:\/\/mussicom.com\/noticias\/wp-json\/wp\/v2\/posts"}],"about":[{"href":"https:\/\/mussicom.com\/noticias\/wp-json\/wp\/v2\/types\/post"}],"author":[{"embeddable":true,"href":"https:\/\/mussicom.com\/noticias\/wp-json\/wp\/v2\/users\/5"}],"replies":[{"embeddable":true,"href":"https:\/\/mussicom.com\/noticias\/wp-json\/wp\/v2\/comments?post=67570"}],"version-history":[{"count":0,"href":"https:\/\/mussicom.com\/noticias\/wp-json\/wp\/v2\/posts\/67570\/revisions"}],"wp:featuredmedia":[{"embeddable":true,"href":"https:\/\/mussicom.com\/noticias\/wp-json\/wp\/v2\/media\/67571"}],"wp:attachment":[{"href":"https:\/\/mussicom.com\/noticias\/wp-json\/wp\/v2\/media?parent=67570"}],"wp:term":[{"taxonomy":"category","embeddable":true,"href":"https:\/\/mussicom.com\/noticias\/wp-json\/wp\/v2\/categories?post=67570"},{"taxonomy":"post_tag","embeddable":true,"href":"https:\/\/mussicom.com\/noticias\/wp-json\/wp\/v2\/tags?post=67570"}],"curies":[{"name":"wp","href":"https:\/\/api.w.org\/{rel}","templated":true}]}}