{"id":67560,"date":"2026-03-12T03:40:17","date_gmt":"2026-03-12T06:40:17","guid":{"rendered":"https:\/\/mussicom.com\/sicario-de-vorcaro-invadiu-sistema-da-justica-4-meses-antes-de-banqueiro-ser-preso\/"},"modified":"2026-03-12T03:40:17","modified_gmt":"2026-03-12T06:40:17","slug":"sicario-de-vorcaro-invadiu-sistema-da-justica-4-meses-antes-de-banqueiro-ser-preso","status":"publish","type":"post","link":"https:\/\/mussicom.com\/noticias\/sicario-de-vorcaro-invadiu-sistema-da-justica-4-meses-antes-de-banqueiro-ser-preso\/","title":{"rendered":"Sic\u00e1rio de Vorcaro invadiu sistema da Justi\u00e7a 4 meses antes de banqueiro ser preso"},"content":{"rendered":"<p> <br \/>\n<\/p>\n<div id=\"tp-post-content\">\n<p class=\"postParagraph_post-paragraph__juWZN postParagraph_post-paragraph-innerHtml__Q5vwc\">A investiga\u00e7\u00e3o da Pol\u00edcia Federal sobre as supostas fraudes do Banco Master descobriu que o banqueiro Daniel Vorcaro soube das apura\u00e7\u00f5es contra ele e seu conglomerado financeiro pelo menos desde julho do ano passado, quatro meses antes de ser preso pela primeira vez durante a deflagra\u00e7\u00e3o da primeira fase da opera\u00e7\u00e3o Compliance Zero.<\/p>\n<p class=\"postParagraph_post-paragraph__juWZN postParagraph_post-paragraph-innerHtml__Q5vwc\">De acordo com uma apura\u00e7\u00e3o publicada nesta quarta (11) pela <em>Folha de S. Paulo<\/em> e confirmada pela <strong>Gazeta do Povo<\/strong> com fontes a par da investiga\u00e7\u00e3o, um dos aliados de Vorcaro, Luiz Phillipi Machado de Moraes Mour\u00e3o, conhecido como \u201cSic\u00e1rio\u201d, invadiu sistemas da Justi\u00e7a Federal ainda em primeira inst\u00e2ncia e repassou as informa\u00e7\u00f5es a ele. Os dados incluem prints, fotos e documentos em PDR encontrados no aparelho celular do banqueiro apreendido durante a opera\u00e7\u00e3o.<\/p>\n<p class=\"postParagraph_post-paragraph__juWZN postParagraph_post-paragraph-innerHtml__Q5vwc\">H\u00e1 a suspeita de que os acessos clandestinos podem ter come\u00e7ado antes mesmo de julho, mas se intensificaram a partir do momento em que as investiga\u00e7\u00f5es avan\u00e7aram e ganharam corpo. Sic\u00e1rio teria ampliado as invas\u00f5es utilizando senhas oficiais de integrantes da Procuradoria-Geral da Rep\u00fablica (PGR) e burlado sistemas de seguran\u00e7a.<\/p>\n<p class=\"postParagraph_post-paragraph__juWZN postParagraph_post-paragraph-innerHtml__Q5vwc\">A <strong>Gazeta do Povo <\/strong>procurou a PGR para se manifestar sobre a apura\u00e7\u00e3o e aguarda retorno. A defesa de Vorcaro afirmou que n\u00e3o comentar\u00e1 detalhes sobre \u201cconte\u00fados que decorrem de vazamentos ilegais de material sigiloso\u201d (veja na \u00edntegra mais abaixo).<\/p>\n<div class=\"postViewMore_post-view-more-container___5wai\" data-mrf-recirculation=\"Post - Veja tamb\u00e9m\">\n<p class=\"gp-styles-module-size-small-afeYRa gp-styles-module-font-family2-afeYRa gp-styles-module-color-secondary-afeYRa gp-styles-module-weight-bold-afeYRa\">VEJA TAMB\u00c9M:<\/p>\n<ul class=\"postViewMore_post-view-more-list__CU_CE\">\n<li class=\"postViewMore_post-view-more-item__2MzRb\">\n<div class=\"postViewMore_post-view-more-image__5gUSe\"><picture class=\"imageDefault_image-container__XGd8_\"><\/picture><\/div>\n<p>Caso Master impulsiona o debate no Congresso de projetos para reformar o STF<\/li>\n<\/ul>\n<\/div>\n<p class=\"postParagraph_post-paragraph__juWZN postParagraph_post-paragraph-innerHtml__Q5vwc\">Segundo a investiga\u00e7\u00e3o, Vorcaro tamb\u00e9m teve acesso a informa\u00e7\u00f5es sobre apura\u00e7\u00f5es do Banco Central relacionadas ao Banco Master, que levaram \u00e0 liquida\u00e7\u00e3o do conglomerado no mesmo dia em que foi preso pela primeira vez. Esses registros refor\u00e7aram a tese de que havia um esquema organizado para obter material sigiloso de \u00f3rg\u00e3os p\u00fablicos atrav\u00e9s do que o ministro Andr\u00e9 Mendon\u00e7a, do Supremo Tribunal Federal (STF), classificou como uma \u201cmil\u00edcia privada\u201d chamada de \u201cA Turma\u201d.<\/p>\n<p class=\"postParagraph_post-paragraph__juWZN postParagraph_post-paragraph-innerHtml__Q5vwc\">A exist\u00eancia dessa estrutura clandestina de monitoramento, incluindo de desafetos de Vorcaro, foi um dos principais fatores que levaram Mendon\u00e7a a decretar pris\u00f5es preventivas na semana passada. Al\u00e9m do banqueiro e de Sic\u00e1rio, que cometeu suic\u00eddio na pris\u00e3o, um policial federal aposentado tamb\u00e9m foi preso.<\/p>\n<p class=\"postParagraph_post-paragraph__juWZN postParagraph_post-paragraph-innerHtml__Q5vwc\">Em nota, a defesa de Daniel Vorcaro afirmou que o vazamento de informa\u00e7\u00f5es j\u00e1 est\u00e1 em an\u00e1lise pelo STF e que \u201cqualquer manifesta\u00e7\u00e3o sobre informa\u00e7\u00f5es obtidas dessa forma apenas refor\u00e7aria a dissemina\u00e7\u00e3o de conte\u00fados cuja divulga\u00e7\u00e3o \u00e9, em si, objeto de apura\u00e7\u00e3o\u201d.<\/p>\n<p class=\"postParagraph_post-paragraph__juWZN postParagraph_post-paragraph-innerHtml__Q5vwc\">O banqueiro foi preso pela primeira vez em novembro do ano passado no Aeroporto Internacional de S\u00e3o Paulo, em Guarulhos, quando tentava viajar para o exterior supostamente para negociar a venda de parte do Banco Master a investidores \u00e1rabes. A Pol\u00edcia Federal, no entanto, acredita que ele pretendia deixar o pa\u00eds para escapar da opera\u00e7\u00e3o.<\/p>\n<h2 class=\"postParagraph_post-paragraph__juWZN postParagraph_post-paragraph-innerHtml__Q5vwc postParagraph_type-tag-h2__TtFkT\">Mendon\u00e7a criticou PGR<\/h2>\n<p class=\"postParagraph_post-paragraph__juWZN postParagraph_post-paragraph-innerHtml__Q5vwc\">A decis\u00e3o de Mendon\u00e7a, que levou \u00e0 terceira fase da opera\u00e7\u00e3o Compliance Zero e que resultou na segunda pris\u00e3o de Vorcaro, tamb\u00e9m criticou o pedido da PGR por mais prazo para analisar o caso antes de se manifestar sobre os mandados. O ministro afirmou que a urg\u00eancia das medidas estava clara nos elementos apresentados pela Pol\u00edcia Federal.<\/p>\n<p class=\"postParagraph_post-paragraph__juWZN postParagraph_post-paragraph-innerHtml__Q5vwc\">\u201cLamenta-se porque, as evid\u00eancias dos il\u00edcitos e a urg\u00eancia para ado\u00e7\u00e3o das medidas requeridas est\u00e3o fartamente reveladas na representa\u00e7\u00e3o da Pol\u00edcia Federal e no curso desta decis\u00e3o\u201d, escreveu Mendon\u00e7a ao justificar a autoriza\u00e7\u00e3o das pris\u00f5es e das buscas.<\/p>\n<p class=\"postParagraph_post-paragraph__juWZN postParagraph_post-paragraph-innerHtml__Q5vwc\">Ele emendou afirmando haver \u201crisco concreto de destrui\u00e7\u00e3o de provas, pois os investigados demonstraram possuir meios de acesso a documentos sens\u00edveis e a sistemas estatais\u201d. A investiga\u00e7\u00e3o apontou que o grupo de Vorcaro conseguiu acessar dados at\u00e9 mesmo de \u00f3rg\u00e3os internacionais, como a Interpol.<\/p>\n<p class=\"postParagraph_post-paragraph__juWZN postParagraph_post-paragraph-innerHtml__Q5vwc\">As informa\u00e7\u00f5es sobre os vazamentos tamb\u00e9m levantaram questionamentos sobre o tempo de an\u00e1lise do pedido de pris\u00e3o feito pela Pol\u00edcia Federal. Isso porque a PGR j\u00e1 havia sido alertada anteriormente sobre a possibilidade de invas\u00f5es aos sistemas da investiga\u00e7\u00e3o.<\/p>\n<h2 class=\"postParagraph_post-paragraph__juWZN postParagraph_post-paragraph-innerHtml__Q5vwc postParagraph_type-tag-h2__TtFkT\">O que dizem os citados<\/h2>\n<p class=\"postParagraph_post-paragraph__juWZN postParagraph_post-paragraph-innerHtml__Q5vwc\">Veja abaixo a nota na \u00edntegra da <strong>defesa de Daniel Vorcaro<\/strong> sobre a investiga\u00e7\u00e3o que apontou a suposta invas\u00e3o de sistemas da Justi\u00e7a:<\/p>\n<p class=\"postParagraph_post-paragraph__juWZN postParagraph_post-paragraph-innerHtml__Q5vwc\"><em>A defesa entende que n\u00e3o cabe comentar conte\u00fados que decorrem de vazamentos ilegais de material sigiloso. Trata-se, inclusive, de fatos que j\u00e1 s\u00e3o objeto de investiga\u00e7\u00e3o criminal determinada pelo ministro Andr\u00e9 Mendon\u00e7a no Supremo Tribunal Federal. <\/em><\/p>\n<p class=\"postParagraph_post-paragraph__juWZN postParagraph_post-paragraph-innerHtml__Q5vwc\"><em>Qualquer manifesta\u00e7\u00e3o sobre informa\u00e7\u00f5es obtidas dessa forma apenas refor\u00e7aria a dissemina\u00e7\u00e3o de conte\u00fados cuja divulga\u00e7\u00e3o \u00e9, em si, objeto de apura\u00e7\u00e3o<\/em><\/p>\n<\/div>\n<p><br \/>\n<br \/>Fonte: <a href=\"https:\/\/www.gazetadopovo.com.br\/republica\/sicario-vorcaro-invadiu-sistema-justica-4-meses-banqueiro-preso\/\">Revista Oeste<\/a><\/p>\n","protected":false},"excerpt":{"rendered":"<p>A investiga\u00e7\u00e3o da Pol\u00edcia Federal sobre as supostas fraudes do Banco Master descobriu que o banqueiro Daniel Vorcaro soube das apura\u00e7\u00f5es contra ele e seu conglomerado financeiro pelo menos desde julho do ano passado, quatro meses antes de ser preso pela primeira vez durante a deflagra\u00e7\u00e3o da primeira fase da opera\u00e7\u00e3o Compliance Zero. De acordo [&hellip;]<\/p>\n","protected":false},"author":5,"featured_media":67561,"comment_status":"open","ping_status":"open","sticky":false,"template":"","format":"standard","meta":{"_seopress_robots_primary_cat":"","_seopress_titles_title":"","_seopress_titles_desc":"","_seopress_robots_index":"","footnotes":""},"categories":[1],"tags":[],"class_list":["post-67560","post","type-post","status-publish","format-standard","has-post-thumbnail","hentry","category-ultimas-noticias"],"_links":{"self":[{"href":"https:\/\/mussicom.com\/noticias\/wp-json\/wp\/v2\/posts\/67560","targetHints":{"allow":["GET"]}}],"collection":[{"href":"https:\/\/mussicom.com\/noticias\/wp-json\/wp\/v2\/posts"}],"about":[{"href":"https:\/\/mussicom.com\/noticias\/wp-json\/wp\/v2\/types\/post"}],"author":[{"embeddable":true,"href":"https:\/\/mussicom.com\/noticias\/wp-json\/wp\/v2\/users\/5"}],"replies":[{"embeddable":true,"href":"https:\/\/mussicom.com\/noticias\/wp-json\/wp\/v2\/comments?post=67560"}],"version-history":[{"count":0,"href":"https:\/\/mussicom.com\/noticias\/wp-json\/wp\/v2\/posts\/67560\/revisions"}],"wp:featuredmedia":[{"embeddable":true,"href":"https:\/\/mussicom.com\/noticias\/wp-json\/wp\/v2\/media\/67561"}],"wp:attachment":[{"href":"https:\/\/mussicom.com\/noticias\/wp-json\/wp\/v2\/media?parent=67560"}],"wp:term":[{"taxonomy":"category","embeddable":true,"href":"https:\/\/mussicom.com\/noticias\/wp-json\/wp\/v2\/categories?post=67560"},{"taxonomy":"post_tag","embeddable":true,"href":"https:\/\/mussicom.com\/noticias\/wp-json\/wp\/v2\/tags?post=67560"}],"curies":[{"name":"wp","href":"https:\/\/api.w.org\/{rel}","templated":true}]}}