{"id":67550,"date":"2026-03-12T01:51:29","date_gmt":"2026-03-12T04:51:29","guid":{"rendered":"https:\/\/mussicom.com\/silveira-volta-a-sugerir-debate-sobre-uso-nuclear-para-defesa\/"},"modified":"2026-03-12T01:51:29","modified_gmt":"2026-03-12T04:51:29","slug":"silveira-volta-a-sugerir-debate-sobre-uso-nuclear-para-defesa","status":"publish","type":"post","link":"https:\/\/mussicom.com\/noticias\/silveira-volta-a-sugerir-debate-sobre-uso-nuclear-para-defesa\/","title":{"rendered":"Silveira volta a sugerir debate sobre uso nuclear para defesa"},"content":{"rendered":"<p> <br \/>\n<\/p>\n<div id=\"tp-post-content\">\n<p class=\"postParagraph_post-paragraph__juWZN postParagraph_post-paragraph-innerHtml__Q5vwc\">O ministro de Minas e Energia, Alexandre Silveira, voltou a defender a amplia\u00e7\u00e3o do debate sobre o uso da energia nuclear para fins de defesa no Brasil e sugeriu a possibilidade de mudan\u00e7as na Constitui\u00e7\u00e3o Federal de 1988 para permitir essa discuss\u00e3o.<\/p>\n<p class=\"postParagraph_post-paragraph__juWZN postParagraph_post-paragraph-innerHtml__Q5vwc\">A declara\u00e7\u00e3o foi feita nesta quarta-feira (11) durante audi\u00eancia da Comiss\u00e3o de Minas e Energia na C\u00e2mara dos Deputados. Ao comentar o potencial nuclear brasileiro, o ministro afirmou compreender o contexto em que a Constitui\u00e7\u00e3o limitou o uso da tecnologia ao campo pac\u00edfico, mas disse considerar necess\u00e1rio revisitar o tema diante do cen\u00e1rio internacional atual.<\/p>\n<p class=\"postParagraph_post-paragraph__juWZN postParagraph_post-paragraph-innerHtml__Q5vwc\">\u201cEu at\u00e9 compreendo o Constituinte de 88, naquele momento, que j\u00e1 n\u00e3o \u00e9 o mesmo momento de outro, entendeu que o Brasil deveria utilizar o seu potencial nuclear apenas para a gera\u00e7\u00e3o de energia. Eu divirjo hoje, no mundo em que vivemos, desse ponto de vista\u201d, afirmou.<\/p>\n<p class=\"postParagraph_post-paragraph__juWZN postParagraph_post-paragraph-innerHtml__Q5vwc\">Segundo o ministro, o pa\u00eds deveria avan\u00e7ar no aproveitamento energ\u00e9tico da tecnologia nuclear, mas tamb\u00e9m discutir seu papel na estrat\u00e9gia de defesa nacional.<\/p>\n<p class=\"postParagraph_post-paragraph__juWZN postParagraph_post-paragraph-innerHtml__Q5vwc\">\u201c[O Brasil] tem que ter a coragem de rediscutir, democraticamente, dentro das quatro linhas, junto com as For\u00e7as Armadas, o fortalecimento da nossa defesa nacional, porque um pa\u00eds que tem as riquezas que o Brasil tem n\u00e3o pode ficar sujeito e colocar em risco a sua soberania. Portanto, n\u00f3s temos que ter a coragem de discutir como vamos nos defender na nuclear\u201d, disse.<\/p>\n<p class=\"postParagraph_post-paragraph__juWZN postParagraph_post-paragraph-innerHtml__Q5vwc\">A declara\u00e7\u00e3o surge em meio \u00e0 escalada de tens\u00f5es no Oriente M\u00e9dio com participa\u00e7\u00e3o do Ir\u00e3, pa\u00eds que mant\u00e9m um programa nuclear cercado por suspeitas internacionais de poss\u00edvel aplica\u00e7\u00e3o militar.<\/p>\n<div class=\"postViewMore_post-view-more-container___5wai\" data-mrf-recirculation=\"Post - Veja tamb\u00e9m\">\n<p class=\"gp-styles-module-size-small-afeYRa gp-styles-module-font-family2-afeYRa gp-styles-module-color-secondary-afeYRa gp-styles-module-weight-bold-afeYRa\">VEJA TAMB\u00c9M:<\/p>\n<ul class=\"postViewMore_post-view-more-list__CU_CE\">\n<li class=\"postViewMore_post-view-more-item__2MzRb\"><span class=\"postViewMore_post-view-more-link-icon___stPC\"><svg xmlns=\"http:\/\/www.w3.org\/2000\/svg\" width=\"16\" height=\"16\" viewbox=\"0 0 16 16\"><rect width=\"16\" height=\"16\" fill=\"none\"\/><g transform=\"translate(3 3)\"><path d=\"M22.5,15l3.4,3.4-3.4,3.4\" transform=\"translate(-15.896 -11.793)\" fill=\"none\" stroke=\"#717171\" stroke-linecap=\"round\" stroke-width=\"1.4\"\/><path d=\"M6,6v4.2a2.452,2.452,0,0,0,2.5,2.4H16\" transform=\"translate(-6 -6)\" fill=\"none\" stroke=\"#717171\" stroke-linecap=\"round\" stroke-width=\"1.4\"\/><\/g><\/svg><\/span><span class=\"postViewMore_post-view-more-link-text__hO_kM\">Ministro afirma que Brasil pode precisar de armas nucleares para defesa<\/span><\/li>\n<li class=\"postViewMore_post-view-more-item__2MzRb\"><span class=\"postViewMore_post-view-more-link-icon___stPC\"><svg xmlns=\"http:\/\/www.w3.org\/2000\/svg\" width=\"16\" height=\"16\" viewbox=\"0 0 16 16\"><rect width=\"16\" height=\"16\" fill=\"none\"\/><g transform=\"translate(3 3)\"><path d=\"M22.5,15l3.4,3.4-3.4,3.4\" transform=\"translate(-15.896 -11.793)\" fill=\"none\" stroke=\"#717171\" stroke-linecap=\"round\" stroke-width=\"1.4\"\/><path d=\"M6,6v4.2a2.452,2.452,0,0,0,2.5,2.4H16\" transform=\"translate(-6 -6)\" fill=\"none\" stroke=\"#717171\" stroke-linecap=\"round\" stroke-width=\"1.4\"\/><\/g><\/svg><\/span><span class=\"postViewMore_post-view-more-link-text__hO_kM\">Silveira recua e afasta possibilidade de uso militar da energia nuclear<\/span><\/li>\n<\/ul>\n<\/div>\n<h2 class=\"postParagraph_post-paragraph__juWZN postParagraph_post-paragraph-innerHtml__Q5vwc postParagraph_type-tag-h2__TtFkT\">Declara\u00e7\u00e3o retoma debate j\u00e1 levantado pelo ministro<\/h2>\n<p class=\"postParagraph_post-paragraph__juWZN postParagraph_post-paragraph-innerHtml__Q5vwc\">N\u00e3o \u00e9 a primeira vez que Silveira levanta o tema. Em 2025, o ministro j\u00e1 havia defendido a abertura de um debate sobre o uso da tecnologia nuclear para fins militares, argumentando que o Brasil deveria discutir formas de garantir sua soberania diante das transforma\u00e7\u00f5es no cen\u00e1rio geopol\u00edtico internacional.<\/p>\n<p class=\"postParagraph_post-paragraph__juWZN postParagraph_post-paragraph-innerHtml__Q5vwc\">\u00c0 \u00e9poca, a fala gerou rea\u00e7\u00e3o no governo e no meio diplom\u00e1tico, j\u00e1 que a Constitui\u00e7\u00e3o brasileira determina que a atividade nuclear no pa\u00eds deve ter apenas fins pac\u00edficos.<\/p>\n<p class=\"postParagraph_post-paragraph__juWZN postParagraph_post-paragraph-innerHtml__Q5vwc\">Ap\u00f3s a repercuss\u00e3o negativa, o pr\u00f3prio ministro recuou parcialmente e afirmou que n\u00e3o defendia a produ\u00e7\u00e3o de armas nucleares pelo Brasil, mas apenas a amplia\u00e7\u00e3o do debate sobre o papel da tecnologia nuclear na defesa nacional.<\/p>\n<p class=\"postParagraph_post-paragraph__juWZN postParagraph_post-paragraph-innerHtml__Q5vwc\">A Constitui\u00e7\u00e3o estabelece que toda atividade nuclear em territ\u00f3rio brasileiro deve ser destinada exclusivamente a fins pac\u00edficos, princ\u00edpio que orienta tamb\u00e9m compromissos internacionais assumidos pelo pa\u00eds na \u00e1rea de n\u00e3o prolifera\u00e7\u00e3o nuclear.<\/p>\n<\/div>\n<p><br \/>\n<br \/>Fonte: <a href=\"https:\/\/www.gazetadopovo.com.br\/republica\/silveira-volta-a-defender-debate-sobre-uso-nuclear-na-defesa-e-sugere-rever-constituicao\/\">Revista Oeste<\/a><\/p>\n","protected":false},"excerpt":{"rendered":"<p>O ministro de Minas e Energia, Alexandre Silveira, voltou a defender a amplia\u00e7\u00e3o do debate sobre o uso da energia nuclear para fins de defesa no Brasil e sugeriu a possibilidade de mudan\u00e7as na Constitui\u00e7\u00e3o Federal de 1988 para permitir essa discuss\u00e3o. A declara\u00e7\u00e3o foi feita nesta quarta-feira (11) durante audi\u00eancia da Comiss\u00e3o de Minas [&hellip;]<\/p>\n","protected":false},"author":5,"featured_media":67551,"comment_status":"open","ping_status":"open","sticky":false,"template":"","format":"standard","meta":{"_seopress_robots_primary_cat":"","_seopress_titles_title":"","_seopress_titles_desc":"","_seopress_robots_index":"","footnotes":""},"categories":[1],"tags":[],"class_list":["post-67550","post","type-post","status-publish","format-standard","has-post-thumbnail","hentry","category-ultimas-noticias"],"_links":{"self":[{"href":"https:\/\/mussicom.com\/noticias\/wp-json\/wp\/v2\/posts\/67550","targetHints":{"allow":["GET"]}}],"collection":[{"href":"https:\/\/mussicom.com\/noticias\/wp-json\/wp\/v2\/posts"}],"about":[{"href":"https:\/\/mussicom.com\/noticias\/wp-json\/wp\/v2\/types\/post"}],"author":[{"embeddable":true,"href":"https:\/\/mussicom.com\/noticias\/wp-json\/wp\/v2\/users\/5"}],"replies":[{"embeddable":true,"href":"https:\/\/mussicom.com\/noticias\/wp-json\/wp\/v2\/comments?post=67550"}],"version-history":[{"count":0,"href":"https:\/\/mussicom.com\/noticias\/wp-json\/wp\/v2\/posts\/67550\/revisions"}],"wp:featuredmedia":[{"embeddable":true,"href":"https:\/\/mussicom.com\/noticias\/wp-json\/wp\/v2\/media\/67551"}],"wp:attachment":[{"href":"https:\/\/mussicom.com\/noticias\/wp-json\/wp\/v2\/media?parent=67550"}],"wp:term":[{"taxonomy":"category","embeddable":true,"href":"https:\/\/mussicom.com\/noticias\/wp-json\/wp\/v2\/categories?post=67550"},{"taxonomy":"post_tag","embeddable":true,"href":"https:\/\/mussicom.com\/noticias\/wp-json\/wp\/v2\/tags?post=67550"}],"curies":[{"name":"wp","href":"https:\/\/api.w.org\/{rel}","templated":true}]}}