{"id":67541,"date":"2026-03-12T00:50:22","date_gmt":"2026-03-12T03:50:22","guid":{"rendered":"https:\/\/mussicom.com\/acm-neto-confirma-ter-recebido-r-36-mi-do-master-e-da-reag\/"},"modified":"2026-03-12T00:50:22","modified_gmt":"2026-03-12T03:50:22","slug":"acm-neto-confirma-ter-recebido-r-36-mi-do-master-e-da-reag","status":"publish","type":"post","link":"https:\/\/mussicom.com\/noticias\/acm-neto-confirma-ter-recebido-r-36-mi-do-master-e-da-reag\/","title":{"rendered":"ACM Neto confirma ter recebido R$ 3,6 mi do Master e da Reag"},"content":{"rendered":"<p> <br \/>\n<\/p>\n<div id=\"tp-post-content\">\n<p class=\"postParagraph_post-paragraph__juWZN postParagraph_post-paragraph-innerHtml__Q5vwc\">Uma empresa em nome do vice-presidente do Uni\u00e3o Brasil, ACM Neto, recebeu R$ 3,6 milh\u00f5es do\u00a0Banco Master, que pertence ao banqueiro Daniel Vorcaro, e da gestora de recursos Reag, tamb\u00e9m envolvida no esc\u00e2ndalo financeiro, segundo informa\u00e7\u00f5es banc\u00e1rias registradas no Conselho de Controle de Atividades Financeiras (Coaf) e divulgadas nesta quarta-feira pelo jornal <em>O Globo<\/em>. ACM Neto confirmou em nota ter recebido os valores (leia mais abaixo).<\/p>\n<p class=\"postParagraph_post-paragraph__juWZN postParagraph_post-paragraph-innerHtml__Q5vwc\">Os recursos foram transferidos ao ex-prefeito de Salvador entre o fim das elei\u00e7\u00f5es de 2022 e maio de 2024, a t\u00edtulo de remunera\u00e7\u00e3o por servi\u00e7os de consultoria. ACM Neto declarou ter recebido o dinheiro quando j\u00e1 n\u00e3o exercia fun\u00e7\u00f5es p\u00fablicas. Ele citou a realiza\u00e7\u00e3o de diversas reuni\u00f5es como prova de que os servi\u00e7os contratados foram realizados.<\/p>\n<div class=\"postViewMore_post-view-more-container___5wai\" data-mrf-recirculation=\"Post - Veja tamb\u00e9m\">\n<p class=\"gp-styles-module-size-small-afeYRa gp-styles-module-font-family2-afeYRa gp-styles-module-color-secondary-afeYRa gp-styles-module-weight-bold-afeYRa\">VEJA TAMB\u00c9M:<\/p>\n<ul class=\"postViewMore_post-view-more-list__CU_CE\">\n<li class=\"postViewMore_post-view-more-item__2MzRb\"><span class=\"postViewMore_post-view-more-link-icon___stPC\"><svg xmlns=\"http:\/\/www.w3.org\/2000\/svg\" width=\"16\" height=\"16\" viewbox=\"0 0 16 16\"><rect width=\"16\" height=\"16\" fill=\"none\"\/><g transform=\"translate(3 3)\"><path d=\"M22.5,15l3.4,3.4-3.4,3.4\" transform=\"translate(-15.896 -11.793)\" fill=\"none\" stroke=\"#717171\" stroke-linecap=\"round\" stroke-width=\"1.4\"\/><path d=\"M6,6v4.2a2.452,2.452,0,0,0,2.5,2.4H16\" transform=\"translate(-6 -6)\" fill=\"none\" stroke=\"#717171\" stroke-linecap=\"round\" stroke-width=\"1.4\"\/><\/g><\/svg><\/span><span class=\"postViewMore_post-view-more-link-text__hO_kM\">Dossi\u00ea de Vorcaro atribui fraudes no Master a ex-s\u00f3cios<\/span><\/li>\n<li class=\"postViewMore_post-view-more-item__2MzRb\">\n<div class=\"postViewMore_post-view-more-image__5gUSe\"><picture class=\"imageDefault_image-container__XGd8_\"><\/picture><\/div>\n<p>Quem s\u00e3o os alvos do dossi\u00ea que revela fraudes\u00a0do Master<\/li>\n<\/ul>\n<\/div>\n<p class=\"postParagraph_post-paragraph__juWZN postParagraph_post-paragraph-innerHtml__Q5vwc\">ACM Neto afirmou ainda que n\u00e3o existia, na \u00e9poca dos fatos, nada contra as empresas em quest\u00e3o e criticou a divulga\u00e7\u00e3o de informa\u00e7\u00f5es \u201cseletivas\u201d e \u201cfragmentadas\u201d.<\/p>\n<h2 class=\"postParagraph_post-paragraph__juWZN postParagraph_post-paragraph-innerHtml__Q5vwc postParagraph_type-tag-h2__TtFkT\">Confira na \u00edntegra a nota de ACM:<\/h2>\n<p class=\"postParagraph_post-paragraph__juWZN postParagraph_post-paragraph-innerHtml__Q5vwc\"><em>&#8220;No final do ano de 2022, quando n\u00e3o mais exercia qualquer cargo p\u00fablico, constitu\u00ed a empresa A&amp;M Consultoria LTDA. A partir de ent\u00e3o, prestei servi\u00e7os a alguns clientes, dentre eles o Banco Master e a Reag.<\/em><\/p>\n<p class=\"postParagraph_post-paragraph__juWZN postParagraph_post-paragraph-innerHtml__Q5vwc\"><em>Isto sempre ocorreu com contratos formais, com o devido recolhimento de impostos e trabalhos de consultoria efetivamente executados, notadamente relacionados \u00e0 an\u00e1lise da agenda pol\u00edtico-econ\u00f4mica nacional, e materializados em diversas reuni\u00f5es com o corpo t\u00e9cnico e jur\u00eddico dos contratantes.<\/em><\/p>\n<p class=\"postParagraph_post-paragraph__juWZN postParagraph_post-paragraph-innerHtml__Q5vwc\"><em>Os servi\u00e7os por mim prestados n\u00e3o envolveram qualquer tipo de irregularidade e n\u00e3o t\u00eam correla\u00e7\u00e3o com os temas que se noticia estarem sob investiga\u00e7\u00e3o. Al\u00e9m disso, no per\u00edodo da presta\u00e7\u00e3o de servi\u00e7os, n\u00e3o existia nenhum fato que desabonasse as empresas citadas, sendo ambas atuantes em segmento empresarial rigidamente regulado.<\/em><\/p>\n<p class=\"postParagraph_post-paragraph__juWZN postParagraph_post-paragraph-innerHtml__Q5vwc\"><em>Vale frisar que t\u00e3o logo cessou a presta\u00e7\u00e3o dos servi\u00e7os, os contratos e pagamentos foram finalizados. Estou totalmente seguro em rela\u00e7\u00e3o a estes fatos, haja vista n\u00e3o existir nada de errado.<\/em><\/p>\n<p class=\"postParagraph_post-paragraph__juWZN postParagraph_post-paragraph-innerHtml__Q5vwc\"><em>De todo modo, n\u00e3o posso deixar de registrar o estranhamento que causa o vazamento seletivo e fragmentado de um documento que condensa informa\u00e7\u00f5es protegidas por sigilo banc\u00e1rio e fiscal, ao qual n\u00e3o tive acesso e estou tendo not\u00edcia da exist\u00eancia pela imprensa, raz\u00e3o pela qual sequer posso fazer algum ju\u00edzo acerca da sua corre\u00e7\u00e3o.&#8221;<\/em><\/p>\n<\/div>\n<p><br \/>\n<br \/>Fonte: <a href=\"https:\/\/www.gazetadopovo.com.br\/republica\/acm-neto-confirma-ter-recebido-r-36-milhoes-do-banco-master-e-da-reag\/\">Revista Oeste<\/a><\/p>\n","protected":false},"excerpt":{"rendered":"<p>Uma empresa em nome do vice-presidente do Uni\u00e3o Brasil, ACM Neto, recebeu R$ 3,6 milh\u00f5es do\u00a0Banco Master, que pertence ao banqueiro Daniel Vorcaro, e da gestora de recursos Reag, tamb\u00e9m envolvida no esc\u00e2ndalo financeiro, segundo informa\u00e7\u00f5es banc\u00e1rias registradas no Conselho de Controle de Atividades Financeiras (Coaf) e divulgadas nesta quarta-feira pelo jornal O Globo. ACM [&hellip;]<\/p>\n","protected":false},"author":5,"featured_media":67542,"comment_status":"open","ping_status":"open","sticky":false,"template":"","format":"standard","meta":{"_seopress_robots_primary_cat":"","_seopress_titles_title":"","_seopress_titles_desc":"","_seopress_robots_index":"","footnotes":""},"categories":[1],"tags":[],"class_list":["post-67541","post","type-post","status-publish","format-standard","has-post-thumbnail","hentry","category-ultimas-noticias"],"_links":{"self":[{"href":"https:\/\/mussicom.com\/noticias\/wp-json\/wp\/v2\/posts\/67541","targetHints":{"allow":["GET"]}}],"collection":[{"href":"https:\/\/mussicom.com\/noticias\/wp-json\/wp\/v2\/posts"}],"about":[{"href":"https:\/\/mussicom.com\/noticias\/wp-json\/wp\/v2\/types\/post"}],"author":[{"embeddable":true,"href":"https:\/\/mussicom.com\/noticias\/wp-json\/wp\/v2\/users\/5"}],"replies":[{"embeddable":true,"href":"https:\/\/mussicom.com\/noticias\/wp-json\/wp\/v2\/comments?post=67541"}],"version-history":[{"count":0,"href":"https:\/\/mussicom.com\/noticias\/wp-json\/wp\/v2\/posts\/67541\/revisions"}],"wp:featuredmedia":[{"embeddable":true,"href":"https:\/\/mussicom.com\/noticias\/wp-json\/wp\/v2\/media\/67542"}],"wp:attachment":[{"href":"https:\/\/mussicom.com\/noticias\/wp-json\/wp\/v2\/media?parent=67541"}],"wp:term":[{"taxonomy":"category","embeddable":true,"href":"https:\/\/mussicom.com\/noticias\/wp-json\/wp\/v2\/categories?post=67541"},{"taxonomy":"post_tag","embeddable":true,"href":"https:\/\/mussicom.com\/noticias\/wp-json\/wp\/v2\/tags?post=67541"}],"curies":[{"name":"wp","href":"https:\/\/api.w.org\/{rel}","templated":true}]}}