{"id":67540,"date":"2026-03-12T00:48:14","date_gmt":"2026-03-12T03:48:14","guid":{"rendered":"https:\/\/mussicom.com\/governo-do-estado-lanca-censo-inedito-para-mapear-agroindustrias-familiares-em-evento-na-expodireto-cotrijal\/"},"modified":"2026-03-12T00:48:14","modified_gmt":"2026-03-12T03:48:14","slug":"governo-do-estado-lanca-censo-inedito-para-mapear-agroindustrias-familiares-em-evento-na-expodireto-cotrijal","status":"publish","type":"post","link":"https:\/\/mussicom.com\/noticias\/governo-do-estado-lanca-censo-inedito-para-mapear-agroindustrias-familiares-em-evento-na-expodireto-cotrijal\/","title":{"rendered":"Governo do Estado lan\u00e7a censo in\u00e9dito para mapear agroind\u00fastrias familiares, em evento na Expodireto Cotrijal"},"content":{"rendered":"<p> <br \/>\n<\/p>\n<div>\n<p>O governo do Estado lan\u00e7ou, nesta\u00a0quarta-feira (11\/3),\u00a0o Diagn\u00f3stico Socioecon\u00f4mico do Programa Estadual de Agroind\u00fastria Familiar (Peaf).\u00a0O estudo reunir\u00e1 informa\u00e7\u00f5es de mais de 4 mil fam\u00edlias em temas como gest\u00e3o das agroind\u00fastrias, sucess\u00e3o familiar, qualidade de vida das fam\u00edlias, n\u00edvel de inova\u00e7\u00e3o e perspectivas futuras dos empreendimentos. O lan\u00e7amento ocorreu na Casa da Emater-RS\/Ascar e reuniu autoridades, representantes de entidades e imprensa, al\u00e9m dos extensionistas que conduzir\u00e3o o trabalho de investiga\u00e7\u00e3o e sistematiza\u00e7\u00e3o dados.&#13;\n<\/p>\n<p>Batizado como Censo da Agroind\u00fastria Familiar, o diagn\u00f3stico ser\u00e1 elaborado a partir de um question\u00e1rio aplicado a todas as agroind\u00fastrias participantes do Peaf.\u00a0A iniciativa \u00e9 resultado de uma parceria entre a Secretaria de Desenvolvimento Rural (SDR), a Emater-RS\/Ascar e o Departamento de Economia e Estat\u00edstica da Secretaria de Planejamento, Governan\u00e7a e Gest\u00e3o.<\/p>\n<p>De acordo com titular da SDR, Gustavo Paim, a meta \u00e9 obter informa\u00e7\u00f5es precisas das mais de 4 mil agroind\u00fastrias. \u201cA iniciativa do censo busca produzir um retrato detalhado e atualizado da realidade do setor no Rio Grande do Sul. Queremos saber quais os gargalos, o que vem dando certo e como o Estado pode contribuir atrav\u00e9s de pol\u00edticas p\u00fablicas efetivas e quais os incentivos necess\u00e1rios para o desenvolvimento do setor\u201d, descreveu Paim.<\/p>\n<p>Cronograma<\/p>\n<p>O cronograma do censo prev\u00ea, ao longo de mar\u00e7o, a capacita\u00e7\u00e3o de t\u00e9cnicos e o aperfei\u00e7oamento do question\u00e1rio. A aplica\u00e7\u00e3o dos formul\u00e1rios ocorrer\u00e1 em abril, enquanto a an\u00e1lise dos dados est\u00e1 prevista para junho. A divulga\u00e7\u00e3o dos resultados deve ocorrer em agosto, durante a Expointer.&#13;\n<\/p>\n<p>O presidente da Emater-RS\/Ascar, Claudinei Baldissera, destacou o compromisso da entidade em realizar o levantamento. \u201cNossos extensionistas sabem da import\u00e2ncia em abra\u00e7ar esse desafio de levar o censo \u00e0s agroind\u00fastrias, uma vez que os dados ir\u00e3o subsidiar a formula\u00e7\u00e3o de pol\u00edticas p\u00fablicas voltadas ao fortalecimento do segmento e contribuir para a moderniza\u00e7\u00e3o do programa\u201d , apontou Baldissera.<\/p>\n<p>Leite e Gabriel lideram assinaturas de investimentos no agro, na infraestrutura e na promo\u00e7\u00e3o internacional durante a Expodireto<\/p>\n<p>O diagn\u00f3stico representa mais um passo no fortalecimento da agroind\u00fastria familiar ga\u00facha, ampliando o conhecimento sobre o setor e contribuindo para o desenvolvimento de a\u00e7\u00f5es estrat\u00e9gicas voltadas aos produtores familiares.<\/p>\n<p>Programa Estadual de Agroind\u00fastria Familiar (Peaf)\u00a0\u00a0<\/p>\n<p>O Programa Estadual de Agroind\u00fastria Familiar (Peaf) foi criado por decreto em julho de 2012. A iniciativa tem como objetivo apoiar a formaliza\u00e7\u00e3o e o desenvolvimento das agroind\u00fastrias familiares, oferecendo acesso a cr\u00e9dito, assist\u00eancia t\u00e9cnica e mercados.\u00a0Entre as a\u00e7\u00f5es previstas est\u00e3o o apoio \u00e0 regulariza\u00e7\u00e3o sanit\u00e1ria e ambiental das agroind\u00fastrias, a participa\u00e7\u00e3o em feiras \u2014 a exemplo da Expodireto Cotrijal \u2014 e o acesso a programas institucionais de compra de alimentos, como o Programa de Aquisi\u00e7\u00e3o de Alimentos (PAA) e o Programa Nacional de Alimenta\u00e7\u00e3o Escolar (Pnae).<\/p>\n<p>Governo autoriza retomada do b\u00f4nus de adimpl\u00eancia para agricultores familiares e amplia prazo para regulariza\u00e7\u00e3o de contratos<\/p>\n<p>As agroind\u00fastrias que pertencem ao Peaf podem participar das feiras da Agricultura Familiar promovidas pela SDR. Em 2025 o Peaf alcan\u00e7ou um Marco com a certifica\u00e7\u00e3o de inclus\u00e3o da agroind\u00fastria de n\u00famero 2.000, o que refor\u00e7a o compromisso do governo com a valoriza\u00e7\u00e3o das fam\u00edlias rurais, impulsionando o avan\u00e7o econ\u00f4mico e social em todas as regi\u00f5es do Estado.\u00a0&#13;\n<\/p>\n<p>Texto: Ascom Emater\/RS-AscarEdi\u00e7\u00e3o: Secom<\/p>\n<\/p><\/div>\n<p><script data-cfasync=\"false\">\n    !function (f, b, e, v, n, t, s) {\n        if (f.fbq) return; n = f.fbq = function () {\n            n.callMethod ?\n                n.callMethod.apply(n, arguments) : n.queue.push(arguments)\n        };\n        if (!f._fbq) f._fbq = n; n.push = n; n.loaded = !0; n.version = '2.0';\n        n.queue = []; t = b.createElement(e); t.async = !0;\n        t.src = v; s = b.getElementsByTagName(e)[0];\n        s.parentNode.insertBefore(t, s)\n    }(window, document, 'script',\n        'https:\/\/connect.facebook.net\/en_US\/fbevents.js');\n    fbq('init', '522546078623747');\n    fbq('track', 'PageView');\n<\/script><br \/>\n<br \/><br \/>\n<br \/>Fonte: <a href=\"https:\/\/www.agrolink.com.br\/noticias\/governo-do-estado-lanca-censo-inedito-para-mapear-agroindustrias-familiares--em-evento-na-expodireto-cotrijal_511922.html\">AGROLINK<\/a><\/p>\n","protected":false},"excerpt":{"rendered":"<p>O governo do Estado lan\u00e7ou, nesta\u00a0quarta-feira (11\/3),\u00a0o Diagn\u00f3stico Socioecon\u00f4mico do Programa Estadual de Agroind\u00fastria Familiar (Peaf).\u00a0O estudo reunir\u00e1 informa\u00e7\u00f5es de mais de 4 mil fam\u00edlias em temas como gest\u00e3o das agroind\u00fastrias, sucess\u00e3o familiar, qualidade de vida das fam\u00edlias, n\u00edvel de inova\u00e7\u00e3o e perspectivas futuras dos empreendimentos. O lan\u00e7amento ocorreu na Casa da Emater-RS\/Ascar e reuniu [&hellip;]<\/p>\n","protected":false},"author":5,"featured_media":43953,"comment_status":"open","ping_status":"open","sticky":false,"template":"","format":"standard","meta":{"_seopress_robots_primary_cat":"","_seopress_titles_title":"","_seopress_titles_desc":"","_seopress_robots_index":"","footnotes":""},"categories":[53],"tags":[],"class_list":["post-67540","post","type-post","status-publish","format-standard","has-post-thumbnail","hentry","category-agronegocio"],"_links":{"self":[{"href":"https:\/\/mussicom.com\/noticias\/wp-json\/wp\/v2\/posts\/67540","targetHints":{"allow":["GET"]}}],"collection":[{"href":"https:\/\/mussicom.com\/noticias\/wp-json\/wp\/v2\/posts"}],"about":[{"href":"https:\/\/mussicom.com\/noticias\/wp-json\/wp\/v2\/types\/post"}],"author":[{"embeddable":true,"href":"https:\/\/mussicom.com\/noticias\/wp-json\/wp\/v2\/users\/5"}],"replies":[{"embeddable":true,"href":"https:\/\/mussicom.com\/noticias\/wp-json\/wp\/v2\/comments?post=67540"}],"version-history":[{"count":0,"href":"https:\/\/mussicom.com\/noticias\/wp-json\/wp\/v2\/posts\/67540\/revisions"}],"wp:featuredmedia":[{"embeddable":true,"href":"https:\/\/mussicom.com\/noticias\/wp-json\/wp\/v2\/media\/43953"}],"wp:attachment":[{"href":"https:\/\/mussicom.com\/noticias\/wp-json\/wp\/v2\/media?parent=67540"}],"wp:term":[{"taxonomy":"category","embeddable":true,"href":"https:\/\/mussicom.com\/noticias\/wp-json\/wp\/v2\/categories?post=67540"},{"taxonomy":"post_tag","embeddable":true,"href":"https:\/\/mussicom.com\/noticias\/wp-json\/wp\/v2\/tags?post=67540"}],"curies":[{"name":"wp","href":"https:\/\/api.w.org\/{rel}","templated":true}]}}