{"id":67476,"date":"2026-03-11T19:39:19","date_gmt":"2026-03-11T22:39:19","guid":{"rendered":"https:\/\/mussicom.com\/servicos-da-cpfl-mexem-com-transito-em-duas-cidades\/"},"modified":"2026-03-11T19:39:19","modified_gmt":"2026-03-11T22:39:19","slug":"servicos-da-cpfl-mexem-com-transito-em-duas-cidades","status":"publish","type":"post","link":"https:\/\/mussicom.com\/noticias\/servicos-da-cpfl-mexem-com-transito-em-duas-cidades\/","title":{"rendered":"Servi\u00e7os da CPFL mexem com tr\u00e2nsito em duas cidades"},"content":{"rendered":"<p> <br \/>\n<\/p>\n<div>\n<p>A Companhia Municipal de Tr\u00e2nsito (CMT) de Cubat\u00e3o ir\u00e1 proibir o estacionamento de ve\u00edculos de qualquer esp\u00e9cie na Av. Nove de Abril, no trecho entre a Ponte do Arco-\u00cdris e a Rua Armando de Salles de Oliveira, na pista sentido Jardim Casqueiro nesta quinta-feira (12). A medida vale das 9h \u00e0s 17h e ser\u00e1 necess\u00e1ria para que a Companhia Paulista de For\u00e7a e Luz (CPFL) realize a\u00e7\u00e3o de fiscaliza\u00e7\u00e3o do cabeamento a\u00e9reo na avenida. A iniciativa tem como objetivo identificar os cabos instalados nos postes, promover o alinhamento da fia\u00e7\u00e3o e verificar irregularidades.<\/p>\n<p>Ao todo, est\u00e3o previstas quatro a\u00e7\u00f5es, que ocorrer\u00e3o semanalmente ao longo da avenida, com proibi\u00e7\u00e3o de estacionamento de ve\u00edculos na Av. Nove de Abril. No dia 12 e no dia 19, ser\u00e1 na pista sentido Casqueiro. Dias 26 e 31, na via sentido ind\u00fastria.<\/p>\n<p>Confira o cronograma:<\/p>\n<p>12\/3 \u2013 no trecho entre a Ponte do Arco-\u00cdris at\u00e9 a Rua Armando de Salles de Oliveira, estacionamento proibido na pista sentido Jardim Casqueiro;<br \/>19\/3 \u2013 no trecho da Rua Armando de Salles de Oliveira at\u00e9 a Avenida Henry Borden, estacionamento proibido na pista sentido Jardim Casqueiro);<br \/>26\/3 \u2013 da Avenida Henry Borden at\u00e9 a Rua Armando de Salles de Oliveira, estacionamento proibido na pista sentido ind\u00fastrias;<br \/>31\/3 \u2013 da Rua Armando de Salles de Oliveira at\u00e9 a Rua Teodoro Soares Fernandes, estacionamento proibido na pista sentido ind\u00fastrias.<\/p>\n<p><strong>PRAIA GRANDE<\/strong><\/p>\n<p>Tamb\u00e9m nesta quinta-feira, mas em Praia Grande, a a CPFL realizar\u00e1 a troca de cabos de alta tens\u00e3o de dois postes nas Avenidas Dr. Roberto de Almeida Vinhas e Ministro Marcos Freire, em frente \u00e0 sede da empresa, no S\u00edtio do Campo. O in\u00edcio dos trabalhos ser\u00e1 \u00e0s 8h e, por volta das 10h, ambas as marginais e a Via Expressa Sul ter\u00e3o que ser interditadas para a passagem dos cabos. A interdi\u00e7\u00e3o ser\u00e1 r\u00e1pida, durando no m\u00e1ximo 12 minutos.<\/p>\n<p>Os motoristas que trafegam pelo local devem ficar atentos e seguir as rotas alternativas. Para o desvio das marginais, as rotas alternativas ser\u00e3o as seguintes:<\/p>\n<p>Lado oeste \u2013 Ministro Marcos Freire:<br \/>\u2013 Luiz dos Santos Reis;<br \/>\u2013 Plinio Salgado;<br \/>\u2013 Ministro Marcos Freire.<\/p>\n<p>Lado leste \u2013 Doutor Roberto de Almeida Vinhas:<br \/>\u2013 Indai\u00e1;<br \/>\u2013 Pra\u00e7a Maria Z\u00e9lia da Silva;<br \/>\u2013 Botafogo;<br \/>\u2013 Doutor Roberto de Almeida Vinhas.<\/p>\n<\/div>\n<p><br \/>\n<br \/>Fonte: <a href=\"https:\/\/jornaldaorla.com.br\/noticias\/servicos-da-cpfl-mexem-com-transito-em-duas-cidades\/\">Jornal Da Orla<\/a><\/p>\n","protected":false},"excerpt":{"rendered":"<p>A Companhia Municipal de Tr\u00e2nsito (CMT) de Cubat\u00e3o ir\u00e1 proibir o estacionamento de ve\u00edculos de qualquer esp\u00e9cie na Av. Nove de Abril, no trecho entre a Ponte do Arco-\u00cdris e a Rua Armando de Salles de Oliveira, na pista sentido Jardim Casqueiro nesta quinta-feira (12). A medida vale das 9h \u00e0s 17h e ser\u00e1 necess\u00e1ria [&hellip;]<\/p>\n","protected":false},"author":5,"featured_media":67477,"comment_status":"open","ping_status":"open","sticky":false,"template":"","format":"standard","meta":{"_seopress_robots_primary_cat":"","_seopress_titles_title":"","_seopress_titles_desc":"","_seopress_robots_index":"","footnotes":""},"categories":[52],"tags":[],"class_list":["post-67476","post","type-post","status-publish","format-standard","has-post-thumbnail","hentry","category-santoseregiao"],"_links":{"self":[{"href":"https:\/\/mussicom.com\/noticias\/wp-json\/wp\/v2\/posts\/67476","targetHints":{"allow":["GET"]}}],"collection":[{"href":"https:\/\/mussicom.com\/noticias\/wp-json\/wp\/v2\/posts"}],"about":[{"href":"https:\/\/mussicom.com\/noticias\/wp-json\/wp\/v2\/types\/post"}],"author":[{"embeddable":true,"href":"https:\/\/mussicom.com\/noticias\/wp-json\/wp\/v2\/users\/5"}],"replies":[{"embeddable":true,"href":"https:\/\/mussicom.com\/noticias\/wp-json\/wp\/v2\/comments?post=67476"}],"version-history":[{"count":0,"href":"https:\/\/mussicom.com\/noticias\/wp-json\/wp\/v2\/posts\/67476\/revisions"}],"wp:featuredmedia":[{"embeddable":true,"href":"https:\/\/mussicom.com\/noticias\/wp-json\/wp\/v2\/media\/67477"}],"wp:attachment":[{"href":"https:\/\/mussicom.com\/noticias\/wp-json\/wp\/v2\/media?parent=67476"}],"wp:term":[{"taxonomy":"category","embeddable":true,"href":"https:\/\/mussicom.com\/noticias\/wp-json\/wp\/v2\/categories?post=67476"},{"taxonomy":"post_tag","embeddable":true,"href":"https:\/\/mussicom.com\/noticias\/wp-json\/wp\/v2\/tags?post=67476"}],"curies":[{"name":"wp","href":"https:\/\/api.w.org\/{rel}","templated":true}]}}