{"id":67464,"date":"2026-03-11T18:33:14","date_gmt":"2026-03-11T21:33:14","guid":{"rendered":"https:\/\/mussicom.com\/o-que-e-recuperacao-extrajudicial-usada-por-gpa-e-raizen\/"},"modified":"2026-03-11T18:33:14","modified_gmt":"2026-03-11T21:33:14","slug":"o-que-e-recuperacao-extrajudicial-usada-por-gpa-e-raizen","status":"publish","type":"post","link":"https:\/\/mussicom.com\/noticias\/o-que-e-recuperacao-extrajudicial-usada-por-gpa-e-raizen\/","title":{"rendered":"O que \u00e9 recupera\u00e7\u00e3o extrajudicial, usada por GPA e Ra\u00edzen"},"content":{"rendered":"<p> <br \/>\n<\/p>\n<div id=\"tp-post-content\">\n<p class=\"postParagraph_post-paragraph__juWZN postParagraph_post-paragraph-innerHtml__Q5vwc\">Com 8,9 milh\u00f5es de empresas negativadas e a Selic em 15% ao ano, a maior em quase duas d\u00e9cadas, o Brasil enfrenta uma crise corporativa sem precedentes.<\/p>\n<p class=\"postParagraph_post-paragraph__juWZN postParagraph_post-paragraph-innerHtml__Q5vwc\">Quando gigantes como Grupo P\u00e3o de A\u00e7\u00facar (GPA) e Ra\u00edzen recorrem a um instrumento jur\u00eddico pouco conhecido para se reestruturar e evitar uma situa\u00e7\u00e3o pior, \u00e9 sinal de que o cen\u00e1rio atingiu um ponto cr\u00edtico. Desde o in\u00edcio do ano, a recupera\u00e7\u00e3o extrajudicial (RE) virou estrat\u00e9gia de sobreviv\u00eancia para v\u00e1rias empresas.<\/p>\n<p class=\"postParagraph_post-paragraph__juWZN postParagraph_post-paragraph-innerHtml__Q5vwc\">Diferente da recupera\u00e7\u00e3o judicial (RJ), que ocorre sob intensa supervis\u00e3o do Judici\u00e1rio desde o in\u00edcio, a recupera\u00e7\u00e3o extrajudicial funciona como uma negocia\u00e7\u00e3o direta entre a empresa e seus credores. Nesse modelo, a empresa negocia diretamente com credores antes de recorrer \u00e0 Justi\u00e7a<\/p>\n<p class=\"postParagraph_post-paragraph__juWZN postParagraph_post-paragraph-innerHtml__Q5vwc\">Segundo o advogado Fernando Canuto, s\u00f3cio do Godke Advogados, esse modelo permite que empresas em dificuldade negociem com grupos espec\u00edficos de credores, sem a necessidade de incluir todos no acordo.<\/p>\n<p class=\"postParagraph_post-paragraph__juWZN postParagraph_post-paragraph-innerHtml__Q5vwc\">Embora ambos os processos sejam regidos por uma legisla\u00e7\u00e3o de 2005, atualizada em 2020, e visem evitar a fal\u00eancia, as rotas s\u00e3o distintas:<\/p>\n<div class=\"postImage_post-content-image__2CJdu\"><picture class=\"imageDefault_image-container__XGd8_\"><source type=\"image\/webp\" srcset=\"https:\/\/media.gazetadopovo.com.br\/2026\/03\/11151956\/Graf-RJ-x-RE_page-0001-fotor-2026031115191-1280x553.jpg.webp 1280w, https:\/\/media.gazetadopovo.com.br\/2026\/03\/11151956\/Graf-RJ-x-RE_page-0001-fotor-2026031115191-960x540.jpg.webp 960w, https:\/\/media.gazetadopovo.com.br\/2026\/03\/11151956\/Graf-RJ-x-RE_page-0001-fotor-2026031115191-660x372.jpg.webp 660w, https:\/\/media.gazetadopovo.com.br\/2026\/03\/11151956\/Graf-RJ-x-RE_page-0001-fotor-2026031115191-540x161.jpg.webp 540w, https:\/\/media.gazetadopovo.com.br\/2026\/03\/11151956\/Graf-RJ-x-RE_page-0001-fotor-2026031115191-380x214.jpg.webp 380w, https:\/\/media.gazetadopovo.com.br\/2026\/03\/11151956\/Graf-RJ-x-RE_page-0001-fotor-2026031115191-540x540.jpg.webp 540w, https:\/\/media.gazetadopovo.com.br\/2026\/03\/11151956\/Graf-RJ-x-RE_page-0001-fotor-2026031115191-372x372.jpg.webp 372w, https:\/\/media.gazetadopovo.com.br\/2026\/03\/11151956\/Graf-RJ-x-RE_page-0001-fotor-2026031115191-214x214.jpg.webp 214w, https:\/\/media.gazetadopovo.com.br\/2026\/03\/11151956\/Graf-RJ-x-RE_page-0001-fotor-2026031115191.jpg.webp 1851w\" sizes=\"(max-width: 767px) 328px, 638px\"\/><source type=\"image\/jpeg\" srcset=\"https:\/\/media.gazetadopovo.com.br\/2026\/03\/11151956\/Graf-RJ-x-RE_page-0001-fotor-2026031115191-1280x553.jpg.webp 1280w, https:\/\/media.gazetadopovo.com.br\/2026\/03\/11151956\/Graf-RJ-x-RE_page-0001-fotor-2026031115191-960x540.jpg.webp 960w, https:\/\/media.gazetadopovo.com.br\/2026\/03\/11151956\/Graf-RJ-x-RE_page-0001-fotor-2026031115191-660x372.jpg.webp 660w, https:\/\/media.gazetadopovo.com.br\/2026\/03\/11151956\/Graf-RJ-x-RE_page-0001-fotor-2026031115191-540x161.jpg.webp 540w, https:\/\/media.gazetadopovo.com.br\/2026\/03\/11151956\/Graf-RJ-x-RE_page-0001-fotor-2026031115191-380x214.jpg.webp 380w, https:\/\/media.gazetadopovo.com.br\/2026\/03\/11151956\/Graf-RJ-x-RE_page-0001-fotor-2026031115191-540x540.jpg.webp 540w, https:\/\/media.gazetadopovo.com.br\/2026\/03\/11151956\/Graf-RJ-x-RE_page-0001-fotor-2026031115191-372x372.jpg.webp 372w, https:\/\/media.gazetadopovo.com.br\/2026\/03\/11151956\/Graf-RJ-x-RE_page-0001-fotor-2026031115191-214x214.jpg.webp 214w, https:\/\/media.gazetadopovo.com.br\/2026\/03\/11151956\/Graf-RJ-x-RE_page-0001-fotor-2026031115191.jpg.webp 1851w\" sizes=\"(max-width: 767px) 328px, 638px\"\/><\/picture><\/div>\n<p class=\"postParagraph_post-paragraph__juWZN postParagraph_post-paragraph-innerHtml__Q5vwc\">A agilidade \u00e9 a principal vantagem da recupera\u00e7\u00e3o extrajudicial. Enquanto uma recupera\u00e7\u00e3o judicial pode se arrastar por anos em debates processuais, a extrajudicial tende a ser resolvida em meses.<\/p>\n<p class=\"postParagraph_post-paragraph__juWZN postParagraph_post-paragraph-innerHtml__Q5vwc\">Tanto para o GPA quanto para a Ra\u00edzen, o protocolo da RE garantiu uma suspens\u00e3o tempor\u00e1ria de pagamentos de 90 dias, per\u00edodo em que as empresas esperam concluir as formalidades e obter a homologa\u00e7\u00e3o definitiva.<\/p>\n<h2 class=\"postParagraph_post-paragraph__juWZN postParagraph_post-paragraph-innerHtml__Q5vwc postParagraph_type-tag-h2__TtFkT\">Por que agora? <\/h2>\n<p class=\"postParagraph_post-paragraph__juWZN postParagraph_post-paragraph-innerHtml__Q5vwc\">A resposta est\u00e1 na press\u00e3o financeira aguda que assola o setor corporativo do pa\u00eds. Essa crise \u00e9 amplificada por um contexto macroecon\u00f4mico adverso. A taxa de inadimpl\u00eancia do Sistema Financeiro Nacional em 4,2%, o maior \u00edndice da s\u00e9rie hist\u00f3rica do Banco Central desde mar\u00e7o de 2011, reflete tanto a dificuldade de empresas quanto de pessoas f\u00edsicas em honrar compromissos.<\/p>\n<p class=\"postParagraph_post-paragraph__juWZN postParagraph_post-paragraph-innerHtml__Q5vwc\">Mas o impacto real recai sobre as corpora\u00e7\u00f5es: sem acesso a cr\u00e9dito e com custos de financiamento proibitivos, grandes empresas como GPA e Ra\u00edzen enfrentam um cen\u00e1rio onde a reestrutura\u00e7\u00e3o deixou de ser op\u00e7\u00e3o e virou necessidade.<\/p>\n<p class=\"postParagraph_post-paragraph__juWZN postParagraph_post-paragraph-innerHtml__Q5vwc\">O Brasil tamb\u00e9m enfrenta uma contra\u00e7\u00e3o de liquidez. Empresas que dependem de refinanciamento constante \u2014 como varejistas e produtoras de energia \u2014 veem seus custos de capta\u00e7\u00e3o dispararem. Cada ponto percentual adicional da Selic representa milh\u00f5es em despesas financeiras extras, comprimindo margens operacionais j\u00e1 fragilizadas.<\/p>\n<p class=\"postParagraph_post-paragraph__juWZN postParagraph_post-paragraph-innerHtml__Q5vwc\">A press\u00e3o sobre as fam\u00edlias brasileiras tamb\u00e9m contribui para esse quadro. Com 29,2% da renda comprometida com o pagamento de d\u00edvidas e endividamento de 49,7%, segundo o Banco Central, o consumo tende a enfraquecer. O efeito se espalha pela economia: fam\u00edlias compram menos, varejistas vendem menos e empresas mais endividadas t\u00eam dificuldade para gerar caixa.<\/p>\n<h2 class=\"postParagraph_post-paragraph__juWZN postParagraph_post-paragraph-innerHtml__Q5vwc postParagraph_type-tag-h2__TtFkT\">Procura por recupera\u00e7\u00e3o extrajudicial est\u00e1 em alta<\/h2>\n<p class=\"postParagraph_post-paragraph__juWZN postParagraph_post-paragraph-innerHtml__Q5vwc\">Segundo o Observat\u00f3rio Brasileiro de Recupera\u00e7\u00e3o Extrajudicial (Orbe), foram 78 casos no ano passado, uma sequ\u00eancia de sete anos consecutivos de crescimento e 20% a mais do que em 2024.<\/p>\n<p class=\"postParagraph_post-paragraph__juWZN postParagraph_post-paragraph-innerHtml__Q5vwc\">A advogada Patr\u00edcia Maia, s\u00f3cia do escrit\u00f3rio Barbosa Maia Advogados, afirma que o aumento do uso da recupera\u00e7\u00e3o extrajudicial reflete um cen\u00e1rio de d\u00edvidas mais caras, redu\u00e7\u00e3o de consumo em determinados setores e a necessidade de reorganizar estruturas operacionais devido ao alto custo do cr\u00e9dito e press\u00e3o sobre as margens.<\/p>\n<p class=\"postParagraph_post-paragraph__juWZN postParagraph_post-paragraph-innerHtml__Q5vwc\">\u201cA reestrutura\u00e7\u00e3o financeira deixou de ser vista apenas como um &#8216;\u00faltimo recurso&#8217; e passou a integrar as estrat\u00e9gias de gest\u00e3o de risco das companhias\u201d, diz.<\/p>\n<p class=\"postParagraph_post-paragraph__juWZN postParagraph_post-paragraph-innerHtml__Q5vwc\">Para Renato Armoni, s\u00f3cio do Urbano Vitalino Advogados, se o plano for acatado pela maioria dos credores, as empresas prosseguir\u00e3o com suas opera\u00e7\u00f5es normalmente, protegendo o valor do neg\u00f3cio para acionistas e trabalhadores.<\/p>\n<h2 class=\"postParagraph_post-paragraph__juWZN postParagraph_post-paragraph-innerHtml__Q5vwc postParagraph_type-tag-h2__TtFkT\">Ra\u00edzen: a maior recupera\u00e7\u00e3o extrajudicial do pa\u00eds<\/h2>\n<p class=\"postParagraph_post-paragraph__juWZN postParagraph_post-paragraph-innerHtml__Q5vwc\">O pedido da Ra\u00edzen \u00e9 hist\u00f3rico pelo volume: R$ 65,1 bilh\u00f5es em d\u00edvidas financeiras. A companhia, controlada em partes iguais por Shell e Cosan (44% cada uma), tentou negociar alternativas com seus s\u00f3cios nos meses anteriores para evitar a reestrutura\u00e7\u00e3o, mas as conversas foram interrompidas no in\u00edcio de mar\u00e7o. Sem \u00eaxito nas negocia\u00e7\u00f5es, a recupera\u00e7\u00e3o extrajudicial se tornou o \u00faltimo recurso.<\/p>\n<p class=\"postParagraph_post-paragraph__juWZN postParagraph_post-paragraph-innerHtml__Q5vwc\">A Ra\u00edzen chegou a esse estado devido a uma combina\u00e7\u00e3o de fatores operacionais e macroecon\u00f4micos: aumento de despesas financeiras com a Selic elevada; clima adverso que reduziu a produtividade da cana-de-a\u00e7\u00facar em cerca de 30%; investimentos em projetos de longo prazo como o Etanol de 2\u00aa Gera\u00e7\u00e3o que consumiram caixa sem retorno imediato; e queima de quase R$ 2 bilh\u00f5es apenas no 3\u00ba trimestre da safra 2025\/26.<\/p>\n<p class=\"postParagraph_post-paragraph__juWZN postParagraph_post-paragraph-innerHtml__Q5vwc\">O plano da Ra\u00edzen contempla uma capitaliza\u00e7\u00e3o de R$ 4 bilh\u00f5es (sendo R$ 3,5 bilh\u00f5es da Shell), convers\u00e3o de 40% da d\u00edvida em participa\u00e7\u00e3o acion\u00e1ria e o alongamento do saldo remanescente. O processo j\u00e1 nasceu com 47% de ades\u00e3o dos credores.<\/p>\n<p class=\"postParagraph_post-paragraph__juWZN postParagraph_post-paragraph-innerHtml__Q5vwc\">A viabilidade, por\u00e9m, depende de premissas cr\u00edticas: a proje\u00e7\u00e3o de redu\u00e7\u00e3o da Selic para 12,25% at\u00e9 o fim de 2026 \u00e9 central para o plano, mas qualquer press\u00e3o inflacion\u00e1ria pode for\u00e7ar o Banco Central a manter juros elevados por mais tempo. Para a Ra\u00edzen, cada ponto percentual adicional de Selic amplia o custo financeiro e reduz a margem de manobra operacional.<\/p>\n<h2 class=\"postParagraph_post-paragraph__juWZN postParagraph_post-paragraph-innerHtml__Q5vwc postParagraph_type-tag-h2__TtFkT\">P\u00e3o de A\u00e7\u00facar: varejo alimentar sob press\u00e3o<\/h2>\n<p class=\"postParagraph_post-paragraph__juWZN postParagraph_post-paragraph-innerHtml__Q5vwc\">No caso do GPA, o plano envolve R$ 4,5 bilh\u00f5es. A companhia enfrentou uma deteriora\u00e7\u00e3o severa de liquidez ap\u00f3s a cis\u00e3o do Assa\u00ed e do grupo varejista colombiano \u00c9xito, que reduziram sua escala e diversifica\u00e7\u00e3o geogr\u00e1fica.<\/p>\n<p class=\"postParagraph_post-paragraph__juWZN postParagraph_post-paragraph-innerHtml__Q5vwc\">Com capital de giro negativo de R$ 1,2 bilh\u00e3o e R$ 1,7 bilh\u00e3o em deb\u00eantures vencendo em 2026, a empresa n\u00e3o teve alternativa sen\u00e3o buscar a recupera\u00e7\u00e3o extrajudicial para evitar um cen\u00e1rio pior.<\/p>\n<p class=\"postParagraph_post-paragraph__juWZN postParagraph_post-paragraph-innerHtml__Q5vwc\">Gustavo Cruz, estrategista-chefe da RB Investimentos, observa que a estrutura financeira do GPA estava &#8220;pesada&#8221;, com quase R$ 1 bilh\u00e3o consumido anualmente apenas com juros. A recupera\u00e7\u00e3o extrajudicial visa &#8220;alongar a d\u00edvida para dar f\u00f4lego \u00e0 opera\u00e7\u00e3o&#8221;. O plano j\u00e1 conta com 46% de apoio inicial.<\/p>\n<p class=\"postParagraph_post-paragraph__juWZN postParagraph_post-paragraph-innerHtml__Q5vwc\">A execu\u00e7\u00e3o operacional \u00e9 o maior desafio do GPA. O plano prev\u00ea reduzir despesas operacionais em R$ 415 milh\u00f5es \u2014 uma cifra ambiciosa que exige otimiza\u00e7\u00f5es severas na estrutura de lojas. Qualquer falha nessa redu\u00e7\u00e3o compromete o plano.<\/p>\n<\/div>\n<p><br \/>\n<br \/>Fonte: <a href=\"https:\/\/www.gazetadopovo.com.br\/economia\/recuperacao-extrajudicial-crise-raizen-gpa\/\">Gazeta do Povo<\/a><\/p>\n","protected":false},"excerpt":{"rendered":"<p>Com 8,9 milh\u00f5es de empresas negativadas e a Selic em 15% ao ano, a maior em quase duas d\u00e9cadas, o Brasil enfrenta uma crise corporativa sem precedentes. Quando gigantes como Grupo P\u00e3o de A\u00e7\u00facar (GPA) e Ra\u00edzen recorrem a um instrumento jur\u00eddico pouco conhecido para se reestruturar e evitar uma situa\u00e7\u00e3o pior, \u00e9 sinal de [&hellip;]<\/p>\n","protected":false},"author":5,"featured_media":67465,"comment_status":"open","ping_status":"open","sticky":false,"template":"","format":"standard","meta":{"_seopress_robots_primary_cat":"","_seopress_titles_title":"","_seopress_titles_desc":"","_seopress_robots_index":"","footnotes":""},"categories":[45],"tags":[],"class_list":["post-67464","post","type-post","status-publish","format-standard","has-post-thumbnail","hentry","category-economia"],"_links":{"self":[{"href":"https:\/\/mussicom.com\/noticias\/wp-json\/wp\/v2\/posts\/67464","targetHints":{"allow":["GET"]}}],"collection":[{"href":"https:\/\/mussicom.com\/noticias\/wp-json\/wp\/v2\/posts"}],"about":[{"href":"https:\/\/mussicom.com\/noticias\/wp-json\/wp\/v2\/types\/post"}],"author":[{"embeddable":true,"href":"https:\/\/mussicom.com\/noticias\/wp-json\/wp\/v2\/users\/5"}],"replies":[{"embeddable":true,"href":"https:\/\/mussicom.com\/noticias\/wp-json\/wp\/v2\/comments?post=67464"}],"version-history":[{"count":0,"href":"https:\/\/mussicom.com\/noticias\/wp-json\/wp\/v2\/posts\/67464\/revisions"}],"wp:featuredmedia":[{"embeddable":true,"href":"https:\/\/mussicom.com\/noticias\/wp-json\/wp\/v2\/media\/67465"}],"wp:attachment":[{"href":"https:\/\/mussicom.com\/noticias\/wp-json\/wp\/v2\/media?parent=67464"}],"wp:term":[{"taxonomy":"category","embeddable":true,"href":"https:\/\/mussicom.com\/noticias\/wp-json\/wp\/v2\/categories?post=67464"},{"taxonomy":"post_tag","embeddable":true,"href":"https:\/\/mussicom.com\/noticias\/wp-json\/wp\/v2\/tags?post=67464"}],"curies":[{"name":"wp","href":"https:\/\/api.w.org\/{rel}","templated":true}]}}