{"id":67463,"date":"2026-03-11T18:31:20","date_gmt":"2026-03-11T21:31:20","guid":{"rendered":"https:\/\/mussicom.com\/dias-toffoli-se-declara-suspeito-em-acao-sobre-cpi-do-master\/"},"modified":"2026-03-11T18:31:20","modified_gmt":"2026-03-11T21:31:20","slug":"dias-toffoli-se-declara-suspeito-em-acao-sobre-cpi-do-master","status":"publish","type":"post","link":"https:\/\/mussicom.com\/noticias\/dias-toffoli-se-declara-suspeito-em-acao-sobre-cpi-do-master\/","title":{"rendered":"Dias Toffoli se declara suspeito em a\u00e7\u00e3o sobre CPI do Master"},"content":{"rendered":"<p> <br \/>\n<\/p>\n<div id=\"tp-post-content\">\n<p class=\"postParagraph_post-paragraph__juWZN postParagraph_post-paragraph-innerHtml__Q5vwc\">O ministro do Supremo Tribunal Federal (STF) Dias Toffoli decidiu declarar sua\u00a0suspei\u00e7\u00e3o por foro \u00edntimo, na a\u00e7\u00e3o que pedia instala\u00e7\u00e3o da CPI para investigar o relacionamento do Banco Master com o Banco de Bras\u00edlia (BRB). Mais cedo, Toffoli havia sido sorteado relator do mandado de seguran\u00e7a\u00a0impetrado pelo deputado Rodrigo Rollemberg (PSB-DF) contra uma suposta\u00a0omiss\u00e3o do Presidente da C\u00e2mara, Hugo Motta (Republicanos-PB), em instalar a CPI.<\/p>\n<p class=\"postParagraph_post-paragraph__juWZN postParagraph_post-paragraph-innerHtml__Q5vwc\">Ao se declarar suspeito, Toffoli solicitou que o processo seja redistribu\u00eddo pela Presid\u00eancia do Supremo Tribunal Federal.<\/p>\n<p class=\"postParagraph_post-paragraph__juWZN postParagraph_post-paragraph-innerHtml__Q5vwc\">Sem entrar em detalhes, o ministro apenas citou um trecho do C\u00f3digo de Processo Civil que afirma que \u201cpoder\u00e1 o juiz declarar-se suspeito por motivo de foro \u00edntimo, sem necessidade de declarar suas raz\u00f5es\u201d.<\/p>\n<div class=\"postViewMore_post-view-more-container___5wai\" data-mrf-recirculation=\"Post - Veja tamb\u00e9m\">\n<p class=\"gp-styles-module-size-small-afeYRa gp-styles-module-font-family2-afeYRa gp-styles-module-color-secondary-afeYRa gp-styles-module-weight-bold-afeYRa\">VEJA TAMB\u00c9M:<\/p>\n<ul class=\"postViewMore_post-view-more-list__CU_CE\">\n<li class=\"postViewMore_post-view-more-item__2MzRb\"><span class=\"postViewMore_post-view-more-link-icon___stPC\"><svg xmlns=\"http:\/\/www.w3.org\/2000\/svg\" width=\"16\" height=\"16\" viewbox=\"0 0 16 16\"><rect width=\"16\" height=\"16\" fill=\"none\"\/><g transform=\"translate(3 3)\"><path d=\"M22.5,15l3.4,3.4-3.4,3.4\" transform=\"translate(-15.896 -11.793)\" fill=\"none\" stroke=\"#717171\" stroke-linecap=\"round\" stroke-width=\"1.4\"\/><path d=\"M6,6v4.2a2.452,2.452,0,0,0,2.5,2.4H16\" transform=\"translate(-6 -6)\" fill=\"none\" stroke=\"#717171\" stroke-linecap=\"round\" stroke-width=\"1.4\"\/><\/g><\/svg><\/span><span class=\"postViewMore_post-view-more-link-text__hO_kM\">Dias Toffoli \u00e9 sorteado relator de pedido no STF para que Congresso instale CPI do Master e BRB<\/span><\/li>\n<\/ul>\n<\/div>\n<h2 class=\"postParagraph_post-paragraph__juWZN postParagraph_post-paragraph-innerHtml__Q5vwc postParagraph_type-tag-h2__TtFkT\">A\u00e7\u00e3o alega omiss\u00e3o do presidente da C\u00e2mara<\/h2>\n<p class=\"postParagraph_post-paragraph__juWZN postParagraph_post-paragraph-innerHtml__Q5vwc\">Na a\u00e7\u00e3o para a qual Toffoli havia sido sorteado relator, Rollemberg sustenta que Motta teria afirmado publicamente que n\u00e3o seria poss\u00edvel instalar a CPI porque haveria uma \u201cfila\u201d de pedidos de comiss\u00f5es parlamentares de inqu\u00e9rito aguardando an\u00e1lise. O deputado argumenta que o regimento da C\u00e2mara n\u00e3o estabelece uma ordem cronol\u00f3gica para a instala\u00e7\u00e3o de CPIs, mas apenas limita o funcionamento simult\u00e2neo a cinco comiss\u00f5es.<\/p>\n<p class=\"postParagraph_post-paragraph__juWZN postParagraph_post-paragraph-innerHtml__Q5vwc\">O parlamentar tamb\u00e9m afirma que atualmente n\u00e3o h\u00e1 nenhuma CPI em funcionamento na C\u00e2mara, o que, em sua avalia\u00e7\u00e3o, eliminaria qualquer impedimento regimental para a instala\u00e7\u00e3o do colegiado.<\/p>\n<h2 class=\"postParagraph_post-paragraph__juWZN postParagraph_post-paragraph-innerHtml__Q5vwc postParagraph_type-tag-h2__TtFkT\">Toffoli j\u00e1 havia deixado outra relatoria relacionada ao caso Master<\/h2>\n<p class=\"postParagraph_post-paragraph__juWZN postParagraph_post-paragraph-innerHtml__Q5vwc\">Esta n\u00e3o \u00e9 a primeira vez que Toffoli se afasta de processos relacionados ao caso do Banco Master. O ministro j\u00e1 havia deixado a relatoria da a\u00e7\u00e3o que investiga o caso no STF ap\u00f3s a Pol\u00edcia Federal revelar que ele mantinha participa\u00e7\u00e3o societ\u00e1ria em uma empresa com seus irm\u00e3os.<\/p>\n<p class=\"postParagraph_post-paragraph__juWZN postParagraph_post-paragraph-innerHtml__Q5vwc\">Segundo as investiga\u00e7\u00f5es, essa empresa teria negociado parte de um resort de luxo no interior do Paran\u00e1 com fundos ligados ao Banco Master. Ap\u00f3s a revela\u00e7\u00e3o, o magistrado decidiu se afastar da relatoria do processo para evitar questionamentos sobre eventual conflito de interesses.<\/p>\n<p class=\"postParagraph_post-paragraph__juWZN postParagraph_post-paragraph-innerHtml__Q5vwc\">Ao se declarar suspeito na a\u00e7\u00e3o sobre a CPI, no entanto, Toffoli destacou que quaisquer hip\u00f3teses de suspei\u00e7\u00e3o ou impedimento contra ele em processos relacionados \u00e0 chamada &#8220;Opera\u00e7\u00e3o Compliance Zero&#8221; da Pol\u00edcia Federal j\u00e1 haviam sido definitivamente afastadas por decis\u00f5es transitadas em julgado.<\/p>\n<p class=\"postParagraph_post-paragraph__juWZN postParagraph_post-paragraph-innerHtml__Q5vwc\">Al\u00e9m disso, o ministro citou uma nota oficial de 12 de fevereiro de 2026, assinada pelos outros dez ministros do STF, que reafirmou a validade de seus atos e expressou apoio pessoal \u00e0 sua dignidade e atua\u00e7\u00e3o no caso.<\/p>\n<div class=\"postViewMore_post-view-more-container___5wai\" data-mrf-recirculation=\"Post - Veja tamb\u00e9m\">\n<p class=\"gp-styles-module-size-small-afeYRa gp-styles-module-font-family2-afeYRa gp-styles-module-color-secondary-afeYRa gp-styles-module-weight-bold-afeYRa\">VEJA TAMB\u00c9M:<\/p>\n<ul class=\"postViewMore_post-view-more-list__CU_CE\">\n<li class=\"postViewMore_post-view-more-item__2MzRb\"><span class=\"postViewMore_post-view-more-link-icon___stPC\"><svg xmlns=\"http:\/\/www.w3.org\/2000\/svg\" width=\"16\" height=\"16\" viewbox=\"0 0 16 16\"><rect width=\"16\" height=\"16\" fill=\"none\"\/><g transform=\"translate(3 3)\"><path d=\"M22.5,15l3.4,3.4-3.4,3.4\" transform=\"translate(-15.896 -11.793)\" fill=\"none\" stroke=\"#717171\" stroke-linecap=\"round\" stroke-width=\"1.4\"\/><path d=\"M6,6v4.2a2.452,2.452,0,0,0,2.5,2.4H16\" transform=\"translate(-6 -6)\" fill=\"none\" stroke=\"#717171\" stroke-linecap=\"round\" stroke-width=\"1.4\"\/><\/g><\/svg><\/span><span class=\"postViewMore_post-view-more-link-text__hO_kM\">Toffoli abre m\u00e3o do caso Master em troca de apoio no STF e preserva\u00e7\u00e3o de provas<\/span><\/li>\n<\/ul>\n<\/div>\n<\/div>\n<p><br \/>\n<br \/>Fonte: <a href=\"https:\/\/www.gazetadopovo.com.br\/republica\/dias-toffoli-se-declara-suspeito-em-acao-sobre-cpi-do-master\/\">Revista Oeste<\/a><\/p>\n","protected":false},"excerpt":{"rendered":"<p>O ministro do Supremo Tribunal Federal (STF) Dias Toffoli decidiu declarar sua\u00a0suspei\u00e7\u00e3o por foro \u00edntimo, na a\u00e7\u00e3o que pedia instala\u00e7\u00e3o da CPI para investigar o relacionamento do Banco Master com o Banco de Bras\u00edlia (BRB). Mais cedo, Toffoli havia sido sorteado relator do mandado de seguran\u00e7a\u00a0impetrado pelo deputado Rodrigo Rollemberg (PSB-DF) contra uma suposta\u00a0omiss\u00e3o do [&hellip;]<\/p>\n","protected":false},"author":5,"featured_media":65744,"comment_status":"open","ping_status":"open","sticky":false,"template":"","format":"standard","meta":{"_seopress_robots_primary_cat":"","_seopress_titles_title":"","_seopress_titles_desc":"","_seopress_robots_index":"","footnotes":""},"categories":[1],"tags":[],"class_list":["post-67463","post","type-post","status-publish","format-standard","has-post-thumbnail","hentry","category-ultimas-noticias"],"_links":{"self":[{"href":"https:\/\/mussicom.com\/noticias\/wp-json\/wp\/v2\/posts\/67463","targetHints":{"allow":["GET"]}}],"collection":[{"href":"https:\/\/mussicom.com\/noticias\/wp-json\/wp\/v2\/posts"}],"about":[{"href":"https:\/\/mussicom.com\/noticias\/wp-json\/wp\/v2\/types\/post"}],"author":[{"embeddable":true,"href":"https:\/\/mussicom.com\/noticias\/wp-json\/wp\/v2\/users\/5"}],"replies":[{"embeddable":true,"href":"https:\/\/mussicom.com\/noticias\/wp-json\/wp\/v2\/comments?post=67463"}],"version-history":[{"count":0,"href":"https:\/\/mussicom.com\/noticias\/wp-json\/wp\/v2\/posts\/67463\/revisions"}],"wp:featuredmedia":[{"embeddable":true,"href":"https:\/\/mussicom.com\/noticias\/wp-json\/wp\/v2\/media\/65744"}],"wp:attachment":[{"href":"https:\/\/mussicom.com\/noticias\/wp-json\/wp\/v2\/media?parent=67463"}],"wp:term":[{"taxonomy":"category","embeddable":true,"href":"https:\/\/mussicom.com\/noticias\/wp-json\/wp\/v2\/categories?post=67463"},{"taxonomy":"post_tag","embeddable":true,"href":"https:\/\/mussicom.com\/noticias\/wp-json\/wp\/v2\/tags?post=67463"}],"curies":[{"name":"wp","href":"https:\/\/api.w.org\/{rel}","templated":true}]}}