{"id":67435,"date":"2026-03-11T15:35:17","date_gmt":"2026-03-11T18:35:17","guid":{"rendered":"https:\/\/mussicom.com\/estado-confirma-caso-de-sarampo-e-alerta-para-importancia-da-vacina\/"},"modified":"2026-03-11T15:35:17","modified_gmt":"2026-03-11T18:35:17","slug":"estado-confirma-caso-de-sarampo-e-alerta-para-importancia-da-vacina","status":"publish","type":"post","link":"https:\/\/mussicom.com\/noticias\/estado-confirma-caso-de-sarampo-e-alerta-para-importancia-da-vacina\/","title":{"rendered":"Estado confirma caso de sarampo e alerta para import\u00e2ncia da vacina"},"content":{"rendered":"<p> <br \/>\n<\/p>\n<div>\n<p>A Secretaria de Estado da Sa\u00fade de S\u00e3o Paulo confirma um caso de sarampo importado no munic\u00edpio de S\u00e3o Paulo. A paciente \u00e9 uma crian\u00e7a de seis meses, do sexo feminino, sem hist\u00f3rico de vacina\u00e7\u00e3o e com registro de deslocamento para a Bol\u00edvia em janeiro deste ano. O caso foi notificado \u00e0 Secretaria em fevereiro, e confirmado por exames laboratoriais neste m\u00eas. O Centro de Vigil\u00e2ncia Epidemiol\u00f3gica de S\u00e3o Paulo emitiu alerta na segunda-feira (9).<\/p>\n<p>De acordo com o governo, \u00e9 o primeiro caso confirmado no estado de S\u00e3o Paulo, em 2026. No ano passado, foram registrados dois casos importados da doen\u00e7a no territ\u00f3rio paulista. A Secretaria da Sa\u00fade ressalta que monitora continuamente o cen\u00e1rio epidemiol\u00f3gico do sarampo e refor\u00e7a que a vacina\u00e7\u00e3o \u00e9 a principal forma de preven\u00e7\u00e3o.<\/p>\n<p><strong>VACINA\u00c7\u00c3O<\/strong><br \/>Para crian\u00e7as, a imuniza\u00e7\u00e3o contra o sarampo faz parte do Calend\u00e1rio Nacional de Vacina\u00e7\u00e3o. A administra\u00e7\u00e3o da primeira dose deve ser aplicada aos 12 meses de idade (tr\u00edplice viral \u2013 sarampo, caxumba e rub\u00e9ola) e a segunda aos 15 meses (tetra viral\u2013 sarampo, caxumba, rub\u00e9ola e varicela).<\/p>\n<p>No caso de pessoas com idade entre cinco e 29 anos, elas devem tomar duas doses da vacina com intervalo m\u00ednimo de 30 dias entre as<\/p>\n<p>doses. A pessoa que comprovar duas doses da vacina tr\u00edplice viral ser\u00e1 considerada vacinada. J\u00e1 quem tem entre 30 e 59 anos de idade deve tomar uma dose da vacina \u2013 comprovada que recebeu uma dose da tr\u00edplice viral, ser\u00e1 considerada vacinada. Os trabalhadores da \u00e1rea da sa\u00fade devem receber duas doses de tr\u00edplice viral, a depender da situa\u00e7\u00e3o vacinal encontrada, independentemente da idade. S\u00e3o considerados vacinados os profissionais da sa\u00fade que comprovarem duas doses da tr\u00edplice viral.<\/p>\n<p>A Secretaria de Estado da Sa\u00fade explica que o sarampo \u00e9 uma doen\u00e7a aguda causada por um v\u00edrus altamente transmiss\u00edvel, que pode levar a complica\u00e7\u00f5es. \u201cCasos graves s\u00e3o mais comuns em menores de 5 anos de idade, sobretudo crian\u00e7as desnutridas, em adultos maiores de 20 anos, em indiv\u00edduos com doen\u00e7as que provocam a baixa imunidade e outras condi\u00e7\u00f5es de vulnerabilidade. As complica\u00e7\u00f5es que podem ocorrer s\u00e3o otite m\u00e9dia, broncopneumonia, diarreia e encefalite. Mortes podem decorrer de complica\u00e7\u00f5es, especialmente pneumonia, infec\u00e7\u00e3o nos pulm\u00f5es e a encefalite, infec\u00e7\u00e3o no sistema nervoso central que provoca inflama\u00e7\u00e3o do c\u00e9rebro\u201d, afirma texto publicado no portal https:\/\/www.vacina100duvidas.sp.gov.br\/.<\/p>\n<p><strong>D\u00daVIDAS<\/strong><br \/>Ali\u00e1s, o portal Vacina 100 D\u00favidas re\u00fane as perguntas mais frequentes da popula\u00e7\u00e3o sobre vacina\u00e7\u00e3o, efeitos colaterais, efic\u00e1cia dos imunizantes, doen\u00e7as imunopreven\u00edveis e os riscos da n\u00e3o vacina\u00e7\u00e3o.<\/p>\n<\/div>\n<p><br \/>\n<br \/>Fonte: <a href=\"https:\/\/jornaldaorla.com.br\/noticias\/estado-confirma-caso-de-sarampo-e-alerta-para-importancia-da-vacinacao\/\">Jornal Da Orla<\/a><\/p>\n","protected":false},"excerpt":{"rendered":"<p>A Secretaria de Estado da Sa\u00fade de S\u00e3o Paulo confirma um caso de sarampo importado no munic\u00edpio de S\u00e3o Paulo. A paciente \u00e9 uma crian\u00e7a de seis meses, do sexo feminino, sem hist\u00f3rico de vacina\u00e7\u00e3o e com registro de deslocamento para a Bol\u00edvia em janeiro deste ano. O caso foi notificado \u00e0 Secretaria em fevereiro, [&hellip;]<\/p>\n","protected":false},"author":5,"featured_media":67436,"comment_status":"open","ping_status":"open","sticky":false,"template":"","format":"standard","meta":{"_seopress_robots_primary_cat":"","_seopress_titles_title":"","_seopress_titles_desc":"","_seopress_robots_index":"","footnotes":""},"categories":[52],"tags":[],"class_list":["post-67435","post","type-post","status-publish","format-standard","has-post-thumbnail","hentry","category-santoseregiao"],"_links":{"self":[{"href":"https:\/\/mussicom.com\/noticias\/wp-json\/wp\/v2\/posts\/67435","targetHints":{"allow":["GET"]}}],"collection":[{"href":"https:\/\/mussicom.com\/noticias\/wp-json\/wp\/v2\/posts"}],"about":[{"href":"https:\/\/mussicom.com\/noticias\/wp-json\/wp\/v2\/types\/post"}],"author":[{"embeddable":true,"href":"https:\/\/mussicom.com\/noticias\/wp-json\/wp\/v2\/users\/5"}],"replies":[{"embeddable":true,"href":"https:\/\/mussicom.com\/noticias\/wp-json\/wp\/v2\/comments?post=67435"}],"version-history":[{"count":0,"href":"https:\/\/mussicom.com\/noticias\/wp-json\/wp\/v2\/posts\/67435\/revisions"}],"wp:featuredmedia":[{"embeddable":true,"href":"https:\/\/mussicom.com\/noticias\/wp-json\/wp\/v2\/media\/67436"}],"wp:attachment":[{"href":"https:\/\/mussicom.com\/noticias\/wp-json\/wp\/v2\/media?parent=67435"}],"wp:term":[{"taxonomy":"category","embeddable":true,"href":"https:\/\/mussicom.com\/noticias\/wp-json\/wp\/v2\/categories?post=67435"},{"taxonomy":"post_tag","embeddable":true,"href":"https:\/\/mussicom.com\/noticias\/wp-json\/wp\/v2\/tags?post=67435"}],"curies":[{"name":"wp","href":"https:\/\/api.w.org\/{rel}","templated":true}]}}