{"id":6743,"date":"2025-03-18T23:11:02","date_gmt":"2025-03-19T02:11:02","guid":{"rendered":"https:\/\/mussicom.com\/lula-volta-a-defender-censura-nas-redes-sociais\/"},"modified":"2025-03-18T23:11:02","modified_gmt":"2025-03-19T02:11:02","slug":"lula-volta-a-defender-censura-nas-redes-sociais","status":"publish","type":"post","link":"https:\/\/mussicom.com\/noticias\/lula-volta-a-defender-censura-nas-redes-sociais\/","title":{"rendered":"Lula volta a defender censura nas redes sociais"},"content":{"rendered":"<p> <br \/>\n<\/p>\n<div id=\"hd80s9wa1h892edh8192\">\n<p>O presidente Luiz In\u00e1cio Lula da Silva voltou a defender a censura nas redes sociais. Durante evento da Ordem dos Advogados do Brasil (OAB), que ocorreu em Bras\u00edlia, nesta segunda-feira, 17, o petista disse que o controle \u00e9 necess\u00e1rio para proteger o que ele chamou de \u201ccolonialismo digital\u201d.<\/p>\n<p><strong>+ Leia mais not\u00edcias de Pol\u00edtica em Oeste<\/strong><\/p>\n<p>De acordo com Lula, a concentra\u00e7\u00e3o de poder das grandes empresas de tecnologia exige uma \u201caten\u00e7\u00e3o urgente\u201d. Ele tamb\u00e9m disse que essas companhias criam \u201coligarquias digitais\u201d.<\/p>\n<h2 class=\"wp-block-heading\">Moraes concorda com Lula<\/h2>\n<p>Lula n\u00e3o \u00e9 o \u00fanico representante dos Tr\u00eas Poderes da Rep\u00fablica que defende a censura nas redes sociais. Recentemente, o ministro Alexandre de Moraes, do Supremo Tribunal Federal (<strong>STF<\/strong>), afirmou que as na\u00e7\u00f5es devem se unir para garantir que as grandes empresas que administram as redes respeitem a soberania dos pa\u00edses.<\/p>\n<blockquote class=\"wp-block-quote is-layout-flow wp-block-quote-is-layout-flow\">\n<p>O magistrado afirmou que, sem a\u00e7\u00e3o, pode ser \u201ctarde demais\u201d.<\/p>\n<\/blockquote>\n<p>Lula, por sua vez, disse que h\u00e1 \u201cuma concentra\u00e7\u00e3o de poder sem precedentes\u201d nessas empresas. De acordo com o petista, esses grupos exercem um poder absoluto, ignoram fronteiras e amea\u00e7am jurisdi\u00e7\u00f5es nacionais.<\/p>\n<h2 class=\"wp-block-heading\">A decis\u00e3o que pode afetar Moraes<\/h2>\n<p>Em fevereiro, o deputado norte-americano Darrell Issa mandou um recado aos ju\u00edzes que censuram cidad\u00e3os nas redes sociais.<\/p>\n<p>Em postagem no X, o parlamentar afirmou que, se algum desses magistrados censurar um cidad\u00e3o norte-americano, n\u00e3o ser\u00e1 bem-vindo nos Estados Unidos.<\/p>\n<figure class=\"wp-block-embed is-type-rich is-provider-twitter wp-block-embed-twitter\">\n<div class=\"wp-block-embed__wrapper\">\n<blockquote class=\"twitter-tweet\" data-width=\"500\" data-dnt=\"true\">\n<p lang=\"pt\" dir=\"ltr\">O deputado norte-americano Darrell Issa afirmou que os Estados Unidos se esfor\u00e7am para exportar a liberdade de express\u00e3o h\u00e1 mais de 200 anos. Por esse motivo, o parlamentar protocolou o projeto de lei para proibir a entrada nos EUA de ju\u00edzes que promovem a censura em seus pa\u00edses. <a href=\"https:\/\/t.co\/FMQKFxeEH8\">pic.twitter.com\/FMQKFxeEH8<\/a><\/p>\n<p>\u2014 Revista Oeste (@revistaoeste) <a href=\"https:\/\/twitter.com\/revistaoeste\/status\/1894891677430510073?ref_src=twsrc%5Etfw\">February 26, 2025<\/a><\/p><\/blockquote>\n<\/div>\n<\/figure>\n<p>Ele deu a declara\u00e7\u00e3o no mesmo dia que a Comiss\u00e3o de Justi\u00e7a da C\u00e2mara dos Representantes dos EUA (equivalente \u00e0 Comiss\u00e3o de Constitui\u00e7\u00e3o e Justi\u00e7a do Brasil) aprovou um projeto de sua autoria.<\/p>\n<p>Batizada de No Censors on Our Shores Act (Sem Censores em Nosso Territ\u00f3rio), a proposta visa a proibir a entrada ou permitir a deporta\u00e7\u00e3o de autoridades estrangeiras acusadas de censurar cidad\u00e3os norte-americanos. Caso sancionada, a nova legisla\u00e7\u00e3o poder\u00e1 afetar Moraes.<\/p>\n<p><related-posts class=\"border-y border-gray-300 py-5\"><\/p>\n<h2 class=\"!text-2xl text-black font-primary font-semibold leading-none mb-3\">\n    Leia tamb\u00e9m:<br \/>\n  <\/h2>\n<p><\/related-posts><\/p><\/div>\n<p><script async src=\"\/\/platform.twitter.com\/widgets.js\" charset=\"utf-8\"><\/script><br \/>\n<br \/><br \/>\n<br \/>Fonte: <a href=\"https:\/\/revistaoeste.com\/politica\/lula-fala-em-colonialismo-digital-e-volta-a-defender-censura-nas-redes-sociais\/\">Ag\u00eancia Brasil<\/a><\/p>\n","protected":false},"excerpt":{"rendered":"<p>O presidente Luiz In\u00e1cio Lula da Silva voltou a defender a censura nas redes sociais. Durante evento da Ordem dos Advogados do Brasil (OAB), que ocorreu em Bras\u00edlia, nesta segunda-feira, 17, o petista disse que o controle \u00e9 necess\u00e1rio para proteger o que ele chamou de \u201ccolonialismo digital\u201d. + Leia mais not\u00edcias de Pol\u00edtica em [&hellip;]<\/p>\n","protected":false},"author":5,"featured_media":6744,"comment_status":"open","ping_status":"open","sticky":false,"template":"","format":"standard","meta":{"_seopress_robots_primary_cat":"","_seopress_titles_title":"","_seopress_titles_desc":"","_seopress_robots_index":"","footnotes":""},"categories":[47,1],"tags":[],"class_list":["post-6743","post","type-post","status-publish","format-standard","has-post-thumbnail","hentry","category-politica","category-ultimas-noticias"],"_links":{"self":[{"href":"https:\/\/mussicom.com\/noticias\/wp-json\/wp\/v2\/posts\/6743","targetHints":{"allow":["GET"]}}],"collection":[{"href":"https:\/\/mussicom.com\/noticias\/wp-json\/wp\/v2\/posts"}],"about":[{"href":"https:\/\/mussicom.com\/noticias\/wp-json\/wp\/v2\/types\/post"}],"author":[{"embeddable":true,"href":"https:\/\/mussicom.com\/noticias\/wp-json\/wp\/v2\/users\/5"}],"replies":[{"embeddable":true,"href":"https:\/\/mussicom.com\/noticias\/wp-json\/wp\/v2\/comments?post=6743"}],"version-history":[{"count":0,"href":"https:\/\/mussicom.com\/noticias\/wp-json\/wp\/v2\/posts\/6743\/revisions"}],"wp:featuredmedia":[{"embeddable":true,"href":"https:\/\/mussicom.com\/noticias\/wp-json\/wp\/v2\/media\/6744"}],"wp:attachment":[{"href":"https:\/\/mussicom.com\/noticias\/wp-json\/wp\/v2\/media?parent=6743"}],"wp:term":[{"taxonomy":"category","embeddable":true,"href":"https:\/\/mussicom.com\/noticias\/wp-json\/wp\/v2\/categories?post=6743"},{"taxonomy":"post_tag","embeddable":true,"href":"https:\/\/mussicom.com\/noticias\/wp-json\/wp\/v2\/tags?post=6743"}],"curies":[{"name":"wp","href":"https:\/\/api.w.org\/{rel}","templated":true}]}}