{"id":67408,"date":"2026-03-11T13:28:56","date_gmt":"2026-03-11T16:28:56","guid":{"rendered":"https:\/\/mussicom.com\/direita-marca-presenca-na-posse-do-novo-presidente-do-chile\/"},"modified":"2026-03-11T13:28:56","modified_gmt":"2026-03-11T16:28:56","slug":"direita-marca-presenca-na-posse-do-novo-presidente-do-chile","status":"publish","type":"post","link":"https:\/\/mussicom.com\/noticias\/direita-marca-presenca-na-posse-do-novo-presidente-do-chile\/","title":{"rendered":"Direita marca presen\u00e7a na posse do novo presidente do Chile"},"content":{"rendered":"<p> <br \/>\n<\/p>\n<div id=\"tp-post-content\">\n<p class=\"postParagraph_post-paragraph__juWZN postParagraph_post-paragraph-innerHtml__Q5vwc\">A posse do novo presidente do Chile, Jos\u00e9 Antonio Kast, foi marcada pela presen\u00e7a de diversos representantes da direita na Am\u00e9rica Latina nesta quarta-feira (11). Entre eles est\u00e3o o presidente da Argentina, Javier Milei, e o senador e pr\u00e9-candidato \u00e0 Presid\u00eancia do Brasil Fl\u00e1vio Bolsonaro (PL-RJ).<\/p>\n<p class=\"postParagraph_post-paragraph__juWZN postParagraph_post-paragraph-innerHtml__Q5vwc\">A cerim\u00f4nia solene acontece na cidade litor\u00e2nea de Valpara\u00edso. Parlamentares de todos os partidos, figuras ligadas \u00e0 direita internacional e uma d\u00fazia de chefes de Estado e de governo aceitaram o convite para participar do evento, incluindo o rei Felipe VI da Espanha, a l\u00edder de oposi\u00e7\u00e3o na Venezuela Mar\u00eda Corina Machado e o presidente da Bol\u00edvia, o direitista Rodrigo Paz. O presidente Luiz In\u00e1cio Lula da Silva (PT) cancelou a viagem oficial e enviou seu ministro das Rela\u00e7\u00f5es Exteriores, Mauro Vieira.<\/p>\n<p class=\"postParagraph_post-paragraph__juWZN postParagraph_post-paragraph-innerHtml__Q5vwc\">Al\u00e9m de Milei e do monarca espanhol, os presidentes do Equador, Daniel Noboa; do Panam\u00e1, Jos\u00e9 Ra\u00fal Mulino; de Honduras, Nasry Asfura; Costa Rica, Rodrigo Chaves; Paraguai, Santiago Pe\u00f1a; e Uruguai, Yamand\u00fa Orsi, marcaram presen\u00e7a na cerim\u00f4nia.<\/p>\n<p class=\"postParagraph_post-paragraph__juWZN postParagraph_post-paragraph-innerHtml__Q5vwc\">Kast recebeu a faixa presidencial no Sal\u00e3o de Honra do Senado chileno das m\u00e3os da nova presidente da C\u00e2mara Alta, a conservadora Paulina N\u00fa\u00f1ez. A sess\u00e3o solene marcou o fim dos anos da esquerda no poder, sob a lideran\u00e7a de Gabriel Boric.<\/p>\n<div class=\"postImage_post-content-image__2CJdu\"><picture class=\"imageDefault_image-container__XGd8_\"><source type=\"image\/webp\" srcset=\"https:\/\/media.gazetadopovo.com.br\/2026\/03\/11130225\/4b16e26c752715b6266268737f08718404e217dcw-1280x720.jpg.webp 1280w, https:\/\/media.gazetadopovo.com.br\/2026\/03\/11130225\/4b16e26c752715b6266268737f08718404e217dcw-960x540.jpg.webp 960w, https:\/\/media.gazetadopovo.com.br\/2026\/03\/11130225\/4b16e26c752715b6266268737f08718404e217dcw-660x372.jpg.webp 660w, https:\/\/media.gazetadopovo.com.br\/2026\/03\/11130225\/4b16e26c752715b6266268737f08718404e217dcw-540x360.jpg.webp 540w, https:\/\/media.gazetadopovo.com.br\/2026\/03\/11130225\/4b16e26c752715b6266268737f08718404e217dcw-380x214.jpg.webp 380w, https:\/\/media.gazetadopovo.com.br\/2026\/03\/11130225\/4b16e26c752715b6266268737f08718404e217dcw-720x720.jpg.webp 720w, https:\/\/media.gazetadopovo.com.br\/2026\/03\/11130225\/4b16e26c752715b6266268737f08718404e217dcw-540x540.jpg.webp 540w, https:\/\/media.gazetadopovo.com.br\/2026\/03\/11130225\/4b16e26c752715b6266268737f08718404e217dcw-372x372.jpg.webp 372w, https:\/\/media.gazetadopovo.com.br\/2026\/03\/11130225\/4b16e26c752715b6266268737f08718404e217dcw-214x214.jpg.webp 214w, https:\/\/media.gazetadopovo.com.br\/2026\/03\/11130225\/4b16e26c752715b6266268737f08718404e217dcw.jpg.webp 1920w\" sizes=\"(max-width: 767px) 328px, 638px\"\/><source type=\"image\/jpeg\" srcset=\"https:\/\/media.gazetadopovo.com.br\/2026\/03\/11130225\/4b16e26c752715b6266268737f08718404e217dcw-1280x720.jpg.webp 1280w, https:\/\/media.gazetadopovo.com.br\/2026\/03\/11130225\/4b16e26c752715b6266268737f08718404e217dcw-960x540.jpg.webp 960w, https:\/\/media.gazetadopovo.com.br\/2026\/03\/11130225\/4b16e26c752715b6266268737f08718404e217dcw-660x372.jpg.webp 660w, https:\/\/media.gazetadopovo.com.br\/2026\/03\/11130225\/4b16e26c752715b6266268737f08718404e217dcw-540x360.jpg.webp 540w, https:\/\/media.gazetadopovo.com.br\/2026\/03\/11130225\/4b16e26c752715b6266268737f08718404e217dcw-380x214.jpg.webp 380w, https:\/\/media.gazetadopovo.com.br\/2026\/03\/11130225\/4b16e26c752715b6266268737f08718404e217dcw-720x720.jpg.webp 720w, https:\/\/media.gazetadopovo.com.br\/2026\/03\/11130225\/4b16e26c752715b6266268737f08718404e217dcw-540x540.jpg.webp 540w, https:\/\/media.gazetadopovo.com.br\/2026\/03\/11130225\/4b16e26c752715b6266268737f08718404e217dcw-372x372.jpg.webp 372w, https:\/\/media.gazetadopovo.com.br\/2026\/03\/11130225\/4b16e26c752715b6266268737f08718404e217dcw-214x214.jpg.webp 214w, https:\/\/media.gazetadopovo.com.br\/2026\/03\/11130225\/4b16e26c752715b6266268737f08718404e217dcw.jpg.webp 1920w\" sizes=\"(max-width: 767px) 328px, 638px\"\/><\/picture><i class=\"postImage_post-image-caption__yoE82\">O presidente paraguaio Santiago Pe\u00f1a e sua esposa, Leticia Ocampos. Cr\u00e9dito: EFE\/Ailen Diaz<!-- --> <!-- -->(Foto: EFE)<\/i><\/div>\n<p class=\"postParagraph_post-paragraph__juWZN postParagraph_post-paragraph-innerHtml__Q5vwc\">O presidente eleito estendeu o convite \u00e0 cerim\u00f4nia para mais de mil convidados. A aus\u00eancia de Lula foi uma das grandes surpresas do evento oficial. A imprensa especulou que o cancelamento da viagem pode ter liga\u00e7\u00e3o com o fato do pr\u00e9-candidato Fl\u00e1vio Bolsonaro confirmar presen\u00e7a na posse.<\/p>\n<p class=\"postParagraph_post-paragraph__juWZN postParagraph_post-paragraph-innerHtml__Q5vwc\">Um dos filhos do ex-presidente Jair Bolsonaro \u00e9 considerado o principal advers\u00e1rio do petista nas elei\u00e7\u00f5es de outubro. Lula foi alvo de cr\u00edticas do presidente chileno no passado. Em uma das declara\u00e7\u00f5es, Kast chegou a cham\u00e1-lo de &#8220;corrupto&#8221;.<\/p>\n<p class=\"postParagraph_post-paragraph__juWZN postParagraph_post-paragraph-innerHtml__Q5vwc\">Al\u00e9m de Lula, outros l\u00edderes de esquerda que n\u00e3o estiveram presentes no evento s\u00e3o\u00a0a presidente mexicana,\u00a0Claudia Sheinbaum e o colombiano\u00a0 Gustavo Petro.<\/p>\n<h2 class=\"postParagraph_post-paragraph__juWZN postParagraph_post-paragraph-innerHtml__Q5vwc postParagraph_type-tag-h2__TtFkT\">Agenda presidencial ap\u00f3s a posse<\/h2>\n<p class=\"postParagraph_post-paragraph__juWZN postParagraph_post-paragraph-innerHtml__Q5vwc\">Ap\u00f3s a cerim\u00f4nia, Kast oferecer\u00e1 um almo\u00e7o para as autoridades estrangeiras presentes na posse e, \u00e0 tarde, viajar\u00e1 para Santiago para seu primeiro evento oficial em uma escola da capital.<\/p>\n<div class=\"postImage_post-content-image__2CJdu\"><picture class=\"imageDefault_image-container__XGd8_\"><source type=\"image\/webp\" srcset=\"https:\/\/media.gazetadopovo.com.br\/2026\/03\/11130350\/93d64663abaffd29c777715d1514839919ee113aw-1280x720.jpg.webp 1280w, https:\/\/media.gazetadopovo.com.br\/2026\/03\/11130350\/93d64663abaffd29c777715d1514839919ee113aw-960x540.jpg.webp 960w, https:\/\/media.gazetadopovo.com.br\/2026\/03\/11130350\/93d64663abaffd29c777715d1514839919ee113aw-660x372.jpg.webp 660w, https:\/\/media.gazetadopovo.com.br\/2026\/03\/11130350\/93d64663abaffd29c777715d1514839919ee113aw-540x360.jpg.webp 540w, https:\/\/media.gazetadopovo.com.br\/2026\/03\/11130350\/93d64663abaffd29c777715d1514839919ee113aw-380x214.jpg.webp 380w, https:\/\/media.gazetadopovo.com.br\/2026\/03\/11130350\/93d64663abaffd29c777715d1514839919ee113aw-720x720.jpg.webp 720w, https:\/\/media.gazetadopovo.com.br\/2026\/03\/11130350\/93d64663abaffd29c777715d1514839919ee113aw-540x540.jpg.webp 540w, https:\/\/media.gazetadopovo.com.br\/2026\/03\/11130350\/93d64663abaffd29c777715d1514839919ee113aw-372x372.jpg.webp 372w, https:\/\/media.gazetadopovo.com.br\/2026\/03\/11130350\/93d64663abaffd29c777715d1514839919ee113aw-214x214.jpg.webp 214w, https:\/\/media.gazetadopovo.com.br\/2026\/03\/11130350\/93d64663abaffd29c777715d1514839919ee113aw.jpg.webp 1920w\" sizes=\"(max-width: 767px) 328px, 638px\"\/><source type=\"image\/jpeg\" srcset=\"https:\/\/media.gazetadopovo.com.br\/2026\/03\/11130350\/93d64663abaffd29c777715d1514839919ee113aw-1280x720.jpg.webp 1280w, https:\/\/media.gazetadopovo.com.br\/2026\/03\/11130350\/93d64663abaffd29c777715d1514839919ee113aw-960x540.jpg.webp 960w, https:\/\/media.gazetadopovo.com.br\/2026\/03\/11130350\/93d64663abaffd29c777715d1514839919ee113aw-660x372.jpg.webp 660w, https:\/\/media.gazetadopovo.com.br\/2026\/03\/11130350\/93d64663abaffd29c777715d1514839919ee113aw-540x360.jpg.webp 540w, https:\/\/media.gazetadopovo.com.br\/2026\/03\/11130350\/93d64663abaffd29c777715d1514839919ee113aw-380x214.jpg.webp 380w, https:\/\/media.gazetadopovo.com.br\/2026\/03\/11130350\/93d64663abaffd29c777715d1514839919ee113aw-720x720.jpg.webp 720w, https:\/\/media.gazetadopovo.com.br\/2026\/03\/11130350\/93d64663abaffd29c777715d1514839919ee113aw-540x540.jpg.webp 540w, https:\/\/media.gazetadopovo.com.br\/2026\/03\/11130350\/93d64663abaffd29c777715d1514839919ee113aw-372x372.jpg.webp 372w, https:\/\/media.gazetadopovo.com.br\/2026\/03\/11130350\/93d64663abaffd29c777715d1514839919ee113aw-214x214.jpg.webp 214w, https:\/\/media.gazetadopovo.com.br\/2026\/03\/11130350\/93d64663abaffd29c777715d1514839919ee113aw.jpg.webp 1920w\" sizes=\"(max-width: 767px) 328px, 638px\"\/><img loading=\"lazy\" alt=\"\" loading=\"lazy\" width=\"638\" height=\"359\" decoding=\"async\" data-nimg=\"1\" class=\"imageDefault_image-item__lU2Dk\" style=\"color:transparent\" src=\"https:\/\/media.gazetadopovo.com.br\/2026\/03\/11130350\/93d64663abaffd29c777715d1514839919ee113aw.jpg.webp\"\/><\/picture><i class=\"postImage_post-image-caption__yoE82\">O presidente boliviano Rodrigo Paz e sua esposa, Mar\u00eda Elena Urquidi, chegam para a posse do novo presidente do Chile. Cr\u00e9dito: EFE\/Ailen Diaz<!-- --> <!-- -->(Foto: EFE)<\/i><\/div>\n<p class=\"postParagraph_post-paragraph__juWZN postParagraph_post-paragraph-innerHtml__Q5vwc\">\u00c0 noite, far\u00e1 seu primeiro discurso como presidente no Pal\u00e1cio de La Moneda, onde delinear\u00e1 as prioridades de seu governo.<\/p>\n<p class=\"postParagraph_post-paragraph__juWZN postParagraph_post-paragraph-innerHtml__Q5vwc\">Pai de nove filhos e um cr\u00edtico ferrenho do aborto, o presidente prometeu durante sua campanha que n\u00e3o travaria a &#8220;batalha cultural&#8221; sobre liberdades individuais, mas que se concentraria nas principais preocupa\u00e7\u00f5es dos chilenos: seguran\u00e7a, imigra\u00e7\u00e3o irregular e economia.<\/p>\n<p class=\"postParagraph_post-paragraph__juWZN postParagraph_post-paragraph-innerHtml__Q5vwc\">Kast, que governar\u00e1 com o apoio de seu partido \u2014 o Partido Republicano \u2014 e da direita tradicional, ter\u00e1 que lidar com um Parlamento dividido e sem maiorias claras.\u00a0<\/p>\n<\/div>\n<p><br \/>\n<br \/>Fonte: <a href=\"https:\/\/www.gazetadopovo.com.br\/mundo\/milei-paz-flavio-bolsonaro-direita-marca-presenca-posse-novo-presidente-chile\/\">Revista Oeste<\/a><\/p>\n","protected":false},"excerpt":{"rendered":"<p>A posse do novo presidente do Chile, Jos\u00e9 Antonio Kast, foi marcada pela presen\u00e7a de diversos representantes da direita na Am\u00e9rica Latina nesta quarta-feira (11). Entre eles est\u00e3o o presidente da Argentina, Javier Milei, e o senador e pr\u00e9-candidato \u00e0 Presid\u00eancia do Brasil Fl\u00e1vio Bolsonaro (PL-RJ). A cerim\u00f4nia solene acontece na cidade litor\u00e2nea de Valpara\u00edso. [&hellip;]<\/p>\n","protected":false},"author":5,"featured_media":67409,"comment_status":"open","ping_status":"open","sticky":false,"template":"","format":"standard","meta":{"_seopress_robots_primary_cat":"","_seopress_titles_title":"","_seopress_titles_desc":"","_seopress_robots_index":"","footnotes":""},"categories":[48],"tags":[],"class_list":["post-67408","post","type-post","status-publish","format-standard","has-post-thumbnail","hentry","category-internacional"],"_links":{"self":[{"href":"https:\/\/mussicom.com\/noticias\/wp-json\/wp\/v2\/posts\/67408","targetHints":{"allow":["GET"]}}],"collection":[{"href":"https:\/\/mussicom.com\/noticias\/wp-json\/wp\/v2\/posts"}],"about":[{"href":"https:\/\/mussicom.com\/noticias\/wp-json\/wp\/v2\/types\/post"}],"author":[{"embeddable":true,"href":"https:\/\/mussicom.com\/noticias\/wp-json\/wp\/v2\/users\/5"}],"replies":[{"embeddable":true,"href":"https:\/\/mussicom.com\/noticias\/wp-json\/wp\/v2\/comments?post=67408"}],"version-history":[{"count":0,"href":"https:\/\/mussicom.com\/noticias\/wp-json\/wp\/v2\/posts\/67408\/revisions"}],"wp:featuredmedia":[{"embeddable":true,"href":"https:\/\/mussicom.com\/noticias\/wp-json\/wp\/v2\/media\/67409"}],"wp:attachment":[{"href":"https:\/\/mussicom.com\/noticias\/wp-json\/wp\/v2\/media?parent=67408"}],"wp:term":[{"taxonomy":"category","embeddable":true,"href":"https:\/\/mussicom.com\/noticias\/wp-json\/wp\/v2\/categories?post=67408"},{"taxonomy":"post_tag","embeddable":true,"href":"https:\/\/mussicom.com\/noticias\/wp-json\/wp\/v2\/tags?post=67408"}],"curies":[{"name":"wp","href":"https:\/\/api.w.org\/{rel}","templated":true}]}}