{"id":67339,"date":"2026-03-11T05:27:21","date_gmt":"2026-03-11T08:27:21","guid":{"rendered":"https:\/\/mussicom.com\/inmet-mantem-alerta-de-perigo-para-temporais-em-todo-o-pais\/"},"modified":"2026-03-11T05:27:21","modified_gmt":"2026-03-11T08:27:21","slug":"inmet-mantem-alerta-de-perigo-para-temporais-em-todo-o-pais","status":"publish","type":"post","link":"https:\/\/mussicom.com\/noticias\/inmet-mantem-alerta-de-perigo-para-temporais-em-todo-o-pais\/","title":{"rendered":"Inmet mant\u00e9m alerta de perigo para temporais em todo o pa\u00eds"},"content":{"rendered":"<p> <br \/>\n<\/p>\n<div id=\"texto\">\n<p>O Instituto Nacional de Meteorologia (Inmet) emitiu alertas de perigo para chuvas intensas em todas as regi\u00f5es do pa\u00eds. Os maiores acumulados de chuva nesta semana, at\u00e9 a pr\u00f3xima segunda-feira (16), s\u00e3o previstos para o\u00a0<strong>norte do estado de S\u00e3o Paulo, Tri\u00e2ngulo Mineiro, sul de Goi\u00e1s e \u00e1reas do norte de Mato Grosso do Sul e da Amaz\u00f4nia Legal<\/strong>.<img decoding=\"async\" src=\"https:\/\/agenciabrasil.ebc.com.br\/ebc.gif?id=1681351&amp;o=node\"\/><\/p>\n<p>Para esta quarta-feira (11), h\u00e1 um\u00a0<strong>alerta de grande perigo pelo acumulado de chuva no norte de S\u00e3o Paulo, sul de Minas e Tri\u00e2ngulo Mineiro e regi\u00e3o central de Mato Grosso do Sul.<\/strong>\u00a0As precipita\u00e7\u00f5es devem passar de 60 mil\u00edmetros por hora ou acima de 100 mil\u00edmetros por dia, com grande risco de\u00a0<strong>alagamentos, transbordamentos de rios e deslizamentos de encostas<\/strong>\u00a0em cidades com essas caracter\u00edsticas.<\/p>\n<p><strong>A semana deve apresentar chuvas persistentes, com acumulados que podem superar 200 mil\u00edmetros no norte de S\u00e3o Paulo e no Tri\u00e2ngulo Mineiro.<\/strong><\/p>\n<p>No \u00faltimo final de semana,\u00a0duas pessoas morreram no estado de S\u00e3o Paulo, em decorr\u00eancia das chuvas. Segundo a Defesa Civil, as duas mortes est\u00e3o associadas a\u00a0<strong>enxurradas que ocorreram nos munic\u00edpios de S\u00e3o Bernardo do Campo e Sorocaba.<\/strong><\/p>\n<p>Na semana passada, as tempestades que atingiram estados da Regi\u00e3o Sudeste desde o fim de fevereiro levaram o Minist\u00e9rio da Integra\u00e7\u00e3o e do Desenvolvimento Regional a reconhecer\u00a0situa\u00e7\u00e3o de emerg\u00eancia\u00a0em 16 cidades de Minas Gerais, Rio de Janeiro e S\u00e3o Paulo.<\/p>\n<p><strong>A maioria das cidades est\u00e3o em Minas Gerais, onde o n\u00famero de mortes causadas por deslizamentos e enchentes na Zona da Mata Mineira\u00a0passou de 70.<\/strong><\/p>\n<p>Temperaturas<\/p>\n<p>Uma frente fria tamb\u00e9m avan\u00e7a pela costa das regi\u00f5es Sul e Sudeste, derrubando as temperaturas m\u00e1ximas no leste dessas regi\u00f5es.<strong>\u00a0Em contrapartida, a tend\u00eancia \u00e9 de temperaturas elevadas no centro-norte do Brasil, sobretudo em \u00e1reas do interior da Regi\u00e3o Nordest<\/strong><\/p>\n<p>\u00a0<\/p>\n<p>\u00a0<\/p>\n<p><strong>Ag\u00eancia Brasil<\/strong><\/p>\n<\/p><\/div>\n<p><script async defer crossorigin=\"anonymous\" src=\"https:\/\/connect.facebook.net\/pt_BR\/sdk.js#xfbml=1&#038;version=v12.0&#038;appId=&#038;autoLogAppEvents=1\" nonce=\"ou0fI1lo\"><\/script><br \/>\n<br \/><br \/>\n<br \/>Fonte: <a href=\"https:\/\/www.bs9.com.br\/brasil\/inmet-mantem-alerta-de-perigo-para-temporais-em-todo-o-pais\/38146\/\">BS9<\/a><\/p>\n","protected":false},"excerpt":{"rendered":"<p>O Instituto Nacional de Meteorologia (Inmet) emitiu alertas de perigo para chuvas intensas em todas as regi\u00f5es do pa\u00eds. Os maiores acumulados de chuva nesta semana, at\u00e9 a pr\u00f3xima segunda-feira (16), s\u00e3o previstos para o\u00a0norte do estado de S\u00e3o Paulo, Tri\u00e2ngulo Mineiro, sul de Goi\u00e1s e \u00e1reas do norte de Mato Grosso do Sul e [&hellip;]<\/p>\n","protected":false},"author":5,"featured_media":67340,"comment_status":"open","ping_status":"open","sticky":false,"template":"","format":"standard","meta":{"_seopress_robots_primary_cat":"","_seopress_titles_title":"","_seopress_titles_desc":"","_seopress_robots_index":"","footnotes":""},"categories":[52],"tags":[],"class_list":["post-67339","post","type-post","status-publish","format-standard","has-post-thumbnail","hentry","category-santoseregiao"],"_links":{"self":[{"href":"https:\/\/mussicom.com\/noticias\/wp-json\/wp\/v2\/posts\/67339","targetHints":{"allow":["GET"]}}],"collection":[{"href":"https:\/\/mussicom.com\/noticias\/wp-json\/wp\/v2\/posts"}],"about":[{"href":"https:\/\/mussicom.com\/noticias\/wp-json\/wp\/v2\/types\/post"}],"author":[{"embeddable":true,"href":"https:\/\/mussicom.com\/noticias\/wp-json\/wp\/v2\/users\/5"}],"replies":[{"embeddable":true,"href":"https:\/\/mussicom.com\/noticias\/wp-json\/wp\/v2\/comments?post=67339"}],"version-history":[{"count":0,"href":"https:\/\/mussicom.com\/noticias\/wp-json\/wp\/v2\/posts\/67339\/revisions"}],"wp:featuredmedia":[{"embeddable":true,"href":"https:\/\/mussicom.com\/noticias\/wp-json\/wp\/v2\/media\/67340"}],"wp:attachment":[{"href":"https:\/\/mussicom.com\/noticias\/wp-json\/wp\/v2\/media?parent=67339"}],"wp:term":[{"taxonomy":"category","embeddable":true,"href":"https:\/\/mussicom.com\/noticias\/wp-json\/wp\/v2\/categories?post=67339"},{"taxonomy":"post_tag","embeddable":true,"href":"https:\/\/mussicom.com\/noticias\/wp-json\/wp\/v2\/tags?post=67339"}],"curies":[{"name":"wp","href":"https:\/\/api.w.org\/{rel}","templated":true}]}}