{"id":67320,"date":"2026-03-11T02:19:44","date_gmt":"2026-03-11T05:19:44","guid":{"rendered":"https:\/\/mussicom.com\/botafogo-cai-para-o-barcelona-e-fica-fora-da-libertadores\/"},"modified":"2026-03-11T02:19:44","modified_gmt":"2026-03-11T05:19:44","slug":"botafogo-cai-para-o-barcelona-e-fica-fora-da-libertadores","status":"publish","type":"post","link":"https:\/\/mussicom.com\/noticias\/botafogo-cai-para-o-barcelona-e-fica-fora-da-libertadores\/","title":{"rendered":"Botafogo cai para o Barcelona e fica fora da Libertadores"},"content":{"rendered":"<p> <br \/>\n<\/p>\n<div>\n<p>A torcida compareceu e apoiou, mas o Botafogo foi derrotado, nesta ter\u00e7a-feira (10), por 1 a 0 pelo Barcelona de Guayaquil (Equador) em pleno est\u00e1dio Nilton Santos, no Rio de Janeiro, e ficou fora da fase de grupos da Copa Libertadores da Am\u00e9rica. Com a queda na terceira fase pr\u00e9via da competi\u00e7\u00e3o, o Alvinegro de General Severiano segue agora para a Copa Sul-Americana.<img decoding=\"async\" src=\"https:\/\/agenciabrasil.ebc.com.br\/ebc.gif?id=1681484&amp;o=node\" style=\"width:1px; height:1px; display:inline;\"\/><\/p>\n<blockquote class=\"twitter-tweet\">\n<p dir=\"ltr\" lang=\"pt\" xml:lang=\"pt\">\u26bd\ud83c\uddea\ud83c\udde8 Deu <a href=\"https:\/\/twitter.com\/BarcelonaSC?ref_src=twsrc%5Etfw\">@BarcelonaSC<\/a> no Rio de Janeiro!<\/p>\n<p>\u2714\ufe0f O time equatoriano aplicou 1-0, no confronto de volta, e cravou a vaga para a Fase de Grupos da CONMEBOL <a href=\"https:\/\/twitter.com\/hashtag\/Libertadores?src=hash&amp;ref_src=twsrc%5Etfw\">#Libertadores<\/a>. <a href=\"https:\/\/t.co\/eKkqCVAoZv\">pic.twitter.com\/eKkqCVAoZv<\/a><\/p>\n<p>\u2014 CONMEBOL Libertadores (@LibertadoresBR) <a href=\"https:\/\/twitter.com\/LibertadoresBR\/status\/2031563355505254653?ref_src=twsrc%5Etfw\">March 11, 2026<\/a><\/p><\/blockquote>\n<p>O time comandado pelo t\u00e9cnico argentino Mart\u00edn Anselmi entrou em campo nesta ter\u00e7a confiante de que poderia alcan\u00e7ar a classifica\u00e7\u00e3o, pois precisava de uma vit\u00f3ria simples em casa ap\u00f3s empatar pelo placar de 1 a 1 na \u00faltima semana com os equatorianos em jogo disputado no est\u00e1dio Monumental de Guayaquil.<\/p>\n<p>Por\u00e9m, o que a torcida viu em campo no primeiro tempo foi um Botafogo que at\u00e9 conseguia manter mais a posse de bola e se aproximava da \u00e1rea advers\u00e1ria, mas que pecava nas finaliza\u00e7\u00f5es. J\u00e1 o Barcelona foi cir\u00fargico e, na \u00fanica oportunidade clara que teve, logo aos sete minutos, foi fatal: Rojas cruzou, Mart\u00ednez escorou e o volante C\u00e9liz chutou para superar o goleiro L\u00e9o Linck, que falhou no lance.<\/p>\n<p>Ap\u00f3s o intervalo o t\u00e9cnico Mart\u00edn Anselmi finalmente colocou em campo um centroavante: Arthur Cabral. E foi do atacante, que n\u00e3o teve uma grande atua\u00e7\u00e3o, a oportunidade mais cristalina de empatar o marcador. Aos 35 minutos o camisa 19 do Alvinegro aproveitou bola levantada na \u00e1rea e cabeceou colocado, for\u00e7ando o goleiro Contreras a fazer grande defesa.<\/p>\n<p>Com a queda na Libertadores, o Botafogo segue para a Copa Sul-Americana. Seus advers\u00e1rios na primeira fase da competi\u00e7\u00e3o ser\u00e3o conhecidos no dia 19 de mar\u00e7o, em sorteio realizado pela Confedera\u00e7\u00e3o Sul-Americana de Futebol (Conmebol) na cidade de Luque (Paraguai).<\/p>\n<p>      <!-- Relacionada --><\/p>\n<p>            <!-- Relacionada -->\n    <\/div>\n<p><script async src=\"\/\/platform.twitter.com\/widgets.js\" charset=\"utf-8\"><\/script><br \/>\n<br \/><br \/>\n<br \/>Fonte: <a href=\"https:\/\/agenciabrasil.ebc.com.br\/esportes\/noticia\/2026-03\/botafogo-cai-para-o-barcelona-e-fica-fora-da-libertadores\">Ag\u00eancia Brasil<\/a><\/p>\n","protected":false},"excerpt":{"rendered":"<p>A torcida compareceu e apoiou, mas o Botafogo foi derrotado, nesta ter\u00e7a-feira (10), por 1 a 0 pelo Barcelona de Guayaquil (Equador) em pleno est\u00e1dio Nilton Santos, no Rio de Janeiro, e ficou fora da fase de grupos da Copa Libertadores da Am\u00e9rica. Com a queda na terceira fase pr\u00e9via da competi\u00e7\u00e3o, o Alvinegro de [&hellip;]<\/p>\n","protected":false},"author":5,"featured_media":67321,"comment_status":"open","ping_status":"open","sticky":false,"template":"","format":"standard","meta":{"_seopress_robots_primary_cat":"","_seopress_titles_title":"","_seopress_titles_desc":"","_seopress_robots_index":"","footnotes":""},"categories":[40],"tags":[],"class_list":["post-67320","post","type-post","status-publish","format-standard","has-post-thumbnail","hentry","category-esportes"],"_links":{"self":[{"href":"https:\/\/mussicom.com\/noticias\/wp-json\/wp\/v2\/posts\/67320","targetHints":{"allow":["GET"]}}],"collection":[{"href":"https:\/\/mussicom.com\/noticias\/wp-json\/wp\/v2\/posts"}],"about":[{"href":"https:\/\/mussicom.com\/noticias\/wp-json\/wp\/v2\/types\/post"}],"author":[{"embeddable":true,"href":"https:\/\/mussicom.com\/noticias\/wp-json\/wp\/v2\/users\/5"}],"replies":[{"embeddable":true,"href":"https:\/\/mussicom.com\/noticias\/wp-json\/wp\/v2\/comments?post=67320"}],"version-history":[{"count":0,"href":"https:\/\/mussicom.com\/noticias\/wp-json\/wp\/v2\/posts\/67320\/revisions"}],"wp:featuredmedia":[{"embeddable":true,"href":"https:\/\/mussicom.com\/noticias\/wp-json\/wp\/v2\/media\/67321"}],"wp:attachment":[{"href":"https:\/\/mussicom.com\/noticias\/wp-json\/wp\/v2\/media?parent=67320"}],"wp:term":[{"taxonomy":"category","embeddable":true,"href":"https:\/\/mussicom.com\/noticias\/wp-json\/wp\/v2\/categories?post=67320"},{"taxonomy":"post_tag","embeddable":true,"href":"https:\/\/mussicom.com\/noticias\/wp-json\/wp\/v2\/tags?post=67320"}],"curies":[{"name":"wp","href":"https:\/\/api.w.org\/{rel}","templated":true}]}}