{"id":67304,"date":"2026-03-11T00:16:19","date_gmt":"2026-03-11T03:16:19","guid":{"rendered":"https:\/\/mussicom.com\/trump-prepara-estrategia-para-derrubar-regime-em-cuba\/"},"modified":"2026-03-11T00:16:19","modified_gmt":"2026-03-11T03:16:19","slug":"trump-prepara-estrategia-para-derrubar-regime-em-cuba","status":"publish","type":"post","link":"https:\/\/mussicom.com\/noticias\/trump-prepara-estrategia-para-derrubar-regime-em-cuba\/","title":{"rendered":"Trump prepara estrat\u00e9gia para derrubar regime em Cuba"},"content":{"rendered":"<p> <br \/>\n<\/p>\n<div id=\"tp-post-content\">\n<p class=\"postParagraph_post-paragraph__juWZN postParagraph_post-paragraph-innerHtml__Q5vwc\">A administra\u00e7\u00e3o de Donald Trump intensifica a press\u00e3o sobre Cuba para provocar a queda do regime de Havana. Com san\u00e7\u00f5es econ\u00f4micas severas e o apoio de aliados regionais, o governo dos Estados Unidos sinaliza que a derrubada da ditadura castrista \u00e9 uma prioridade imediata em sua agenda externa.<\/p>\n<h2 class=\"postParagraph_post-paragraph__juWZN postParagraph_post-paragraph-innerHtml__Q5vwc postParagraph_type-tag-h2__TtFkT\">Quais medidas econ\u00f4micas est\u00e3o sendo usadas contra a ilha?<\/h2>\n<p class=\"postParagraph_post-paragraph__juWZN postParagraph_post-paragraph-innerHtml__Q5vwc\">Os Estados Unidos cortaram o fornecimento de petr\u00f3leo vindo da Venezuela e amea\u00e7am taxar qualquer pa\u00eds que envie combust\u00edvel para Cuba. Esse bloqueio provocou uma crise energ\u00e9tica profunda, resultando em apag\u00f5es constantes e falta de combust\u00edvel, o que obriga o governo cubano a racionar recursos b\u00e1sicos para a sobreviv\u00eancia da popula\u00e7\u00e3o.<\/p>\n<h2 class=\"postParagraph_post-paragraph__juWZN postParagraph_post-paragraph-innerHtml__Q5vwc postParagraph_type-tag-h2__TtFkT\">Existe a possibilidade de uma sa\u00edda amig\u00e1vel para o conflito?<\/h2>\n<p class=\"postParagraph_post-paragraph__juWZN postParagraph_post-paragraph-innerHtml__Q5vwc\">Sim, h\u00e1 planos para uma transi\u00e7\u00e3o pol\u00edtica negociada. A Casa Branca estuda um acordo econ\u00f4mico que permitiria a sa\u00edda do ditador Miguel D\u00edaz-Canel em troca da perman\u00eancia da fam\u00edlia Castro na ilha, al\u00e9m de parcerias em setores como turismo, energia e portos. O secret\u00e1rio de Estado, Marco Rubio, j\u00e1 estaria mantendo conversas secretas com o neto de Ra\u00fal Castro para viabilizar essa mudan\u00e7a.<\/p>\n<h2 class=\"postParagraph_post-paragraph__juWZN postParagraph_post-paragraph-innerHtml__Q5vwc postParagraph_type-tag-h2__TtFkT\">Como a situa\u00e7\u00e3o da Venezuela influencia as a\u00e7\u00f5es em Cuba?<\/h2>\n<p class=\"postParagraph_post-paragraph__juWZN postParagraph_post-paragraph-innerHtml__Q5vwc\">A captura de Nicol\u00e1s Maduro em janeiro enfraqueceu Cuba, que perdeu seu principal aliado e fornecedor de recursos na regi\u00e3o. O governo americano agora estuda aplicar uma estrat\u00e9gia semelhante contra autoridades cubanas, criando for\u00e7as-tarefa para investigar crimes federais e narcotr\u00e1fico, o que pode resultar em mandados de pris\u00e3o internacionais contra os l\u00edderes do regime de Havana.<\/p>\n<h2 class=\"postParagraph_post-paragraph__juWZN postParagraph_post-paragraph-innerHtml__Q5vwc postParagraph_type-tag-h2__TtFkT\">Por que Cuba \u00e9 considerada uma amea\u00e7a \u00e0 seguran\u00e7a dos Estados Unidos?<\/h2>\n<p class=\"postParagraph_post-paragraph__juWZN postParagraph_post-paragraph-innerHtml__Q5vwc\">O governo americano classifica o regime cubano como um perigo por seu alinhamento militar e pol\u00edtico com advers\u00e1rios como R\u00fassia e China. Al\u00e9m disso, h\u00e1 preocupa\u00e7\u00f5es com a presen\u00e7a de grupos terroristas, como o Hezbollah, na ilha, e a suposta interfer\u00eancia pol\u00edtica de Havana em outros pa\u00edses da Am\u00e9rica Latina, como o Equador.<\/p>\n<h2 class=\"postParagraph_post-paragraph__juWZN postParagraph_post-paragraph-innerHtml__Q5vwc postParagraph_type-tag-h2__TtFkT\">Quem s\u00e3o os principais aliados de Trump nessa ofensiva regional?<\/h2>\n<p class=\"postParagraph_post-paragraph__juWZN postParagraph_post-paragraph-innerHtml__Q5vwc\">L\u00edderes de direita na Am\u00e9rica Latina apoiam a press\u00e3o contra a ditadura. O presidente da Argentina, Javier Milei, \u00e9 um cr\u00edtico ferrenho que busca evitar que seu pa\u00eds siga o modelo cubano. J\u00e1 o presidente do Equador, Daniel Noboa, expulsou diplomatas cubanos recentemente ap\u00f3s acusar o pa\u00eds de interfer\u00eancia interna, isolando ainda mais o regime de D\u00edaz-Canel.<\/p>\n<p class=\"postParagraph_post-paragraph__juWZN postParagraph_post-paragraph-innerHtml__Q5vwc\"><i>Conte\u00fado produzido a partir de informa\u00e7\u00f5es apuradas pela equipe de rep\u00f3rteres da Gazeta do Povo. Para acessar a informa\u00e7\u00e3o na \u00edntegra e se aprofundar sobre o tema leia a reportagem abaixo.<\/i><\/p>\n<div class=\"postViewMore_post-view-more-container___5wai\" data-mrf-recirculation=\"Post - Veja tamb\u00e9m\">\n<p class=\"gp-styles-module-size-small-afeYRa gp-styles-module-font-family2-afeYRa gp-styles-module-color-secondary-afeYRa gp-styles-module-weight-bold-afeYRa\">VEJA TAMB\u00c9M:<\/p>\n<ul class=\"postViewMore_post-view-more-list__CU_CE\">\n<li class=\"postViewMore_post-view-more-item__2MzRb\"><span class=\"postViewMore_post-view-more-link-icon___stPC\"><svg xmlns=\"http:\/\/www.w3.org\/2000\/svg\" width=\"16\" height=\"16\" viewbox=\"0 0 16 16\"><rect width=\"16\" height=\"16\" fill=\"none\"\/><g transform=\"translate(3 3)\"><path d=\"M22.5,15l3.4,3.4-3.4,3.4\" transform=\"translate(-15.896 -11.793)\" fill=\"none\" stroke=\"#717171\" stroke-linecap=\"round\" stroke-width=\"1.4\"\/><path d=\"M6,6v4.2a2.452,2.452,0,0,0,2.5,2.4H16\" transform=\"translate(-6 -6)\" fill=\"none\" stroke=\"#717171\" stroke-linecap=\"round\" stroke-width=\"1.4\"\/><\/g><\/svg><\/span><span class=\"postViewMore_post-view-more-link-text__hO_kM\">Ap\u00f3s Ir\u00e3, Trump\u00a0prepara estrat\u00e9gia para asfixiar regime comunista de Cuba<\/span><\/li>\n<\/ul>\n<\/div>\n<\/div>\n<p><br \/>\n<br \/>Fonte: <a href=\"https:\/\/www.gazetadopovo.com.br\/mundo\/como-donald-trump-pretende-derrubar-o-regime-comunista-em-cuba\/\">Revista Oeste<\/a><\/p>\n","protected":false},"excerpt":{"rendered":"<p>A administra\u00e7\u00e3o de Donald Trump intensifica a press\u00e3o sobre Cuba para provocar a queda do regime de Havana. Com san\u00e7\u00f5es econ\u00f4micas severas e o apoio de aliados regionais, o governo dos Estados Unidos sinaliza que a derrubada da ditadura castrista \u00e9 uma prioridade imediata em sua agenda externa. Quais medidas econ\u00f4micas est\u00e3o sendo usadas contra [&hellip;]<\/p>\n","protected":false},"author":5,"featured_media":67305,"comment_status":"open","ping_status":"open","sticky":false,"template":"","format":"standard","meta":{"_seopress_robots_primary_cat":"","_seopress_titles_title":"","_seopress_titles_desc":"","_seopress_robots_index":"","footnotes":""},"categories":[48],"tags":[],"class_list":["post-67304","post","type-post","status-publish","format-standard","has-post-thumbnail","hentry","category-internacional"],"_links":{"self":[{"href":"https:\/\/mussicom.com\/noticias\/wp-json\/wp\/v2\/posts\/67304","targetHints":{"allow":["GET"]}}],"collection":[{"href":"https:\/\/mussicom.com\/noticias\/wp-json\/wp\/v2\/posts"}],"about":[{"href":"https:\/\/mussicom.com\/noticias\/wp-json\/wp\/v2\/types\/post"}],"author":[{"embeddable":true,"href":"https:\/\/mussicom.com\/noticias\/wp-json\/wp\/v2\/users\/5"}],"replies":[{"embeddable":true,"href":"https:\/\/mussicom.com\/noticias\/wp-json\/wp\/v2\/comments?post=67304"}],"version-history":[{"count":0,"href":"https:\/\/mussicom.com\/noticias\/wp-json\/wp\/v2\/posts\/67304\/revisions"}],"wp:featuredmedia":[{"embeddable":true,"href":"https:\/\/mussicom.com\/noticias\/wp-json\/wp\/v2\/media\/67305"}],"wp:attachment":[{"href":"https:\/\/mussicom.com\/noticias\/wp-json\/wp\/v2\/media?parent=67304"}],"wp:term":[{"taxonomy":"category","embeddable":true,"href":"https:\/\/mussicom.com\/noticias\/wp-json\/wp\/v2\/categories?post=67304"},{"taxonomy":"post_tag","embeddable":true,"href":"https:\/\/mussicom.com\/noticias\/wp-json\/wp\/v2\/tags?post=67304"}],"curies":[{"name":"wp","href":"https:\/\/api.w.org\/{rel}","templated":true}]}}