{"id":67301,"date":"2026-03-11T00:13:16","date_gmt":"2026-03-11T03:13:16","guid":{"rendered":"https:\/\/mussicom.com\/caso-banco-master-e-a-reforma-do-stf-pelo-congresso\/"},"modified":"2026-03-11T00:13:16","modified_gmt":"2026-03-11T03:13:16","slug":"caso-banco-master-e-a-reforma-do-stf-pelo-congresso","status":"publish","type":"post","link":"https:\/\/mussicom.com\/noticias\/caso-banco-master-e-a-reforma-do-stf-pelo-congresso\/","title":{"rendered":"Caso Banco Master e a Reforma do STF pelo Congresso"},"content":{"rendered":"<p> <br \/>\n<\/p>\n<div id=\"tp-post-content\">\n<p class=\"postParagraph_post-paragraph__juWZN postParagraph_post-paragraph-innerHtml__Q5vwc\">O envolvimento dos ministros Alexandre de Moraes e Dias Toffoli em suspeitas ligadas ao Banco Master impulsiona, em mar\u00e7o de 2026, a discuss\u00e3o de reformas no STF pelo Congresso. Parlamentares aproveitam a crise de credibilidade para desengavetar projetos que limitam os poderes da Corte.<\/p>\n<h2 class=\"postParagraph_post-paragraph__juWZN postParagraph_post-paragraph-innerHtml__Q5vwc postParagraph_type-tag-h2__TtFkT\">Quais s\u00e3o as principais mudan\u00e7as propostas para o STF?<\/h2>\n<p class=\"postParagraph_post-paragraph__juWZN postParagraph_post-paragraph-innerHtml__Q5vwc\">As propostas em discuss\u00e3o no Congresso incluem o fim do cargo vital\u00edcio para ministros, estabelecendo mandatos de 10 a 15 anos. Tamb\u00e9m se discute a proibi\u00e7\u00e3o de decis\u00f5es monocr\u00e1ticas \u2014 quando um \u00fanico ministro suspende leis aprovadas pelo Legislativo \u2014 e a mudan\u00e7a na forma de escolha dos magistrados, exigindo que o presidente da Rep\u00fablica selecione nomes a partir de listas de ju\u00edzes de carreira, com maior participa\u00e7\u00e3o do Parlamento e do Conselho Nacional de Justi\u00e7a.<\/p>\n<h2 class=\"postParagraph_post-paragraph__juWZN postParagraph_post-paragraph-innerHtml__Q5vwc postParagraph_type-tag-h2__TtFkT\">Como o esc\u00e2ndalo do Banco Master afetou a imagem do Tribunal?<\/h2>\n<p class=\"postParagraph_post-paragraph__juWZN postParagraph_post-paragraph-innerHtml__Q5vwc\">A imagem do STF foi abalada por revela\u00e7\u00f5es de poss\u00edveis conflitos de interesse. O ministro Dias Toffoli deixou a relatoria de investiga\u00e7\u00f5es sobre o banco ap\u00f3s questionamentos sobre neg\u00f3cios de sua fam\u00edlia com o dono da institui\u00e7\u00e3o, Daniel Vorcaro. Al\u00e9m disso, surgiram ind\u00edcios de que Vorcaro teria tratado de inqu\u00e9ritos diretamente com o ministro Alexandre de Moraes, o que analistas consideram a maior crise de autoridade moral da hist\u00f3ria recente da Corte.<\/p>\n<h2 class=\"postParagraph_post-paragraph__juWZN postParagraph_post-paragraph-innerHtml__Q5vwc postParagraph_type-tag-h2__TtFkT\">O que significa transformar o STF em uma corte &#8216;estritamente constitucional&#8217;?<\/h2>\n<p class=\"postParagraph_post-paragraph__juWZN postParagraph_post-paragraph-innerHtml__Q5vwc\">Esta \u00e9 a proposta mais radical em pauta. Atualmente, o STF julga desde crimes comuns de pol\u00edticos at\u00e9 quest\u00f5es sobre a Constitui\u00e7\u00e3o. Transform\u00e1-lo em uma corte estritamente constitucional significa retirar sua compet\u00eancia penal. Assim, o Tribunal deixaria de julgar inqu\u00e9ritos criminais e o foro privilegiado, focando apenas em garantir que as leis sigam os princ\u00edpios federais, o que esvaziaria o poder pol\u00edtico direto dos ministros sobre parlamentares.<\/p>\n<h2 class=\"postParagraph_post-paragraph__juWZN postParagraph_post-paragraph-innerHtml__Q5vwc postParagraph_type-tag-h2__TtFkT\">Por que as elei\u00e7\u00f5es de 2026 s\u00e3o importantes para esse debate?<\/h2>\n<p class=\"postParagraph_post-paragraph__juWZN postParagraph_post-paragraph-innerHtml__Q5vwc\">Especialistas acreditam que o tema da reforma do Judici\u00e1rio ser\u00e1 um pilar central das campanhas eleitorais de 2026, especialmente entre candidatos da direita. A press\u00e3o popular por mudan\u00e7as na estrutura do STF deve ser usada como plataforma pol\u00edtica. No entanto, o pr\u00f3prio clima de campanha pode atrapalhar a vota\u00e7\u00e3o de projetos agora, j\u00e1 que os parlamentares est\u00e3o focados em conquistar votos e em investiga\u00e7\u00f5es de CPIs que dominam o dia a dia do Congresso.<\/p>\n<h2 class=\"postParagraph_post-paragraph__juWZN postParagraph_post-paragraph-innerHtml__Q5vwc postParagraph_type-tag-h2__TtFkT\">Qual \u00e9 a posi\u00e7\u00e3o do governo e dos pr\u00f3prios ministros sobre as reformas?<\/h2>\n<p class=\"postParagraph_post-paragraph__juWZN postParagraph_post-paragraph-innerHtml__Q5vwc\">A base aliada do presidente Lula resiste \u00e0s mudan\u00e7as, classificando-as como ataques ao Tribunal ou &#8216;oportunismo autorit\u00e1rio&#8217;. Dentro do STF, o presidente Edson Fachin tentou uma rea\u00e7\u00e3o interna ao anunciar a cria\u00e7\u00e3o de um c\u00f3digo de \u00e9tica para ministros, visando a autoconten\u00e7\u00e3o antes que o Legislativo intervenha. Contudo, essa medida sofre resist\u00eancia dos pr\u00f3prios colegas de Corte, o que mant\u00e9m o impasse institucional aceso.<\/p>\n<p class=\"postParagraph_post-paragraph__juWZN postParagraph_post-paragraph-innerHtml__Q5vwc\"><i>Conte\u00fado produzido a partir de informa\u00e7\u00f5es apuradas pela equipe de rep\u00f3rteres da Gazeta do Povo. Para acessar a informa\u00e7\u00e3o na \u00edntegra e se aprofundar sobre o tema leia a reportagem abaixo.<\/i><\/p>\n<div class=\"postViewMore_post-view-more-container___5wai\" data-mrf-recirculation=\"Post - Veja tamb\u00e9m\">\n<p class=\"gp-styles-module-size-small-afeYRa gp-styles-module-font-family2-afeYRa gp-styles-module-color-secondary-afeYRa gp-styles-module-weight-bold-afeYRa\">VEJA TAMB\u00c9M:<\/p>\n<ul class=\"postViewMore_post-view-more-list__CU_CE\">\n<li class=\"postViewMore_post-view-more-item__2MzRb\"><span class=\"postViewMore_post-view-more-link-icon___stPC\"><svg xmlns=\"http:\/\/www.w3.org\/2000\/svg\" width=\"16\" height=\"16\" viewbox=\"0 0 16 16\"><rect width=\"16\" height=\"16\" fill=\"none\"\/><g transform=\"translate(3 3)\"><path d=\"M22.5,15l3.4,3.4-3.4,3.4\" transform=\"translate(-15.896 -11.793)\" fill=\"none\" stroke=\"#717171\" stroke-linecap=\"round\" stroke-width=\"1.4\"\/><path d=\"M6,6v4.2a2.452,2.452,0,0,0,2.5,2.4H16\" transform=\"translate(-6 -6)\" fill=\"none\" stroke=\"#717171\" stroke-linecap=\"round\" stroke-width=\"1.4\"\/><\/g><\/svg><\/span><span class=\"postViewMore_post-view-more-link-text__hO_kM\">Caso Master impulsiona o debate no Congresso de projetos para reformar o STF<\/span><\/li>\n<\/ul>\n<\/div>\n<\/div>\n<p><br \/>\n<br \/>Fonte: <a href=\"https:\/\/www.gazetadopovo.com.br\/republica\/por-que-o-caso-banco-master-pode-mudar-o-funcionamento-do-stf\/\">Revista Oeste<\/a><\/p>\n","protected":false},"excerpt":{"rendered":"<p>O envolvimento dos ministros Alexandre de Moraes e Dias Toffoli em suspeitas ligadas ao Banco Master impulsiona, em mar\u00e7o de 2026, a discuss\u00e3o de reformas no STF pelo Congresso. Parlamentares aproveitam a crise de credibilidade para desengavetar projetos que limitam os poderes da Corte. Quais s\u00e3o as principais mudan\u00e7as propostas para o STF? As propostas [&hellip;]<\/p>\n","protected":false},"author":5,"featured_media":67302,"comment_status":"open","ping_status":"open","sticky":false,"template":"","format":"standard","meta":{"_seopress_robots_primary_cat":"","_seopress_titles_title":"","_seopress_titles_desc":"","_seopress_robots_index":"","footnotes":""},"categories":[1],"tags":[],"class_list":["post-67301","post","type-post","status-publish","format-standard","has-post-thumbnail","hentry","category-ultimas-noticias"],"_links":{"self":[{"href":"https:\/\/mussicom.com\/noticias\/wp-json\/wp\/v2\/posts\/67301","targetHints":{"allow":["GET"]}}],"collection":[{"href":"https:\/\/mussicom.com\/noticias\/wp-json\/wp\/v2\/posts"}],"about":[{"href":"https:\/\/mussicom.com\/noticias\/wp-json\/wp\/v2\/types\/post"}],"author":[{"embeddable":true,"href":"https:\/\/mussicom.com\/noticias\/wp-json\/wp\/v2\/users\/5"}],"replies":[{"embeddable":true,"href":"https:\/\/mussicom.com\/noticias\/wp-json\/wp\/v2\/comments?post=67301"}],"version-history":[{"count":0,"href":"https:\/\/mussicom.com\/noticias\/wp-json\/wp\/v2\/posts\/67301\/revisions"}],"wp:featuredmedia":[{"embeddable":true,"href":"https:\/\/mussicom.com\/noticias\/wp-json\/wp\/v2\/media\/67302"}],"wp:attachment":[{"href":"https:\/\/mussicom.com\/noticias\/wp-json\/wp\/v2\/media?parent=67301"}],"wp:term":[{"taxonomy":"category","embeddable":true,"href":"https:\/\/mussicom.com\/noticias\/wp-json\/wp\/v2\/categories?post=67301"},{"taxonomy":"post_tag","embeddable":true,"href":"https:\/\/mussicom.com\/noticias\/wp-json\/wp\/v2\/tags?post=67301"}],"curies":[{"name":"wp","href":"https:\/\/api.w.org\/{rel}","templated":true}]}}