{"id":67296,"date":"2026-03-10T23:21:18","date_gmt":"2026-03-11T02:21:18","guid":{"rendered":"https:\/\/mussicom.com\/santos-tem-previsao-de-mar-agitado-ate-quarta-feira-11\/"},"modified":"2026-03-10T23:21:18","modified_gmt":"2026-03-11T02:21:18","slug":"santos-tem-previsao-de-mar-agitado-ate-quarta-feira-11","status":"publish","type":"post","link":"https:\/\/mussicom.com\/noticias\/santos-tem-previsao-de-mar-agitado-ate-quarta-feira-11\/","title":{"rendered":"Santos tem previs\u00e3o de mar agitado at\u00e9 quarta-feira (11)"},"content":{"rendered":"<p> <br \/>\n<\/p>\n<div id=\"texto\">\n<p>Devido \u00e0 frente fria que atua sobre a Cidade, o mar ficar\u00e1 agitado na Ba\u00eda de Santos. A previs\u00e3o indica ondas que podem atingir at\u00e9 2,8 metros de altura significativa entre ter\u00e7a-feira (10) e quarta-feira (11).<\/p>\n<p>\u00a0<\/p>\n<p>A mar\u00e9 tamb\u00e9m estar\u00e1 elevada tanto na regi\u00e3o da orla quanto no interior do estu\u00e1rio. O n\u00edvel m\u00e1ximo previsto \u00e9 de 1,1 metro, na tarde desta ter\u00e7a-feira, por volta das 18h, representando um aumento aproximado de 5 cent\u00edmetros de mar\u00e9 meteorol\u00f3gica.<\/p>\n<p>\u00a0<\/p>\n<p>A condi\u00e7\u00e3o \u00e9 de Aten\u00e7\u00e3o na regi\u00e3o da orla em todos os munic\u00edpios da Baixada Santista, devido \u00e0 previs\u00e3o de ondas com altura significativa entre 2,0 e 3,0 metros.<\/p>\n<p>\u00a0<\/p>\n<p>Segundo o N\u00facleo de Pesquisas Hidrodin\u00e2micas da Unisanta, caso as previs\u00f5es se confirmem, h\u00e1 possibilidade de impactos pontuais nas estruturas urbanas devido \u00e0 a\u00e7\u00e3o das ondas, al\u00e9m de alagamentos. O per\u00edodo mais cr\u00edtico deve ocorrer entre ter\u00e7a-feira e quarta-feira.<\/p>\n<p>\u00a0<\/p>\n<p><strong>INSTABILIDADES<\/strong><\/p>\n<p>Em rela\u00e7\u00e3o \u00e0s condi\u00e7\u00f5es meteorol\u00f3gicas, a instabilidade continua mantendo o tempo nublado e chuvoso nos pr\u00f3ximos dias. Na quarta-feira (11) e quinta-feira (12), ainda h\u00e1 previs\u00e3o de pancadas moderadas de chuva, com volumes menores. A estabiliza\u00e7\u00e3o completa est\u00e1 prevista apenas para o final de semana.\u00a0<\/p>\n<p>\u00a0<\/p>\n<p>Em caso de emerg\u00eancia, a Defesa Civil pode ser acionada pelo n\u00famero 199.<\/p>\n<\/p><\/div>\n<p><script async defer crossorigin=\"anonymous\" src=\"https:\/\/connect.facebook.net\/pt_BR\/sdk.js#xfbml=1&#038;version=v12.0&#038;appId=&#038;autoLogAppEvents=1\" nonce=\"ou0fI1lo\"><\/script><br \/>\n<br \/><br \/>\n<br \/>Fonte: <a href=\"https:\/\/www.bs9.com.br\/litoral\/santos-tem-previsao-de-mar-agitado-ate-quarta-feira-11\/38162\/\">BS9<\/a><\/p>\n","protected":false},"excerpt":{"rendered":"<p>Devido \u00e0 frente fria que atua sobre a Cidade, o mar ficar\u00e1 agitado na Ba\u00eda de Santos. A previs\u00e3o indica ondas que podem atingir at\u00e9 2,8 metros de altura significativa entre ter\u00e7a-feira (10) e quarta-feira (11). \u00a0 A mar\u00e9 tamb\u00e9m estar\u00e1 elevada tanto na regi\u00e3o da orla quanto no interior do estu\u00e1rio. O n\u00edvel m\u00e1ximo [&hellip;]<\/p>\n","protected":false},"author":5,"featured_media":67297,"comment_status":"open","ping_status":"open","sticky":false,"template":"","format":"standard","meta":{"_seopress_robots_primary_cat":"","_seopress_titles_title":"","_seopress_titles_desc":"","_seopress_robots_index":"","footnotes":""},"categories":[52],"tags":[],"class_list":["post-67296","post","type-post","status-publish","format-standard","has-post-thumbnail","hentry","category-santoseregiao"],"_links":{"self":[{"href":"https:\/\/mussicom.com\/noticias\/wp-json\/wp\/v2\/posts\/67296","targetHints":{"allow":["GET"]}}],"collection":[{"href":"https:\/\/mussicom.com\/noticias\/wp-json\/wp\/v2\/posts"}],"about":[{"href":"https:\/\/mussicom.com\/noticias\/wp-json\/wp\/v2\/types\/post"}],"author":[{"embeddable":true,"href":"https:\/\/mussicom.com\/noticias\/wp-json\/wp\/v2\/users\/5"}],"replies":[{"embeddable":true,"href":"https:\/\/mussicom.com\/noticias\/wp-json\/wp\/v2\/comments?post=67296"}],"version-history":[{"count":0,"href":"https:\/\/mussicom.com\/noticias\/wp-json\/wp\/v2\/posts\/67296\/revisions"}],"wp:featuredmedia":[{"embeddable":true,"href":"https:\/\/mussicom.com\/noticias\/wp-json\/wp\/v2\/media\/67297"}],"wp:attachment":[{"href":"https:\/\/mussicom.com\/noticias\/wp-json\/wp\/v2\/media?parent=67296"}],"wp:term":[{"taxonomy":"category","embeddable":true,"href":"https:\/\/mussicom.com\/noticias\/wp-json\/wp\/v2\/categories?post=67296"},{"taxonomy":"post_tag","embeddable":true,"href":"https:\/\/mussicom.com\/noticias\/wp-json\/wp\/v2\/tags?post=67296"}],"curies":[{"name":"wp","href":"https:\/\/api.w.org\/{rel}","templated":true}]}}