{"id":67259,"date":"2026-03-10T20:12:30","date_gmt":"2026-03-10T23:12:30","guid":{"rendered":"https:\/\/mussicom.com\/governo-dos-eua-avalia-declarar-pcc-e-cv-como-terroristas\/"},"modified":"2026-03-10T20:12:30","modified_gmt":"2026-03-10T23:12:30","slug":"governo-dos-eua-avalia-declarar-pcc-e-cv-como-terroristas","status":"publish","type":"post","link":"https:\/\/mussicom.com\/noticias\/governo-dos-eua-avalia-declarar-pcc-e-cv-como-terroristas\/","title":{"rendered":"Governo dos EUA avalia declarar PCC e CV como terroristas"},"content":{"rendered":"<p> <br \/>\n<\/p>\n<div id=\"tp-post-content\">\n<p class=\"postParagraph_post-paragraph__juWZN postParagraph_post-paragraph-innerHtml__Q5vwc\">O governo do presidente dos Estados Unidos, Donald Trump, avalia classificar as fac\u00e7\u00f5es brasileiras Primeiro Comando da Capital (PCC) e Comando Vermelho (CV) como organiza\u00e7\u00f5es terroristas estrangeiras. A medida ocorre porque Washington v\u00ea os dois grupos criminosos como uma amea\u00e7a \u00e0 seguran\u00e7a regional. Ela ampliaria as ferramentas legais da Casa Branca para combater as fac\u00e7\u00f5es e provoca preocupa\u00e7\u00e3o no governo brasileiro.<\/p>\n<p class=\"postParagraph_post-paragraph__juWZN postParagraph_post-paragraph-innerHtml__Q5vwc\">A informa\u00e7\u00e3o foi apurada pelo portal <em>UOL <\/em>e pela <em>Folha de S.Paulo, <\/em>com base em relatos de autoridades americanas e diplomatas envolvidos nas discuss\u00f5es. \u00c0 <strong>Gazeta do Povo<\/strong>, um porta-voz do Departamento de Estado dos Estados Unidos afirmou que Washington considera grupos como o PCC e o CV como &#8220;amea\u00e7as relevantes para a seguran\u00e7a regional&#8221;. A pasta n\u00e3o confirmou nem descartou a possibilidade de classificar os dois grupos como organiza\u00e7\u00f5es terroristas.<\/p>\n<p class=\"postParagraph_post-paragraph__juWZN postParagraph_post-paragraph-innerHtml__Q5vwc\">&#8220;Os Estados Unidos veem as organiza\u00e7\u00f5es criminosas do Brasil, incluindo o PCC e o Comando Vermelho, como amea\u00e7as significativas \u00e0 seguran\u00e7a regional devido ao envolvimento com tr\u00e1fico de drogas, viol\u00eancia e crime transnacional&#8221;, disse o porta-voz do Departamento de Estado, acrescentando que o governo americano n\u00e3o antecipa poss\u00edveis classifica\u00e7\u00f5es como terrorismo, mas est\u00e1 &#8220;plenamente comprometido em tomar as medidas apropriadas contra grupos estrangeiros que se envolvam em atividades terroristas&#8221;.<\/p>\n<p class=\"postParagraph_post-paragraph__juWZN postParagraph_post-paragraph-innerHtml__Q5vwc\">De acordo com o portal <em>UOL<\/em>, fontes ligadas ao governo Trump disseram que a classifica\u00e7\u00e3o do PCC e CV como organiza\u00e7\u00e3o terrorista estrangeira est\u00e1 em est\u00e1gio avan\u00e7ado e pode ser anunciada nos pr\u00f3ximos dias. A designa\u00e7\u00e3o permitiria congelar ativos nos Estados Unidos, bloquear acesso ao sistema financeiro, impor san\u00e7\u00f5es e restringir vistos a integrantes ou colaboradores das fac\u00e7\u00f5es.<\/p>\n<p class=\"postParagraph_post-paragraph__juWZN postParagraph_post-paragraph-innerHtml__Q5vwc\">Ainda segundo o <em>UOL<\/em>, o tema vem sendo tratado dentro da estrat\u00e9gia de seguran\u00e7a do governo americano para o hemisf\u00e9rio ocidental e foi discutido em reuni\u00f5es recentes sobre combate ao narcotr\u00e1fico nas Am\u00e9ricas.<\/p>\n<p class=\"postParagraph_post-paragraph__juWZN postParagraph_post-paragraph-innerHtml__Q5vwc\">Nos bastidores, o governo brasileiro tenta evitar a classifica\u00e7\u00e3o. Integrantes do Itamaraty afirmam que autoridades americanas estiveram no Brasil no ano passado para levantar informa\u00e7\u00f5es sobre o funcionamento das fac\u00e7\u00f5es, sem abrir espa\u00e7o para que o governo brasileiro apresentasse sua pr\u00f3pria interpreta\u00e7\u00e3o sobre o enquadramento como terrorismo.<\/p>\n<p class=\"postParagraph_post-paragraph__juWZN postParagraph_post-paragraph-innerHtml__Q5vwc\">O Itamaraty j\u00e1 levou o assunto diretamente a Washington. Segundo informa\u00e7\u00f5es, o chanceler Mauro Vieira discutiu o tema em conversa com o secret\u00e1rio de Estado dos Estados Unidos, Marco Rubio, manifestando preocupa\u00e7\u00e3o com a possibilidade de enquadrar PCC e CV como grupos terroristas. Diplomatas brasileiros avaliam que a medida poderia abrir caminho para a\u00e7\u00f5es mais duras dos EUA na regi\u00e3o.<\/p>\n<\/div>\n<p><br \/>\n<br \/>Fonte: <a href=\"https:\/\/www.gazetadopovo.com.br\/mundo\/governo-trump-avalia-declarar-pcc-e-comando-vermelho-como-terroristas\/\">Revista Oeste<\/a><\/p>\n","protected":false},"excerpt":{"rendered":"<p>O governo do presidente dos Estados Unidos, Donald Trump, avalia classificar as fac\u00e7\u00f5es brasileiras Primeiro Comando da Capital (PCC) e Comando Vermelho (CV) como organiza\u00e7\u00f5es terroristas estrangeiras. A medida ocorre porque Washington v\u00ea os dois grupos criminosos como uma amea\u00e7a \u00e0 seguran\u00e7a regional. Ela ampliaria as ferramentas legais da Casa Branca para combater as fac\u00e7\u00f5es [&hellip;]<\/p>\n","protected":false},"author":5,"featured_media":67260,"comment_status":"open","ping_status":"open","sticky":false,"template":"","format":"standard","meta":{"_seopress_robots_primary_cat":"","_seopress_titles_title":"","_seopress_titles_desc":"","_seopress_robots_index":"","footnotes":""},"categories":[48],"tags":[],"class_list":["post-67259","post","type-post","status-publish","format-standard","has-post-thumbnail","hentry","category-internacional"],"_links":{"self":[{"href":"https:\/\/mussicom.com\/noticias\/wp-json\/wp\/v2\/posts\/67259","targetHints":{"allow":["GET"]}}],"collection":[{"href":"https:\/\/mussicom.com\/noticias\/wp-json\/wp\/v2\/posts"}],"about":[{"href":"https:\/\/mussicom.com\/noticias\/wp-json\/wp\/v2\/types\/post"}],"author":[{"embeddable":true,"href":"https:\/\/mussicom.com\/noticias\/wp-json\/wp\/v2\/users\/5"}],"replies":[{"embeddable":true,"href":"https:\/\/mussicom.com\/noticias\/wp-json\/wp\/v2\/comments?post=67259"}],"version-history":[{"count":0,"href":"https:\/\/mussicom.com\/noticias\/wp-json\/wp\/v2\/posts\/67259\/revisions"}],"wp:featuredmedia":[{"embeddable":true,"href":"https:\/\/mussicom.com\/noticias\/wp-json\/wp\/v2\/media\/67260"}],"wp:attachment":[{"href":"https:\/\/mussicom.com\/noticias\/wp-json\/wp\/v2\/media?parent=67259"}],"wp:term":[{"taxonomy":"category","embeddable":true,"href":"https:\/\/mussicom.com\/noticias\/wp-json\/wp\/v2\/categories?post=67259"},{"taxonomy":"post_tag","embeddable":true,"href":"https:\/\/mussicom.com\/noticias\/wp-json\/wp\/v2\/tags?post=67259"}],"curies":[{"name":"wp","href":"https:\/\/api.w.org\/{rel}","templated":true}]}}