{"id":67200,"date":"2026-03-10T15:04:17","date_gmt":"2026-03-10T18:04:17","guid":{"rendered":"https:\/\/mussicom.com\/bolsonaro-pede-para-receber-assessor-de-trump-para-o-brasil\/"},"modified":"2026-03-10T15:04:17","modified_gmt":"2026-03-10T18:04:17","slug":"bolsonaro-pede-para-receber-assessor-de-trump-para-o-brasil","status":"publish","type":"post","link":"https:\/\/mussicom.com\/noticias\/bolsonaro-pede-para-receber-assessor-de-trump-para-o-brasil\/","title":{"rendered":"Bolsonaro pede para receber assessor de Trump para o Brasil"},"content":{"rendered":"<p> <br \/>\n<\/p>\n<div id=\"tp-post-content\">\n<p class=\"postParagraph_post-paragraph__juWZN postParagraph_post-paragraph-innerHtml__Q5vwc\">O ex-presidente Jair Bolsonaro pediu a Alexandre de Moraes autoriza\u00e7\u00e3o para receber o assessor do governo de Donald Trump para assuntos relacionados ao Brasil em dias que n\u00e3o coincidem com os regulares de visita. Atrav\u00e9s de seus advogados, Bolsonaro solicita uma autoriza\u00e7\u00e3o \u201cexcepcional\u201d, citando a agenda restrita de Darren Beattie como integrante da diplomacia estrangeira.<\/p>\n<p class=\"postParagraph_post-paragraph__juWZN postParagraph_post-paragraph-innerHtml__Q5vwc\">Bolsonaro sugeriu que o pol\u00edtico americano seja autorizado a visit\u00e1-lo na ala da Papudinha, onde o ex-presidente cumpre pena no Complexo Penitenci\u00e1rio da Papuda, em Bras\u00edlia, ou no dia 16 de mar\u00e7o (uma segunda) \u00e0 tarde ou 17 de mar\u00e7o (uma ter\u00e7a) pela manh\u00e3 ou no in\u00edcio da tarde. As datas n\u00e3o coincidem com os dias regulares de visita, que s\u00e3o as quartas e s\u00e1bados.<\/p>\n<div class=\"postViewMore_post-view-more-container___5wai\" data-mrf-recirculation=\"Post - Veja tamb\u00e9m\">\n<p class=\"gp-styles-module-size-small-afeYRa gp-styles-module-font-family2-afeYRa gp-styles-module-color-secondary-afeYRa gp-styles-module-weight-bold-afeYRa\">VEJA TAMB\u00c9M:<\/p>\n<ul class=\"postViewMore_post-view-more-list__CU_CE\">\n<li class=\"postViewMore_post-view-more-item__2MzRb\"><span class=\"postViewMore_post-view-more-link-icon___stPC\"><svg xmlns=\"http:\/\/www.w3.org\/2000\/svg\" width=\"16\" height=\"16\" viewbox=\"0 0 16 16\"><rect width=\"16\" height=\"16\" fill=\"none\"\/><g transform=\"translate(3 3)\"><path d=\"M22.5,15l3.4,3.4-3.4,3.4\" transform=\"translate(-15.896 -11.793)\" fill=\"none\" stroke=\"#717171\" stroke-linecap=\"round\" stroke-width=\"1.4\"\/><path d=\"M6,6v4.2a2.452,2.452,0,0,0,2.5,2.4H16\" transform=\"translate(-6 -6)\" fill=\"none\" stroke=\"#717171\" stroke-linecap=\"round\" stroke-width=\"1.4\"\/><\/g><\/svg><\/span><span class=\"postViewMore_post-view-more-link-text__hO_kM\">Quem \u00e9 Darren Beattie<\/span><\/li>\n<li class=\"postViewMore_post-view-more-item__2MzRb\"><span class=\"postViewMore_post-view-more-link-icon___stPC\"><svg xmlns=\"http:\/\/www.w3.org\/2000\/svg\" width=\"16\" height=\"16\" viewbox=\"0 0 16 16\"><rect width=\"16\" height=\"16\" fill=\"none\"\/><g transform=\"translate(3 3)\"><path d=\"M22.5,15l3.4,3.4-3.4,3.4\" transform=\"translate(-15.896 -11.793)\" fill=\"none\" stroke=\"#717171\" stroke-linecap=\"round\" stroke-width=\"1.4\"\/><path d=\"M6,6v4.2a2.452,2.452,0,0,0,2.5,2.4H16\" transform=\"translate(-6 -6)\" fill=\"none\" stroke=\"#717171\" stroke-linecap=\"round\" stroke-width=\"1.4\"\/><\/g><\/svg><\/span><span class=\"postViewMore_post-view-more-link-text__hO_kM\">EUA avisam que podem lan\u00e7ar ofensiva na AL<\/span><\/li>\n<\/ul>\n<\/div>\n<p class=\"postParagraph_post-paragraph__juWZN postParagraph_post-paragraph-innerHtml__Q5vwc\">\u201cNo caso concreto, trata-se de pedido excepcional, pontual e previamente agendado, motivado por agenda internacional restrita do visitante, sem qualquer preju\u00edzo \u00e0 organiza\u00e7\u00e3o da unidade custodiante\u201d, diz o texto da peti\u00e7\u00e3o do escrit\u00f3rio Vilardi.<\/p>\n<p class=\"postParagraph_post-paragraph__juWZN postParagraph_post-paragraph-innerHtml__Q5vwc\">Bolsonaro cumpre pena de 27 anos e tr\u00eas meses de pris\u00e3o ap\u00f3s condena\u00e7\u00e3o no STF por um suposto golpe de Estado que teria a inten\u00e7\u00e3o de mant\u00ea-lo na presid\u00eancia da Rep\u00fablica.<\/p>\n<p class=\"postParagraph_post-paragraph__juWZN postParagraph_post-paragraph-innerHtml__Q5vwc\">Darren Beattie entrou para o Departamento de Estado dos EUA em fevereiro. Cr\u00edtico do Supremo Tribunal Federal (STF)\u00a0e, em especial, de Moraes, ele j\u00e1 chamou o magistrado de \u201cprincipal articulador arquiteto do complexo de censura e persegui\u00e7\u00e3o\u201d contra Bolsonaro. Pr\u00f3ximo dos Bolsonaros, Beattie se encontrou no ano passado com o ex-deputado federal Eduardo Bolsonaro, nos EUA.<\/p>\n<\/div>\n<p><br \/>\n<br \/>Fonte: <a href=\"https:\/\/www.gazetadopovo.com.br\/republica\/bolsonaro-pede-para-receber-assessor-de-trump-para-o-brasil-fora-dos-dias-normais-de-visita\/\">Revista Oeste<\/a><\/p>\n","protected":false},"excerpt":{"rendered":"<p>O ex-presidente Jair Bolsonaro pediu a Alexandre de Moraes autoriza\u00e7\u00e3o para receber o assessor do governo de Donald Trump para assuntos relacionados ao Brasil em dias que n\u00e3o coincidem com os regulares de visita. Atrav\u00e9s de seus advogados, Bolsonaro solicita uma autoriza\u00e7\u00e3o \u201cexcepcional\u201d, citando a agenda restrita de Darren Beattie como integrante da diplomacia estrangeira. [&hellip;]<\/p>\n","protected":false},"author":5,"featured_media":65239,"comment_status":"open","ping_status":"open","sticky":false,"template":"","format":"standard","meta":{"_seopress_robots_primary_cat":"","_seopress_titles_title":"","_seopress_titles_desc":"","_seopress_robots_index":"","footnotes":""},"categories":[1],"tags":[],"class_list":["post-67200","post","type-post","status-publish","format-standard","has-post-thumbnail","hentry","category-ultimas-noticias"],"_links":{"self":[{"href":"https:\/\/mussicom.com\/noticias\/wp-json\/wp\/v2\/posts\/67200","targetHints":{"allow":["GET"]}}],"collection":[{"href":"https:\/\/mussicom.com\/noticias\/wp-json\/wp\/v2\/posts"}],"about":[{"href":"https:\/\/mussicom.com\/noticias\/wp-json\/wp\/v2\/types\/post"}],"author":[{"embeddable":true,"href":"https:\/\/mussicom.com\/noticias\/wp-json\/wp\/v2\/users\/5"}],"replies":[{"embeddable":true,"href":"https:\/\/mussicom.com\/noticias\/wp-json\/wp\/v2\/comments?post=67200"}],"version-history":[{"count":0,"href":"https:\/\/mussicom.com\/noticias\/wp-json\/wp\/v2\/posts\/67200\/revisions"}],"wp:featuredmedia":[{"embeddable":true,"href":"https:\/\/mussicom.com\/noticias\/wp-json\/wp\/v2\/media\/65239"}],"wp:attachment":[{"href":"https:\/\/mussicom.com\/noticias\/wp-json\/wp\/v2\/media?parent=67200"}],"wp:term":[{"taxonomy":"category","embeddable":true,"href":"https:\/\/mussicom.com\/noticias\/wp-json\/wp\/v2\/categories?post=67200"},{"taxonomy":"post_tag","embeddable":true,"href":"https:\/\/mussicom.com\/noticias\/wp-json\/wp\/v2\/tags?post=67200"}],"curies":[{"name":"wp","href":"https:\/\/api.w.org\/{rel}","templated":true}]}}