{"id":67077,"date":"2026-03-09T22:55:19","date_gmt":"2026-03-10T01:55:19","guid":{"rendered":"https:\/\/mussicom.com\/colisao-entre-carretas-causa-interdicao-e-congestionamento-em-rodovia-de-santos\/"},"modified":"2026-03-09T22:55:19","modified_gmt":"2026-03-10T01:55:19","slug":"colisao-entre-carretas-causa-interdicao-e-congestionamento-em-rodovia-de-santos","status":"publish","type":"post","link":"https:\/\/mussicom.com\/noticias\/colisao-entre-carretas-causa-interdicao-e-congestionamento-em-rodovia-de-santos\/","title":{"rendered":"Colis\u00e3o entre carretas causa interdi\u00e7\u00e3o e congestionamento em rodovia de Santos"},"content":{"rendered":"<p> <br \/>\n<\/p>\n<div id=\"texto\">\n<p>Uma colis\u00e3o envolvendo duas carretas foi registrada na manh\u00e3 desta segunda-feira (9) na rodovia SPA 248\/055, na altura do km 5, em Santos, no litoral paulista.<\/p>\n<p>\u00a0<\/p>\n<p>De acordo com informa\u00e7\u00f5es do Centro de Controle Multimodal (CCM) da Artesp, a ocorr\u00eancia foi registrada por volta das 9h44 no sentido leste da rodovia, que possui pista dupla. No momento do acidente, o tempo era bom.<\/p>\n<p>\u00a0<\/p>\n<p>Durante o atendimento da ocorr\u00eancia, houve interdi\u00e7\u00e3o parcial da via e, por um per\u00edodo, todas as faixas e o acostamento precisaram ser bloqueados para o trabalho das equipes de atendimento.<\/p>\n<p>\u00a0<\/p>\n<p>Uma das v\u00edtimas foi encaminhada para atendimento m\u00e9dico, enquanto equipes permaneceram no local realizando os procedimentos necess\u00e1rios e a limpeza da pista.<\/p>\n<p>\u00a0<\/p>\n<p>Por volta das 11h27, uma das carretas foi removida do acostamento e levada para a base da Pol\u00edcia Militar Rodovi\u00e1ria, onde aguardaria recursos particulares para retirada.<\/p>\n<p>\u00a0<\/p>\n<p>O acidente provocou congestionamento de cerca de 2 quil\u00f4metros no sentido leste da rodovia, no trecho entre os quil\u00f4metros 3 e 5.<\/p>\n<p>\u00a0<\/p>\n<p>As circunst\u00e2ncias da colis\u00e3o ainda estavam em apura\u00e7\u00e3o at\u00e9 a \u00faltima atualiza\u00e7\u00e3o da ocorr\u00eancia.<\/p>\n<\/p><\/div>\n<p><script async defer crossorigin=\"anonymous\" src=\"https:\/\/connect.facebook.net\/pt_BR\/sdk.js#xfbml=1&#038;version=v12.0&#038;appId=&#038;autoLogAppEvents=1\" nonce=\"ou0fI1lo\"><\/script><br \/>\n<br \/><br \/>\n<br \/>Fonte: <a href=\"https:\/\/www.bs9.com.br\/litoral\/colisao-entre-carretas-causa-interdicao-e-congestionamento-em-rodovia\/38134\/\">BS9<\/a><\/p>\n","protected":false},"excerpt":{"rendered":"<p>Uma colis\u00e3o envolvendo duas carretas foi registrada na manh\u00e3 desta segunda-feira (9) na rodovia SPA 248\/055, na altura do km 5, em Santos, no litoral paulista. \u00a0 De acordo com informa\u00e7\u00f5es do Centro de Controle Multimodal (CCM) da Artesp, a ocorr\u00eancia foi registrada por volta das 9h44 no sentido leste da rodovia, que possui pista [&hellip;]<\/p>\n","protected":false},"author":5,"featured_media":67078,"comment_status":"open","ping_status":"open","sticky":false,"template":"","format":"standard","meta":{"_seopress_robots_primary_cat":"","_seopress_titles_title":"","_seopress_titles_desc":"","_seopress_robots_index":"","footnotes":""},"categories":[52],"tags":[],"class_list":["post-67077","post","type-post","status-publish","format-standard","has-post-thumbnail","hentry","category-santoseregiao"],"_links":{"self":[{"href":"https:\/\/mussicom.com\/noticias\/wp-json\/wp\/v2\/posts\/67077","targetHints":{"allow":["GET"]}}],"collection":[{"href":"https:\/\/mussicom.com\/noticias\/wp-json\/wp\/v2\/posts"}],"about":[{"href":"https:\/\/mussicom.com\/noticias\/wp-json\/wp\/v2\/types\/post"}],"author":[{"embeddable":true,"href":"https:\/\/mussicom.com\/noticias\/wp-json\/wp\/v2\/users\/5"}],"replies":[{"embeddable":true,"href":"https:\/\/mussicom.com\/noticias\/wp-json\/wp\/v2\/comments?post=67077"}],"version-history":[{"count":0,"href":"https:\/\/mussicom.com\/noticias\/wp-json\/wp\/v2\/posts\/67077\/revisions"}],"wp:featuredmedia":[{"embeddable":true,"href":"https:\/\/mussicom.com\/noticias\/wp-json\/wp\/v2\/media\/67078"}],"wp:attachment":[{"href":"https:\/\/mussicom.com\/noticias\/wp-json\/wp\/v2\/media?parent=67077"}],"wp:term":[{"taxonomy":"category","embeddable":true,"href":"https:\/\/mussicom.com\/noticias\/wp-json\/wp\/v2\/categories?post=67077"},{"taxonomy":"post_tag","embeddable":true,"href":"https:\/\/mussicom.com\/noticias\/wp-json\/wp\/v2\/tags?post=67077"}],"curies":[{"name":"wp","href":"https:\/\/api.w.org\/{rel}","templated":true}]}}