{"id":6705,"date":"2025-03-18T19:56:01","date_gmt":"2025-03-18T22:56:01","guid":{"rendered":"https:\/\/www.mussicom.com\/israel-anuncia-morte-de-mais-um-lider-do-grupo-terrorista\/"},"modified":"2025-03-18T19:56:01","modified_gmt":"2025-03-18T22:56:01","slug":"israel-anuncia-morte-de-mais-um-lider-do-grupo-terrorista","status":"publish","type":"post","link":"https:\/\/mussicom.com\/noticias\/israel-anuncia-morte-de-mais-um-lider-do-grupo-terrorista\/","title":{"rendered":"Israel anuncia morte de mais um l\u00edder do grupo terrorista"},"content":{"rendered":"<p> <br \/>\n<\/p>\n<div id=\"hd80s9wa1h892edh8192\">\n<p>O governo de Israel anunciou que conseguiu matar o chefe de governo do <strong>H<\/strong><strong>amas<\/strong> em uma <strong>ofensiva na noite desta segunda-feira, 17<\/strong>, em Gaza. Em um comunicado oficial das For\u00e7as de Defesa israelenses (IDF), o Ex\u00e9rcito comunicou que Essam al-Da\u2019alis era o respons\u00e1vel pelas opera\u00e7\u00f5es do regime terrorista em Gaza. Era ele quem supervisionava a integra\u00e7\u00e3o de todos os ramos do grupo na regi\u00e3o.<\/p>\n<p>\u201cAo longo do \u00faltimo dia, a IDF atacou dezenas de alvos terroristas em toda a Faixa de Gaza, incluindo membros de n\u00edvel intermedi\u00e1rio e alto do Escrit\u00f3rio Pol\u00edtico do Hamas. Os ataques foram conduzidos para enfraquecer as capacidades governamentais e militares do Hamas e remover amea\u00e7as ao Estado de Israel e seus cidad\u00e3os\u201d, diz o comunicado.<\/p>\n<h2 class=\"wp-block-heading\"><strong>Hamas pode ter perdido mais tr\u00eas l\u00edderes<\/strong><\/h2>\n<p>Conforme o texto da IDF, mais tr\u00eas outros membros da fac\u00e7\u00e3o extremista t\u00eam \u201calta probabilidade\u201d de tamb\u00e9m estarem mortos. S\u00e3o eles:<\/p>\n<ul>\n<li>Mahmoud Marzouk Ahmed Abu-Watfa: ministro de Assuntos Internos e chefe das For\u00e7as de Seguran\u00e7a Interna do Hamas, usadas para fins terroristas.<\/li>\n<li>Bahajat Hassan Mohammed Abu-Sultan: chefe das For\u00e7as de Seguran\u00e7a Interna do Hamas, tamb\u00e9m com finalidade terrorista.<\/li>\n<li>Ahmed Amar Abdullah Alhata, ministro da Justi\u00e7a do Hamas, cargo que explorava para fins terroristas.<\/li>\n<\/ul>\n<p>Depois de retomar bombardeios na Faixa de Gaza na noite desta segunda-feira, 17, as For\u00e7as Armadas de Israel disseram ter feito principalmente novos ataques ao territ\u00f3rio palestino. Afirmaram, do mesmo modo, que a ofensiva continuaria de forma permanente.<\/p>\n<figure class=\"wp-block-embed is-type-video is-provider-youtube wp-block-embed-youtube wp-embed-aspect-16-9 wp-has-aspect-ratio\">\n<div class=\"wp-block-embed__wrapper\">\n<div class=\"perfmatters-lazy-youtube\" data-src=\"https:\/\/www.youtube.com\/embed\/crqg3J97-j8\" data-id=\"crqg3J97-j8\" data-query=\"feature=oembed\" onclick=\"perfmattersLazyLoadYouTube(this);\">\n<div><img fetchpriority=\"high\" decoding=\"async\" src=\"https:\/\/i.ytimg.com\/vi\/crqg3J97-j8\/hqdefault.jpg\" alt=\"YouTube video\" width=\"480\" height=\"360\" data-pin-nopin=\"true\" nopin=\"nopin\"\/><\/div>\n<\/div>\n<p><noscript><iframe title=\"&#039;Estados Unidos s\u00e3o c\u00famplices do genoc\u00eddio promovido por Israel em Gaza&#039;, diz Lula\" width=\"800\" height=\"450\" src=\"https:\/\/www.youtube.com\/embed\/crqg3J97-j8?feature=oembed\" frameborder=\"0\" allow=\"accelerometer; autoplay; clipboard-write; encrypted-media; gyroscope; picture-in-picture; web-share\" referrerpolicy=\"strict-origin-when-cross-origin\" allowfullscreen><\/iframe><\/noscript>\n<\/div>\n<\/figure>\n<p>Os ataques romperam com a tr\u00e9gua em vigor entre Israel e Hamas desde janeiro. O novo ciclo de conflito deixou 413 mortos e 660 feridos, segundo o Minist\u00e9rio da Sa\u00fade de Gaza, sob controle terrorista. Em comunicado nesta manh\u00e3 de ter\u00e7a-feira, as for\u00e7as israelenses afirmaram que continuavam a atacar alvos pertencentes ao Hamas. Acrescentaram que, da mesma forma, visam eliminar membros da Jihad Isl\u00e2mica, outro grupo extremista que atua na Faixa de Gaza.<\/p>\n<p>+ <strong>Leia mais informa\u00e7\u00f5es de <\/strong><strong>Mundo<\/strong><strong> na Oeste<\/strong><\/p>\n<\/p><\/div>\n<p><br \/>\n<br \/>Fonte: <a href=\"https:\/\/revistaoeste.com\/mundo\/israel-anuncia-morte-de-mais-um-lider-do-hamas\/\">Revista Oeste<\/a><\/p>\n","protected":false},"excerpt":{"rendered":"<p>O governo de Israel anunciou que conseguiu matar o chefe de governo do Hamas em uma ofensiva na noite desta segunda-feira, 17, em Gaza. Em um comunicado oficial das For\u00e7as de Defesa israelenses (IDF), o Ex\u00e9rcito comunicou que Essam al-Da\u2019alis era o respons\u00e1vel pelas opera\u00e7\u00f5es do regime terrorista em Gaza. Era ele quem supervisionava a [&hellip;]<\/p>\n","protected":false},"author":5,"featured_media":6706,"comment_status":"open","ping_status":"open","sticky":false,"template":"","format":"standard","meta":{"_seopress_robots_primary_cat":"","_seopress_titles_title":"","_seopress_titles_desc":"","_seopress_robots_index":"","footnotes":""},"categories":[48],"tags":[],"class_list":["post-6705","post","type-post","status-publish","format-standard","has-post-thumbnail","hentry","category-internacional"],"_links":{"self":[{"href":"https:\/\/mussicom.com\/noticias\/wp-json\/wp\/v2\/posts\/6705","targetHints":{"allow":["GET"]}}],"collection":[{"href":"https:\/\/mussicom.com\/noticias\/wp-json\/wp\/v2\/posts"}],"about":[{"href":"https:\/\/mussicom.com\/noticias\/wp-json\/wp\/v2\/types\/post"}],"author":[{"embeddable":true,"href":"https:\/\/mussicom.com\/noticias\/wp-json\/wp\/v2\/users\/5"}],"replies":[{"embeddable":true,"href":"https:\/\/mussicom.com\/noticias\/wp-json\/wp\/v2\/comments?post=6705"}],"version-history":[{"count":0,"href":"https:\/\/mussicom.com\/noticias\/wp-json\/wp\/v2\/posts\/6705\/revisions"}],"wp:featuredmedia":[{"embeddable":true,"href":"https:\/\/mussicom.com\/noticias\/wp-json\/wp\/v2\/media\/6706"}],"wp:attachment":[{"href":"https:\/\/mussicom.com\/noticias\/wp-json\/wp\/v2\/media?parent=6705"}],"wp:term":[{"taxonomy":"category","embeddable":true,"href":"https:\/\/mussicom.com\/noticias\/wp-json\/wp\/v2\/categories?post=6705"},{"taxonomy":"post_tag","embeddable":true,"href":"https:\/\/mussicom.com\/noticias\/wp-json\/wp\/v2\/tags?post=6705"}],"curies":[{"name":"wp","href":"https:\/\/api.w.org\/{rel}","templated":true}]}}