{"id":66967,"date":"2026-03-09T12:50:19","date_gmt":"2026-03-09T15:50:19","guid":{"rendered":"https:\/\/mussicom.com\/neymar-esta-na-pre-lista-da-selecao-e-ancelotti-estara-no-jogo-entre-santos-e-mirassol\/"},"modified":"2026-03-09T12:50:19","modified_gmt":"2026-03-09T15:50:19","slug":"neymar-esta-na-pre-lista-da-selecao-e-ancelotti-estara-no-jogo-entre-santos-e-mirassol","status":"publish","type":"post","link":"https:\/\/mussicom.com\/noticias\/neymar-esta-na-pre-lista-da-selecao-e-ancelotti-estara-no-jogo-entre-santos-e-mirassol\/","title":{"rendered":"Neymar est\u00e1 na pr\u00e9-lista da Sele\u00e7\u00e3o e Ancelotti estar\u00e1 no jogo entre Santos e Mirassol"},"content":{"rendered":"<p> <br \/>\n<\/p>\n<div id=\"attachment_179837\" style=\"width: 1035px\"><img alt=\"\" fetchpriority=\"high\" fetchpriority=\"high\" decoding=\"async\" aria-describedby=\"caption-attachment-179837\" class=\" wp-image-179837\" src=\"https:\/\/www.diariodopeixe.com.br\/wp-content\/uploads\/2026\/02\/55118282611_924bbcae1e_o-240x300.jpg\" alt=\"\" width=\"1025\" height=\"1281\" srcset=\"https:\/\/www.diariodopeixe.com.br\/wp-content\/uploads\/2026\/02\/55118282611_924bbcae1e_o-200x250.jpg 200w, https:\/\/www.diariodopeixe.com.br\/wp-content\/uploads\/2026\/02\/55118282611_924bbcae1e_o-240x300.jpg 240w, https:\/\/www.diariodopeixe.com.br\/wp-content\/uploads\/2026\/02\/55118282611_924bbcae1e_o-400x500.jpg 400w, https:\/\/www.diariodopeixe.com.br\/wp-content\/uploads\/2026\/02\/55118282611_924bbcae1e_o-600x750.jpg 600w, https:\/\/www.diariodopeixe.com.br\/wp-content\/uploads\/2026\/02\/55118282611_924bbcae1e_o-768x960.jpg 768w, https:\/\/www.diariodopeixe.com.br\/wp-content\/uploads\/2026\/02\/55118282611_924bbcae1e_o-800x1000.jpg 800w, https:\/\/www.diariodopeixe.com.br\/wp-content\/uploads\/2026\/02\/55118282611_924bbcae1e_o-819x1024.jpg 819w, https:\/\/www.diariodopeixe.com.br\/wp-content\/uploads\/2026\/02\/55118282611_924bbcae1e_o-1200x1500.jpg 1200w, https:\/\/www.diariodopeixe.com.br\/wp-content\/uploads\/2026\/02\/55118282611_924bbcae1e_o-1229x1536.jpg 1229w, https:\/\/www.diariodopeixe.com.br\/wp-content\/uploads\/2026\/02\/55118282611_924bbcae1e_o-1638x2048.jpg 1638w\" sizes=\"(max-width: 1025px) 100vw, 1025px\"\/><\/p>\n<p id=\"caption-attachment-179837\" class=\"wp-caption-text\">Neymar quer disputar a Copa do Mundo (Cr\u00e9dito: Raul Baretta\/Santos FC)<\/p>\n<\/div>\n<p>O meia-atacante Neymar Jr est\u00e1 na pr\u00e9-lista do t\u00e9cnico Carlo Ancelotti, que vai acompanhar o camisa 10 no jogo do <strong>Santos<\/strong> contra o Mirassol nesta ter\u00e7a-feira (10), \u00e0s 21h30min, no Jos\u00e9 Maria de Campos Maia, pela quinta rodada do Brasileir\u00e3o. A informa\u00e7\u00e3o foi publicada pelo Globo Esporte e confirmada pelo Di\u00e1rio do Peixe. \u00c9 a chance do craque \u2018mostrar servi\u00e7o\u2019 antes da convoca\u00e7\u00e3o do Brasil para a Data Fifa de mar\u00e7o na pr\u00f3xima segunda-feira (16).<\/p>\n<p>Ser\u00e1 a \u00faltima lista do italiano antes da oficial, dos jogadores que de fato ir\u00e3o disputar a Copa do Mundo. Depois do confronto contra o Le\u00e3o, Neymar ainda tem outro jogo antes de ser a convoca\u00e7\u00e3o: o cl\u00e1ssico contra o Corinthians no domingo (15), \u00e0s 16 horas, na Vila Belmiro, pela sexta rodada do Brasileiro. A partida inclusive est\u00e1 com ingressos esgotados.<\/p>\n<div>\n<p>A Sele\u00e7\u00e3o Brasileira ter\u00e1 amistosos neste m\u00eas nos Estados Unidos contra a Fran\u00e7a no dia 26, \u00e0s 18 horas, em Foxborough, e diante da Cro\u00e1cia no dia 31, em Orlando. Ap\u00f3s esses amistosos, os convocados em definitivo para a Copa ir\u00e3o duelar contra o Egito, no est\u00e1dio Huntington Bank Field, em Cleveland, no dia 16 de junho.<\/p>\n<p>Neymar j\u00e1 esteve na pr\u00e9-lista do treinador em agosto do ano passado junto ao goleiro Gabriel Braz\u00e3o, tamb\u00e9m do Peixe, mas ambos n\u00e3o foram chamados. Ele estreou na temporada pelo Santos ap\u00f3s ter realizado uma artroscopia, no fim de dezembro, entrando no intervalo da goleada sobre o Velo Clube, na Vila Belmiro, pelo Paulist\u00e3o.<\/p>\n<p>O craque tamb\u00e9m foi titular na derrota santista para o Novorizontino, no Jorj\u00e3o, que resultou na elimina\u00e7\u00e3o do time no estadual. No Brasileiro, foi titular e marcou dois gols na vit\u00f3ria sobre o Vasco, na Vila. No fim do ano passado, Neymar foi destaque do time com gols e evitando o rebaixamento santista.<\/p>\n<p>Ap\u00f3s o fim do Brasileiro, passou por uma cirurgia de artroscopia no joelho esquerdo no dia 22 de dezembro e vinha se recuperando com a fisioterapia desde ent\u00e3o. No fim de janeiro, come\u00e7ou a transi\u00e7\u00e3o e vinha treinando com o elenco normalmente h\u00e1 cerca de duas semanas.<\/p>\n<p>A comiss\u00e3o t\u00e9cnica pregou cautela no retorno do jogador pela expectativa de melhor desempenho do craque visando uma convoca\u00e7\u00e3o para a disputa da Copa do Mundo. Internamente, existe uma expectativa de Neymar \u2018representar\u2019 o Alvinegro pela Sele\u00e7\u00e3o Brasileira. O Santos come\u00e7ou alguns movimentos para que o meio-campista seja pauta mundial e chegou a enviar uma camisa personalizada com aut\u00f3grafos do craque para Messi, \u00eddolo da Argentina, e aos filhos.<\/p>\n<\/div>\n<p><br \/>\n<br \/>Fonte: <a href=\"https:\/\/www.diariodopeixe.com.br\/noticias\/neymar-esta-na-pre-lista-da-selecao-e-ancelotti-estara-no-jogo-entre-santos-e-mirassol\/\">Di\u00e1rio do Peixe<\/a><\/p>\n","protected":false},"excerpt":{"rendered":"<p>Neymar quer disputar a Copa do Mundo (Cr\u00e9dito: Raul Baretta\/Santos FC) O meia-atacante Neymar Jr est\u00e1 na pr\u00e9-lista do t\u00e9cnico Carlo Ancelotti, que vai acompanhar o camisa 10 no jogo do Santos contra o Mirassol nesta ter\u00e7a-feira (10), \u00e0s 21h30min, no Jos\u00e9 Maria de Campos Maia, pela quinta rodada do Brasileir\u00e3o. A informa\u00e7\u00e3o foi publicada [&hellip;]<\/p>\n","protected":false},"author":5,"featured_media":66968,"comment_status":"open","ping_status":"open","sticky":false,"template":"","format":"standard","meta":{"_seopress_robots_primary_cat":"","_seopress_titles_title":"","_seopress_titles_desc":"","_seopress_robots_index":"","footnotes":""},"categories":[55],"tags":[],"class_list":["post-66967","post","type-post","status-publish","format-standard","has-post-thumbnail","hentry","category-santos-fc"],"_links":{"self":[{"href":"https:\/\/mussicom.com\/noticias\/wp-json\/wp\/v2\/posts\/66967","targetHints":{"allow":["GET"]}}],"collection":[{"href":"https:\/\/mussicom.com\/noticias\/wp-json\/wp\/v2\/posts"}],"about":[{"href":"https:\/\/mussicom.com\/noticias\/wp-json\/wp\/v2\/types\/post"}],"author":[{"embeddable":true,"href":"https:\/\/mussicom.com\/noticias\/wp-json\/wp\/v2\/users\/5"}],"replies":[{"embeddable":true,"href":"https:\/\/mussicom.com\/noticias\/wp-json\/wp\/v2\/comments?post=66967"}],"version-history":[{"count":0,"href":"https:\/\/mussicom.com\/noticias\/wp-json\/wp\/v2\/posts\/66967\/revisions"}],"wp:featuredmedia":[{"embeddable":true,"href":"https:\/\/mussicom.com\/noticias\/wp-json\/wp\/v2\/media\/66968"}],"wp:attachment":[{"href":"https:\/\/mussicom.com\/noticias\/wp-json\/wp\/v2\/media?parent=66967"}],"wp:term":[{"taxonomy":"category","embeddable":true,"href":"https:\/\/mussicom.com\/noticias\/wp-json\/wp\/v2\/categories?post=66967"},{"taxonomy":"post_tag","embeddable":true,"href":"https:\/\/mussicom.com\/noticias\/wp-json\/wp\/v2\/tags?post=66967"}],"curies":[{"name":"wp","href":"https:\/\/api.w.org\/{rel}","templated":true}]}}