{"id":66962,"date":"2026-03-09T12:44:17","date_gmt":"2026-03-09T15:44:17","guid":{"rendered":"https:\/\/mussicom.com\/baixada-santista-recebe-dois-alertas-para-chuvas-intensas\/"},"modified":"2026-03-09T12:44:17","modified_gmt":"2026-03-09T15:44:17","slug":"baixada-santista-recebe-dois-alertas-para-chuvas-intensas","status":"publish","type":"post","link":"https:\/\/mussicom.com\/noticias\/baixada-santista-recebe-dois-alertas-para-chuvas-intensas\/","title":{"rendered":"Baixada Santista recebe dois alertas para chuvas intensas"},"content":{"rendered":"<p> <br \/>\n<\/p>\n<div>\n<p>A Baixada Santista est\u00e1 em uma \u00e1rea sobre a qual o Instituto Nacional de Meteorologia (Inmet) emitiu dois alertas para as condi\u00e7\u00f5es clim\u00e1ticas. Os avisos envolvem chuvas fortes e ventos intensos.<\/p>\n<p>De acordo com o \u00f3rg\u00e3o, o alerta mais severo vale at\u00e9 a noite desta ter\u00e7a-feira (10). Envolve chuva entre 30 e 60 mm por hora ou 50 e 100 mm por dia, al\u00e9m de ventos intensos (60 a 100 km\/h). H\u00e1 risco para corte de energia el\u00e9trica, queda de galhos de \u00e1rvores, alagamentos e descargas el\u00e9tricas.<\/p>\n<p>O segundo alerta tamb\u00e9m trata sobre chuvas, enfatizando a intensidade das precipita\u00e7\u00f5es e refor\u00e7ando o risco para alagamentos. Nenhum dos alertas menciona risco de deslizamento de terra.<\/p>\n<p>De acordo com a Climatempo, a chuva segue persistente na regi\u00e3o nesta segunda-feira (9). Para esta ter\u00e7a (10), a previs\u00e3o \u00e9 de sol com algumas nuvens. Chove r\u00e1pido durante o dia e \u00e0 noite. Para quarta-feira (11) h\u00e1 previs\u00e3o de muitas nuvens com chuva pela manh\u00e3, tarde com temporal e noite chuvosa. Nos dois dias as temperaturas n\u00e3o ir\u00e3o al\u00e9m dos 23\u00ba.<\/p>\n<\/div>\n<p><br \/>\n<br \/>Fonte: <a href=\"https:\/\/jornaldaorla.com.br\/noticias\/baixada-santista-recebe-dois-alertas-para-chuvas-intensas\/\">Jornal Da Orla<\/a><\/p>\n","protected":false},"excerpt":{"rendered":"<p>A Baixada Santista est\u00e1 em uma \u00e1rea sobre a qual o Instituto Nacional de Meteorologia (Inmet) emitiu dois alertas para as condi\u00e7\u00f5es clim\u00e1ticas. Os avisos envolvem chuvas fortes e ventos intensos. De acordo com o \u00f3rg\u00e3o, o alerta mais severo vale at\u00e9 a noite desta ter\u00e7a-feira (10). Envolve chuva entre 30 e 60 mm por [&hellip;]<\/p>\n","protected":false},"author":5,"featured_media":66963,"comment_status":"open","ping_status":"open","sticky":false,"template":"","format":"standard","meta":{"_seopress_robots_primary_cat":"","_seopress_titles_title":"","_seopress_titles_desc":"","_seopress_robots_index":"","footnotes":""},"categories":[52],"tags":[],"class_list":["post-66962","post","type-post","status-publish","format-standard","has-post-thumbnail","hentry","category-santoseregiao"],"_links":{"self":[{"href":"https:\/\/mussicom.com\/noticias\/wp-json\/wp\/v2\/posts\/66962","targetHints":{"allow":["GET"]}}],"collection":[{"href":"https:\/\/mussicom.com\/noticias\/wp-json\/wp\/v2\/posts"}],"about":[{"href":"https:\/\/mussicom.com\/noticias\/wp-json\/wp\/v2\/types\/post"}],"author":[{"embeddable":true,"href":"https:\/\/mussicom.com\/noticias\/wp-json\/wp\/v2\/users\/5"}],"replies":[{"embeddable":true,"href":"https:\/\/mussicom.com\/noticias\/wp-json\/wp\/v2\/comments?post=66962"}],"version-history":[{"count":0,"href":"https:\/\/mussicom.com\/noticias\/wp-json\/wp\/v2\/posts\/66962\/revisions"}],"wp:featuredmedia":[{"embeddable":true,"href":"https:\/\/mussicom.com\/noticias\/wp-json\/wp\/v2\/media\/66963"}],"wp:attachment":[{"href":"https:\/\/mussicom.com\/noticias\/wp-json\/wp\/v2\/media?parent=66962"}],"wp:term":[{"taxonomy":"category","embeddable":true,"href":"https:\/\/mussicom.com\/noticias\/wp-json\/wp\/v2\/categories?post=66962"},{"taxonomy":"post_tag","embeddable":true,"href":"https:\/\/mussicom.com\/noticias\/wp-json\/wp\/v2\/tags?post=66962"}],"curies":[{"name":"wp","href":"https:\/\/api.w.org\/{rel}","templated":true}]}}