{"id":66934,"date":"2026-03-09T08:46:21","date_gmt":"2026-03-09T11:46:21","guid":{"rendered":"https:\/\/mussicom.com\/neymar-volta-a-treinar-no-gramado-e-deve-reforcar-o-santos-contra-o-mirassol\/"},"modified":"2026-03-09T08:46:21","modified_gmt":"2026-03-09T11:46:21","slug":"neymar-volta-a-treinar-no-gramado-e-deve-reforcar-o-santos-contra-o-mirassol","status":"publish","type":"post","link":"https:\/\/mussicom.com\/noticias\/neymar-volta-a-treinar-no-gramado-e-deve-reforcar-o-santos-contra-o-mirassol\/","title":{"rendered":"Neymar volta a treinar no gramado e deve refor\u00e7ar o Santos contra o Mirassol"},"content":{"rendered":"<p> <br \/>\n<\/p>\n<div>\n<div id=\"attachment_180061\" style=\"width: 975px\" class=\"wp-caption aligncenter\"><img alt=\"\" fetchpriority=\"high\" fetchpriority=\"high\" decoding=\"async\" aria-describedby=\"caption-attachment-180061\" class=\"wp-image-180061\" src=\"https:\/\/www.diariodopeixe.com.br\/wp-content\/uploads\/2026\/03\/55126593267_a2cc67272d_o-240x300.jpg\" alt=\"\" width=\"965\" height=\"1206\" srcset=\"https:\/\/www.diariodopeixe.com.br\/wp-content\/uploads\/2026\/03\/55126593267_a2cc67272d_o-200x250.jpg 200w, https:\/\/www.diariodopeixe.com.br\/wp-content\/uploads\/2026\/03\/55126593267_a2cc67272d_o-240x300.jpg 240w, https:\/\/www.diariodopeixe.com.br\/wp-content\/uploads\/2026\/03\/55126593267_a2cc67272d_o-400x500.jpg 400w, https:\/\/www.diariodopeixe.com.br\/wp-content\/uploads\/2026\/03\/55126593267_a2cc67272d_o-600x750.jpg 600w, https:\/\/www.diariodopeixe.com.br\/wp-content\/uploads\/2026\/03\/55126593267_a2cc67272d_o-768x960.jpg 768w, https:\/\/www.diariodopeixe.com.br\/wp-content\/uploads\/2026\/03\/55126593267_a2cc67272d_o-800x1000.jpg 800w, https:\/\/www.diariodopeixe.com.br\/wp-content\/uploads\/2026\/03\/55126593267_a2cc67272d_o-819x1024.jpg 819w, https:\/\/www.diariodopeixe.com.br\/wp-content\/uploads\/2026\/03\/55126593267_a2cc67272d_o-1200x1500.jpg 1200w, https:\/\/www.diariodopeixe.com.br\/wp-content\/uploads\/2026\/03\/55126593267_a2cc67272d_o-1229x1536.jpg 1229w, https:\/\/www.diariodopeixe.com.br\/wp-content\/uploads\/2026\/03\/55126593267_a2cc67272d_o-1638x2048.jpg 1638w\" sizes=\"(max-width: 965px) 100vw, 965px\"\/><\/p>\n<p id=\"caption-attachment-180061\" class=\"wp-caption-text\">Neymar participou do treino do Santos na manh\u00e3 deste domingo (Cr\u00e9dito: Raul Baretta\/SantosFC)<\/p>\n<\/div>\n<p>O <strong>Santos<\/strong> realizou neste domingo (8) mais uma atividade no CT Rei Pel\u00e9, dando sequ\u00eancia \u00e0 prepara\u00e7\u00e3o para enfrentar o Mirassol pela quinta rodada do Campeonato Brasileiro S\u00e9rie A.\u00a0A principal novidade do treino foi o retorno de Neymar \u00e0s atividades no gramado. O camisa 10 participou normalmente do trabalho t\u00e9cnico e t\u00e1tico comandado pelo t\u00e9cnico Juan Pablo Vojvoda, ap\u00f3s tr\u00eas dias realizando apenas atividades internas de fortalecimento muscular e controle de carga.<\/p>\n<p>Durante a semana, o jogador permaneceu na parte interna do CT cumprindo um planejamento f\u00edsico estabelecido pela comiss\u00e3o t\u00e9cnica. Mesmo fora dos treinos com bola por alguns dias, o clube sempre tratou a situa\u00e7\u00e3o como preventiva e sem preocupa\u00e7\u00e3o para o pr\u00f3ximo compromisso.<\/p>\n<p>Com o retorno aos trabalhos no campo, Neymar deve estar entre os titulares no confronto de ter\u00e7a-feira, fora de casa, diante do Mirassol.<\/p>\n<p>Al\u00e9m da partida pelo Brasileir\u00e3o, o atacante tamb\u00e9m tem um objetivo pessoal nas pr\u00f3ximas semanas. Os jogos contra o Mirassol e contra o Corinthians, marcado para o dia 15 na Vila Belmiro, s\u00e3o vistos pelo camisa 10 como oportunidades importantes para voltar a ser convocado para a Sele\u00e7\u00e3o Brasileira de Futebol.<\/p>\n<p>Sem problemas de suspens\u00e3o ou les\u00e3o no elenco principal, Vojvoda deve ter praticamente todo o grupo \u00e0 disposi\u00e7\u00e3o para o duelo no interior paulista. A exce\u00e7\u00e3o \u00e9 o zagueiro Lucas Ver\u00edssimo que ainda n\u00e3o ficar\u00e1 dispon\u00edvel. Rec\u00e9m-contratado pelo Santos, o defensor permanece no Catar resolvendo quest\u00f5es log\u00edsticas em meio ao cen\u00e1rio de conflito no Oriente M\u00e9dio e ainda n\u00e3o conseguiu viajar para se apresentar ao clube.<\/p>\n<\/p><\/div>\n<p><br \/>\n<br \/>Fonte: <a href=\"https:\/\/www.diariodopeixe.com.br\/noticias\/neymar-volta-a-treinar-no-gramado-e-deve-reforcar-o-santos-contra-o-mirassol\/\">Di\u00e1rio do Peixe<\/a><\/p>\n","protected":false},"excerpt":{"rendered":"<p>Neymar participou do treino do Santos na manh\u00e3 deste domingo (Cr\u00e9dito: Raul Baretta\/SantosFC) O Santos realizou neste domingo (8) mais uma atividade no CT Rei Pel\u00e9, dando sequ\u00eancia \u00e0 prepara\u00e7\u00e3o para enfrentar o Mirassol pela quinta rodada do Campeonato Brasileiro S\u00e9rie A.\u00a0A principal novidade do treino foi o retorno de Neymar \u00e0s atividades no gramado. [&hellip;]<\/p>\n","protected":false},"author":5,"featured_media":66935,"comment_status":"open","ping_status":"open","sticky":false,"template":"","format":"standard","meta":{"_seopress_robots_primary_cat":"","_seopress_titles_title":"","_seopress_titles_desc":"","_seopress_robots_index":"","footnotes":""},"categories":[55],"tags":[],"class_list":["post-66934","post","type-post","status-publish","format-standard","has-post-thumbnail","hentry","category-santos-fc"],"_links":{"self":[{"href":"https:\/\/mussicom.com\/noticias\/wp-json\/wp\/v2\/posts\/66934","targetHints":{"allow":["GET"]}}],"collection":[{"href":"https:\/\/mussicom.com\/noticias\/wp-json\/wp\/v2\/posts"}],"about":[{"href":"https:\/\/mussicom.com\/noticias\/wp-json\/wp\/v2\/types\/post"}],"author":[{"embeddable":true,"href":"https:\/\/mussicom.com\/noticias\/wp-json\/wp\/v2\/users\/5"}],"replies":[{"embeddable":true,"href":"https:\/\/mussicom.com\/noticias\/wp-json\/wp\/v2\/comments?post=66934"}],"version-history":[{"count":0,"href":"https:\/\/mussicom.com\/noticias\/wp-json\/wp\/v2\/posts\/66934\/revisions"}],"wp:featuredmedia":[{"embeddable":true,"href":"https:\/\/mussicom.com\/noticias\/wp-json\/wp\/v2\/media\/66935"}],"wp:attachment":[{"href":"https:\/\/mussicom.com\/noticias\/wp-json\/wp\/v2\/media?parent=66934"}],"wp:term":[{"taxonomy":"category","embeddable":true,"href":"https:\/\/mussicom.com\/noticias\/wp-json\/wp\/v2\/categories?post=66934"},{"taxonomy":"post_tag","embeddable":true,"href":"https:\/\/mussicom.com\/noticias\/wp-json\/wp\/v2\/tags?post=66934"}],"curies":[{"name":"wp","href":"https:\/\/api.w.org\/{rel}","templated":true}]}}