{"id":66919,"date":"2026-03-09T02:37:19","date_gmt":"2026-03-09T05:37:19","guid":{"rendered":"https:\/\/mussicom.com\/importacoes-moderam-ritmo-de-alta-no-mercado-de-feijao\/"},"modified":"2026-03-09T02:37:19","modified_gmt":"2026-03-09T05:37:19","slug":"importacoes-moderam-ritmo-de-alta-no-mercado-de-feijao","status":"publish","type":"post","link":"https:\/\/mussicom.com\/noticias\/importacoes-moderam-ritmo-de-alta-no-mercado-de-feijao\/","title":{"rendered":"Importa\u00e7\u00f5es moderam ritmo de alta no mercado de feij\u00e3o"},"content":{"rendered":"<p> <br \/>\n<\/p>\n<div>\n<div class=\"row\">\n<div class=\"col-lg col-infos mt-0 mt-lg-0\">\n<div class=\"section-sub-title\">\n<p itemprop=\"description\">&#13;<br \/>\n                                Importa\u00e7\u00f5es moderam ritmo de alta no mercado de feij\u00e3o&#13;<br \/>\n&#13;<br \/>\n&#13;\n                            <\/p>\n<\/p><\/div>\n<div class=\"container\">\n<div class=\"row\">\n<div class=\"col-lg p-0\">\n<div>\n<div class=\"block-news-main-infos mt-3 text-start\">\n<p>                                            <strong class=\"fn\" itemprop=\"author\" style=\"color: rgb(112, 112, 112); \">&#13;<br \/>\n                                                Agrolink&#13;<br \/>\n&#13;<br \/>\n                                                    &#8211; Leonardo Gottems&#13;<br \/>\n&#13;<br \/>\n                                            <\/strong><br \/>\n                                        <\/p>\n<p>                                            <abbr><time datetime=\"2026 - 03 - 09T02:00\" itemprop=\"datePublished dateModified\"> Publicado em 09\/03\/2026 \u00e0s 02:00h.<\/time><\/abbr>\n                                    <\/div>\n<\/p><\/div>\n<\/p><\/div>\n<div class=\"col-lg p-0 text-lg-end\">\n<div>\n<div id=\"mdEnviarPagina\" class=\"modal fade\" role=\"dialog\">\n<div class=\"modal-dialog\">\n<div class=\"modal-content\">\n<div class=\"modal-body\">\n<p><strong>Estimado usu\u00e1rio.<\/strong><br \/>Preencha o formul\u00e1rio abaixo para remeter a p\u00e1gina.<\/p>\n<\/p><\/div>\n<\/p><\/div>\n<\/p><\/div>\n<\/div><\/div>\n<\/p><\/div>\n<\/p><\/div>\n<\/p><\/div>\n<\/p><\/div>\n<\/p><\/div>\n<div class=\"row justify-content-md-center mt-3\">\n<div class=\"col-lg-auto col-image block-news-main-image\">\n<p>                                <br \/>\n                                                <span class=\"d-block mt-1\">Importa\u00e7\u00f5es moderam ritmo de alta no mercado de feij\u00e3o &#8211; Foto: Pixabay<\/span><\/p><\/div>\n<\/p><\/div>\n<div class=\"section-description section-description-noticias mt-3\">\n<p>A chegada de feij\u00e3o importado ao mercado brasileiro tem provocado ajustes no ritmo das negocia\u00e7\u00f5es e na forma\u00e7\u00e3o de pre\u00e7os no curto prazo. Parte desse movimento est\u00e1 ligada ao tempo necess\u00e1rio entre a compra do produto no exterior e sua efetiva entrada no circuito comercial no Brasil, processo que envolve verifica\u00e7\u00f5es t\u00e9cnicas antes da libera\u00e7\u00e3o para venda.&#13;\n<\/p>\n<p>Segundo informa\u00e7\u00f5es do Instituto Brasileiro de Feij\u00e3o e Pulses (Ibrafe), parte do feij\u00e3o que come\u00e7a a ser nacionalizado agora foi adquirida h\u00e1 cerca de dez a quinze dias. Esse intervalo ocorre porque os lotes passam por an\u00e1lises de res\u00edduos antes de ganhar fluidez no mercado interno. O procedimento est\u00e1 ligado a pr\u00e1ticas de compliance adotadas por importadores para evitar riscos regulat\u00f3rios.<\/p>\n<p>Um dos pontos observados envolve o glifosato. No Brasil, o produto n\u00e3o possui registro para desseca\u00e7\u00e3o pr\u00e9-colheita do feij\u00e3o e \u00f3rg\u00e3os t\u00e9cnicos alertam que esse tipo de uso \u00e9 proibido. Do ponto de vista regulat\u00f3rio, a Anvisa mant\u00e9m uma monografia que estabelece defini\u00e7\u00f5es de res\u00edduo e limites m\u00e1ximos permitidos para a subst\u00e2ncia, o que refor\u00e7a a cautela de empresas que optam por realizar an\u00e1lises antes de distribuir o produto.&#13;\n<\/p>\n<p>No mercado, a entrada desse feij\u00e3o-preto importado com custos definidos ainda no ano passado tem efeito direto sobre os pre\u00e7os. O produto tende a funcionar como uma esp\u00e9cie de refer\u00eancia ou teto psicol\u00f3gico, reduzindo a velocidade de eventuais valoriza\u00e7\u00f5es no curto prazo. Ainda assim, o Ibrafe avalia que o movimento n\u00e3o altera a tend\u00eancia estrutural quando a oferta interna est\u00e1 ajustada e h\u00e1 necessidade de reposi\u00e7\u00e3o.<\/p>\n<p>Relatos de comerciantes da regi\u00e3o dos Campos Gerais indicam que produtores t\u00eam resistido a ofertas consideradas baixas. A percep\u00e7\u00e3o no setor \u00e9 de que tentar adquirir volumes a pre\u00e7os menores neste momento tende a n\u00e3o avan\u00e7ar nas negocia\u00e7\u00f5es.<\/p>\n<p>As avalia\u00e7\u00f5es se aplicam tanto ao feij\u00e3o-carioca quanto ao feij\u00e3o-preto. Em rela\u00e7\u00e3o \u00e0 Argentina, tamb\u00e9m citada nas negocia\u00e7\u00f5es recentes, a leitura do mercado \u00e9 que exportadores do pa\u00eds vizinho acompanham os pre\u00e7os pagos pelo Brasil e n\u00e3o t\u00eam incentivo para liquidar estoques com valores reduzidos.&#13;\n<\/p>\n<\/p><\/div>\n<\/p><\/div>\n<p><script data-cfasync=\"false\">\n    !function (f, b, e, v, n, t, s) {\n        if (f.fbq) return; n = f.fbq = function () {\n            n.callMethod ?\n                n.callMethod.apply(n, arguments) : n.queue.push(arguments)\n        };\n        if (!f._fbq) f._fbq = n; n.push = n; n.loaded = !0; n.version = '2.0';\n        n.queue = []; t = b.createElement(e); t.async = !0;\n        t.src = v; s = b.getElementsByTagName(e)[0];\n        s.parentNode.insertBefore(t, s)\n    }(window, document, 'script',\n        'https:\/\/connect.facebook.net\/en_US\/fbevents.js');\n    fbq('init', '522546078623747');\n    fbq('track', 'PageView');\n<\/script><br \/>\n<br \/><br \/>\n<br \/>Fonte: <a href=\"https:\/\/www.agrolink.com.br\/noticias\/importacoes-moderam-ritmo-de-alta-no-mercado-de-feijao_511731.html\">AGROLINK<\/a><\/p>\n","protected":false},"excerpt":{"rendered":"<p>&#13; Importa\u00e7\u00f5es moderam ritmo de alta no mercado de feij\u00e3o&#13; &#13; &#13; &#13; Agrolink&#13; &#13; &#8211; Leonardo Gottems&#13; &#13; Publicado em 09\/03\/2026 \u00e0s 02:00h. Estimado usu\u00e1rio.Preencha o formul\u00e1rio abaixo para remeter a p\u00e1gina. Importa\u00e7\u00f5es moderam ritmo de alta no mercado de feij\u00e3o &#8211; Foto: Pixabay A chegada de feij\u00e3o importado ao mercado brasileiro tem provocado [&hellip;]<\/p>\n","protected":false},"author":5,"featured_media":33494,"comment_status":"open","ping_status":"open","sticky":false,"template":"","format":"standard","meta":{"_seopress_robots_primary_cat":"","_seopress_titles_title":"","_seopress_titles_desc":"","_seopress_robots_index":"","footnotes":""},"categories":[53],"tags":[],"class_list":["post-66919","post","type-post","status-publish","format-standard","has-post-thumbnail","hentry","category-agronegocio"],"_links":{"self":[{"href":"https:\/\/mussicom.com\/noticias\/wp-json\/wp\/v2\/posts\/66919","targetHints":{"allow":["GET"]}}],"collection":[{"href":"https:\/\/mussicom.com\/noticias\/wp-json\/wp\/v2\/posts"}],"about":[{"href":"https:\/\/mussicom.com\/noticias\/wp-json\/wp\/v2\/types\/post"}],"author":[{"embeddable":true,"href":"https:\/\/mussicom.com\/noticias\/wp-json\/wp\/v2\/users\/5"}],"replies":[{"embeddable":true,"href":"https:\/\/mussicom.com\/noticias\/wp-json\/wp\/v2\/comments?post=66919"}],"version-history":[{"count":0,"href":"https:\/\/mussicom.com\/noticias\/wp-json\/wp\/v2\/posts\/66919\/revisions"}],"wp:featuredmedia":[{"embeddable":true,"href":"https:\/\/mussicom.com\/noticias\/wp-json\/wp\/v2\/media\/33494"}],"wp:attachment":[{"href":"https:\/\/mussicom.com\/noticias\/wp-json\/wp\/v2\/media?parent=66919"}],"wp:term":[{"taxonomy":"category","embeddable":true,"href":"https:\/\/mussicom.com\/noticias\/wp-json\/wp\/v2\/categories?post=66919"},{"taxonomy":"post_tag","embeddable":true,"href":"https:\/\/mussicom.com\/noticias\/wp-json\/wp\/v2\/tags?post=66919"}],"curies":[{"name":"wp","href":"https:\/\/api.w.org\/{rel}","templated":true}]}}