{"id":66913,"date":"2026-03-09T00:38:22","date_gmt":"2026-03-09T03:38:22","guid":{"rendered":"https:\/\/mussicom.com\/santos-aproveita-pausa-no-calendario-para-revitalizar-gramado-da-vila-belmiro\/"},"modified":"2026-03-09T00:38:22","modified_gmt":"2026-03-09T03:38:22","slug":"santos-aproveita-pausa-no-calendario-para-revitalizar-gramado-da-vila-belmiro","status":"publish","type":"post","link":"https:\/\/mussicom.com\/noticias\/santos-aproveita-pausa-no-calendario-para-revitalizar-gramado-da-vila-belmiro\/","title":{"rendered":"Santos aproveita pausa no calend\u00e1rio para revitalizar gramado da Vila Belmiro"},"content":{"rendered":"<p> <br \/>\n<\/p>\n<div>\n<div id=\"attachment_180240\" style=\"width: 1002px\" class=\"wp-caption aligncenter\"><img alt=\"\" fetchpriority=\"high\" fetchpriority=\"high\" decoding=\"async\" aria-describedby=\"caption-attachment-180240\" class=\"wp-image-180240\" src=\"https:\/\/www.diariodopeixe.com.br\/wp-content\/uploads\/2026\/03\/Gramado-Vila-Belmiro-300x169.jpeg\" alt=\"\" width=\"992\" height=\"559\" srcset=\"https:\/\/www.diariodopeixe.com.br\/wp-content\/uploads\/2026\/03\/Gramado-Vila-Belmiro-200x113.jpeg 200w, https:\/\/www.diariodopeixe.com.br\/wp-content\/uploads\/2026\/03\/Gramado-Vila-Belmiro-300x169.jpeg 300w, https:\/\/www.diariodopeixe.com.br\/wp-content\/uploads\/2026\/03\/Gramado-Vila-Belmiro-400x225.jpeg 400w, https:\/\/www.diariodopeixe.com.br\/wp-content\/uploads\/2026\/03\/Gramado-Vila-Belmiro-600x338.jpeg 600w, https:\/\/www.diariodopeixe.com.br\/wp-content\/uploads\/2026\/03\/Gramado-Vila-Belmiro-768x432.jpeg 768w, https:\/\/www.diariodopeixe.com.br\/wp-content\/uploads\/2026\/03\/Gramado-Vila-Belmiro-800x450.jpeg 800w, https:\/\/www.diariodopeixe.com.br\/wp-content\/uploads\/2026\/03\/Gramado-Vila-Belmiro-1024x577.jpeg 1024w, https:\/\/www.diariodopeixe.com.br\/wp-content\/uploads\/2026\/03\/Gramado-Vila-Belmiro-1200x676.jpeg 1200w, https:\/\/www.diariodopeixe.com.br\/wp-content\/uploads\/2026\/03\/Gramado-Vila-Belmiro-1536x865.jpeg 1536w\" sizes=\"(max-width: 992px) 100vw, 992px\"\/><\/p>\n<p id=\"caption-attachment-180240\" class=\"wp-caption-text\">Santos volta a jogar na Vila Belmiro contra o Corinthians no pr\u00f3ximo domingo (Cr\u00e9dito: Divulga\u00e7\u00e3o)<\/p>\n<\/div>\n<p>O <strong>Santos<\/strong> est\u00e1 utilizando o per\u00edodo sem jogos para realizar um processo de manuten\u00e7\u00e3o e revitaliza\u00e7\u00e3o do gramado da Vila Belmiro. A pausa no calend\u00e1rio ocorre ap\u00f3s a elimina\u00e7\u00e3o no Campeonato Paulista e tamb\u00e9m pela paralisa\u00e7\u00e3o recente do Brasileiro para as finais dos estaduais.<\/p>\n<p>O trabalho come\u00e7ou no dia seguinte \u00e0 vit\u00f3ria sobre o Vasco, em 26 de fevereiro, e tem como objetivo deixar o campo nas melhores condi\u00e7\u00f5es para o pr\u00f3ximo compromisso do Peixe em casa, o cl\u00e1ssico contra o Corinthians, marcado para 15 de mar\u00e7o pelo Brasileir\u00e3o.<\/p>\n<p>A manuten\u00e7\u00e3o inclui um planejamento agron\u00f4mico com diversas interven\u00e7\u00f5es no gramado, como descompacta\u00e7\u00e3o e aera\u00e7\u00e3o do solo. Esses procedimentos ajudam a melhorar a drenagem e permitem que a grama absorva melhor \u00e1gua e nutrientes.<\/p>\n<p>De acordo com o gerente de patrim\u00f4nio do clube, Alexandre Librandi, o est\u00e1dio recebe atividades constantes ao longo da temporada, o que exige acompanhamento di\u00e1rio.<\/p>\n<p>\u201cExiste uma equipe que trabalha todos os dias para deixar o gramado perfeito. Temos jogos do masculino, do feminino e \u00e0s vezes das categorias de base, ent\u00e3o a manuten\u00e7\u00e3o precisa ser permanente\u201d, explicou.<\/p>\n<p>Um dos diferenciais do campo da Vila Belmiro \u00e9 o sistema de drenagem. Mesmo em dias de chuva intensa, como ocorreu na partida contra o Vasco, o gramado apresentou boa resposta e recebeu elogios pela condi\u00e7\u00e3o de jogo.<\/p>\n<p>Segundo Librandi, essa efici\u00eancia est\u00e1 ligada \u00e0 tecnologia utilizada na estrutura do campo. Quando o sistema foi instalado, em 1997, o est\u00e1dio se tornou o primeiro da Am\u00e9rica Latina a contar com drenagem a v\u00e1cuo \u2013 tecnologia que s\u00f3 passou a ser implementada em outros est\u00e1dios brasileiros anos depois, principalmente durante as reformas para a Copa do Mundo FIFA 2014.<\/p>\n<p>\u201cO sistema do gramado da Vila \u00e9 muito avan\u00e7ado desde a sua constru\u00e7\u00e3o. Quando ele foi implantado, em 1997, foi o primeiro gramado da Am\u00e9rica Latina com sistema de drenagem a v\u00e1cuo. Algo parecido s\u00f3 foi instalado em outros est\u00e1dios brasileiros a partir de 2012, com as obras da Copa do Mundo\u201d, orgulha-se.<\/p>\n<p>Al\u00e9m dos processos t\u00e9cnicos no solo, o clube mant\u00e9m uma rotina di\u00e1ria de cuidados, que inclui cortes regulares da grama, irriga\u00e7\u00e3o e ajustes necess\u00e1rios para preservar a qualidade do campo.<\/p>\n<\/p><\/div>\n<p><br \/>\n<br \/>Fonte: <a href=\"https:\/\/www.diariodopeixe.com.br\/noticias\/santos-aproveita-pausa-no-calendario-para-revitalizar-gramado-da-vila-belmiro\/\">Di\u00e1rio do Peixe<\/a><\/p>\n","protected":false},"excerpt":{"rendered":"<p>Santos volta a jogar na Vila Belmiro contra o Corinthians no pr\u00f3ximo domingo (Cr\u00e9dito: Divulga\u00e7\u00e3o) O Santos est\u00e1 utilizando o per\u00edodo sem jogos para realizar um processo de manuten\u00e7\u00e3o e revitaliza\u00e7\u00e3o do gramado da Vila Belmiro. A pausa no calend\u00e1rio ocorre ap\u00f3s a elimina\u00e7\u00e3o no Campeonato Paulista e tamb\u00e9m pela paralisa\u00e7\u00e3o recente do Brasileiro para [&hellip;]<\/p>\n","protected":false},"author":5,"featured_media":66914,"comment_status":"open","ping_status":"open","sticky":false,"template":"","format":"standard","meta":{"_seopress_robots_primary_cat":"","_seopress_titles_title":"","_seopress_titles_desc":"","_seopress_robots_index":"","footnotes":""},"categories":[55],"tags":[],"class_list":["post-66913","post","type-post","status-publish","format-standard","has-post-thumbnail","hentry","category-santos-fc"],"_links":{"self":[{"href":"https:\/\/mussicom.com\/noticias\/wp-json\/wp\/v2\/posts\/66913","targetHints":{"allow":["GET"]}}],"collection":[{"href":"https:\/\/mussicom.com\/noticias\/wp-json\/wp\/v2\/posts"}],"about":[{"href":"https:\/\/mussicom.com\/noticias\/wp-json\/wp\/v2\/types\/post"}],"author":[{"embeddable":true,"href":"https:\/\/mussicom.com\/noticias\/wp-json\/wp\/v2\/users\/5"}],"replies":[{"embeddable":true,"href":"https:\/\/mussicom.com\/noticias\/wp-json\/wp\/v2\/comments?post=66913"}],"version-history":[{"count":0,"href":"https:\/\/mussicom.com\/noticias\/wp-json\/wp\/v2\/posts\/66913\/revisions"}],"wp:featuredmedia":[{"embeddable":true,"href":"https:\/\/mussicom.com\/noticias\/wp-json\/wp\/v2\/media\/66914"}],"wp:attachment":[{"href":"https:\/\/mussicom.com\/noticias\/wp-json\/wp\/v2\/media?parent=66913"}],"wp:term":[{"taxonomy":"category","embeddable":true,"href":"https:\/\/mussicom.com\/noticias\/wp-json\/wp\/v2\/categories?post=66913"},{"taxonomy":"post_tag","embeddable":true,"href":"https:\/\/mussicom.com\/noticias\/wp-json\/wp\/v2\/tags?post=66913"}],"curies":[{"name":"wp","href":"https:\/\/api.w.org\/{rel}","templated":true}]}}