{"id":66830,"date":"2026-03-08T03:12:20","date_gmt":"2026-03-08T06:12:20","guid":{"rendered":"https:\/\/mussicom.com\/camara-de-guaruja-ja-soma-seis-pre-candidatos-a-alesp-e-a-camara-federal\/"},"modified":"2026-03-08T03:12:20","modified_gmt":"2026-03-08T06:12:20","slug":"camara-de-guaruja-ja-soma-seis-pre-candidatos-a-alesp-e-a-camara-federal","status":"publish","type":"post","link":"https:\/\/mussicom.com\/noticias\/camara-de-guaruja-ja-soma-seis-pre-candidatos-a-alesp-e-a-camara-federal\/","title":{"rendered":"C\u00e2mara de Guaruj\u00e1 j\u00e1 soma seis pr\u00e9-candidatos \u00e0 Alesp e \u00e0 C\u00e2mara Federal"},"content":{"rendered":"<p> <br \/>\n<\/p>\n<div id=\"texto\">\n<p><strong>Pronto para a disputa<\/strong><br \/>&#13;<br \/>\nNa \u00faltima sexta-feira, o vereador de Guaruj\u00e1 Santiago \u00c2ngelo confirmou que \u00e9 pr\u00e9-candidato a deputado estadual, &#8220;ap\u00f3s muita conversa e ora\u00e7\u00f5es&#8221;. O an\u00fancio foi feito ao lado do presidente estadual da legenda, Maur\u00edcio Neves, e de dois dirigentes municipais da sigla (o presidente F\u00e1bio Fronterotta e o secret\u00e1rio-geral F\u00e1bio Santos). Santiago \u00e9 o sexto integrante do Parlamento da P\u00e9rola do Atl\u00e2ntico que se apresenta ou \u00e9 apontado pelos partidos como poss\u00edvel concorrente \u00e0 Assembleia Legislativa ou \u00e0 C\u00e2mara Federal.<\/p>\n<p><strong>Concorr\u00eancia interna<\/strong><br \/>&#13;<br \/>\nO presidente do Legislativo de Guaruj\u00e1, M\u00e1rio L\u00facio da Concei\u00e7\u00e3o (Cidadania), tamb\u00e9m tem a pretens\u00e3o de disputar uma vaga de deputado estadual. O PSD pretende lan\u00e7ar \u00e0 Assembleia a m\u00e9dica Adriana Machado, que foi vice-prefeita entre 2021 e 2024. J\u00e1 o Podemos tem dois interessados em concorrer ao cargo, segundo a coordena\u00e7\u00e3o regional da legenda: Anderson Bernardes e Val Advogado.<\/p>\n<p><strong>Aposta feminina<\/strong><br \/>&#13;<br \/>\nO presidente estadual do PSB, Caio Fran\u00e7a, informou \u00e0 coluna que a vereadora Michele Freitas \u00e9 um dos poss\u00edveis nomes para disputar uma vaga na C\u00e2mara dos Deputados. Microempres\u00e1ria, a parlamentar est\u00e1 em seu primeiro mandato e ocupa a segunda secretaria do Legislativo municipal.\u00a0<\/p>\n<p><strong>Novo desafio<\/strong><br \/>&#13;<br \/>\nA senadora paulista Mara Gabrilli (PSD) termina o mandato em janeiro do pr\u00f3ximo ano. Ela teria a possibilidade de concorrer \u00e0 reelei\u00e7\u00e3o, mas assumiu ontem que \u00e9 pr\u00e9-candidata a deputada estadual. A inten\u00e7\u00e3o \u00e9 levar sua experi\u00eancia de quase 30 anos de vida p\u00fablica para fortalecer as a\u00e7\u00f5es e pol\u00edticas voltadas \u00e0 acessibilidade e aos direitos das pessoas com defici\u00eancia.<\/p>\n<p><strong>Pioneira<\/strong><br \/>&#13;<br \/>\nEm 2005, durante a gest\u00e3o do ent\u00e3o prefeito de S\u00e3o Paulo, Jos\u00e9 Serra (PSDB), Mara foi escolhida para comandar a rec\u00e9m-criada Secretaria Municipal da Pessoa com Defici\u00eancia, a primeira do Pa\u00eds. Em 2007, assumiu como vereadora na Capital e foi reeleita no ano seguinte. De 2011 a 2019, exerceu o mandato na C\u00e2mara dos Deputados. Em 2022, foi candidata a vice-presidente na chapa encabe\u00e7ada por Simone Tebet (MDB).<\/p>\n<p><strong>Cada um no seu quadrado<\/strong><br \/>&#13;<br \/>\nA proposta de o PSOL formar uma federa\u00e7\u00e3o partid\u00e1ria com o PT pelos pr\u00f3ximos quatro anos foi rejeitada ontem por 76% dos integrantes do Diret\u00f3rio Nacional da legenda. A ideia derrotada de seguir ao lado da legenda da estrela vermelha nos pr\u00f3ximos pleitos era defendida por figuras importantes do PSOL, como o ministro da Secretaria-Geral da Presid\u00eancia da Rep\u00fablica, Guilherme Boulos, a titular da pasta dos Povos Ind\u00edgenas, Sonia Guajajara, a deputada federal Erika Hilton e os parlamentares estaduais Carlos Giannazi e Ediane Maria.\u00a0<\/p>\n<p><strong>Futuro em aberto<\/strong><br \/>&#13;<br \/>\nO grupo derrotado faz parte da corrente Revolu\u00e7\u00e3o Solid\u00e1ria, que divulgou nota afirmando que a medida representou &#8220;um erro pol\u00edtico grave&#8221; para enfrentar o bloco conservador do Pa\u00eds e que a decis\u00e3o &#8220;n\u00e3o fortalece o PSOL&#8221;. Resta saber se o grupo permanecer\u00e1 no partido ou vai aproveitar o momento de janela partid\u00e1ria para migrar para o PT.<\/p>\n<p><strong>Independ\u00eancia acima de tudo<\/strong><br \/>&#13;<br \/>\nEx-assessor parlamentar da vereadora de Santos D\u00e9bora Camilo (PSOL) e atual segundo secret\u00e1rio-geral da Executiva Nacional da legenda, Everton Vieira afirmou que a decis\u00e3o do partido representou \u201cuma grande vit\u00f3ria de quem defende um PSOL independente, de luta e radical\u201d. Na avalia\u00e7\u00e3o dele, uma federa\u00e7\u00e3o com o PT impediria que a sigla constru\u00edsse uma alternativa pol\u00edtica em estados como Bahia, Rio de Janeiro e Par\u00e1. Al\u00e9m disso, o acordo tiraria a autonomia do partido para as elei\u00e7\u00f5es municipais de 2028.<\/p>\n<p><strong>Dan\u00e7a das cadeiras<\/strong><br \/>&#13;<br \/>\nA Comiss\u00e3o de Via\u00e7\u00e3o e Transportes da C\u00e2mara dos Deputados passou por mudan\u00e7as na semana passada. Claudio Cajado (PP-BA) assumiu a presid\u00eancia do colegiado no lugar de Maur\u00edcio Neves, que preside o PP em S\u00e3o Paulo.<\/p>\n<p><strong>Baixada Santista representada<\/strong><br \/>&#13;<br \/>\nA Baixada Santista segue representada nesse grupo. Rosana Valle (PL) foi eleita 2\u00aa vice-presidente. No ano passado, ela exerceu a fun\u00e7\u00e3o de 1\u00aa vice-presidente, ficando no lugar de Paulo Alexandre Barbosa (PSDB), que continua como integrante da comiss\u00e3o.<\/p>\n<p><strong>Retrato<\/strong> <strong>feminino<\/strong>&#13;\n<\/p>\n<p>Levantamento do Instituto Badra, realizado \u00e0s v\u00e9speras do Dia Internacional da Mulher (celebrado hoje), ouviu 520 moradoras da cidade de S\u00e3o Paulo e indica que, apesar dos avan\u00e7os nas \u00faltimas d\u00e9cadas, muitas ainda lidam com desafios relacionados \u00e0 desigualdade, viol\u00eancia e expectativas sociais.<\/p>\n<p><strong>Mais<\/strong> <strong>converg\u00eancias<\/strong>&#13;\n<\/p>\n<p>A pesquisa reuniu entrevistadas de quatro faixas et\u00e1rias \u2014 de 18 anos a mais de 65 \u2014 para avaliar poss\u00edveis diferen\u00e7as de percep\u00e7\u00e3o entre gera\u00e7\u00f5es sobre temas como maternidade, casamento, feminic\u00eddio, aborto e mercado de trabalho. Apesar da diversidade de idades, o estudo aponta mais pontos de concord\u00e2ncia do que de conflito entre os grupos.<\/p>\n<p data-end=\"983\" data-start=\"807\"><strong data-end=\"828\" data-start=\"807\">Avan\u00e7os e limites<\/strong><br data-end=\"831\" data-start=\"828\"\/>&#13;<br \/>\nEntre as entrevistadas, prevalece a avalia\u00e7\u00e3o de que a condi\u00e7\u00e3o feminina melhorou ao longo do tempo, mas ainda est\u00e1 distante de atingir plena igualdade. A pesquisa completa pode ser consultada no site do instituto: www.badracomunicacao.com.br<\/p>\n<\/p><\/div>\n<p><script async defer crossorigin=\"anonymous\" src=\"https:\/\/connect.facebook.net\/pt_BR\/sdk.js#xfbml=1&#038;version=v12.0&#038;appId=&#038;autoLogAppEvents=1\" nonce=\"ou0fI1lo\"><\/script><br \/>\n<br \/><br \/>\n<br \/>Fonte: <a href=\"https:\/\/www.bs9.com.br\/politica\/camara-de-guaruja-ja-soma-seis-pre-candidatos-a-alesp-e-a-camara\/38089\/\">BS9<\/a><\/p>\n","protected":false},"excerpt":{"rendered":"<p>Pronto para a disputa&#13; Na \u00faltima sexta-feira, o vereador de Guaruj\u00e1 Santiago \u00c2ngelo confirmou que \u00e9 pr\u00e9-candidato a deputado estadual, &#8220;ap\u00f3s muita conversa e ora\u00e7\u00f5es&#8221;. O an\u00fancio foi feito ao lado do presidente estadual da legenda, Maur\u00edcio Neves, e de dois dirigentes municipais da sigla (o presidente F\u00e1bio Fronterotta e o secret\u00e1rio-geral F\u00e1bio Santos). Santiago [&hellip;]<\/p>\n","protected":false},"author":5,"featured_media":13096,"comment_status":"open","ping_status":"open","sticky":false,"template":"","format":"standard","meta":{"_seopress_robots_primary_cat":"","_seopress_titles_title":"","_seopress_titles_desc":"","_seopress_robots_index":"","footnotes":""},"categories":[52],"tags":[],"class_list":["post-66830","post","type-post","status-publish","format-standard","has-post-thumbnail","hentry","category-santoseregiao"],"_links":{"self":[{"href":"https:\/\/mussicom.com\/noticias\/wp-json\/wp\/v2\/posts\/66830","targetHints":{"allow":["GET"]}}],"collection":[{"href":"https:\/\/mussicom.com\/noticias\/wp-json\/wp\/v2\/posts"}],"about":[{"href":"https:\/\/mussicom.com\/noticias\/wp-json\/wp\/v2\/types\/post"}],"author":[{"embeddable":true,"href":"https:\/\/mussicom.com\/noticias\/wp-json\/wp\/v2\/users\/5"}],"replies":[{"embeddable":true,"href":"https:\/\/mussicom.com\/noticias\/wp-json\/wp\/v2\/comments?post=66830"}],"version-history":[{"count":0,"href":"https:\/\/mussicom.com\/noticias\/wp-json\/wp\/v2\/posts\/66830\/revisions"}],"wp:featuredmedia":[{"embeddable":true,"href":"https:\/\/mussicom.com\/noticias\/wp-json\/wp\/v2\/media\/13096"}],"wp:attachment":[{"href":"https:\/\/mussicom.com\/noticias\/wp-json\/wp\/v2\/media?parent=66830"}],"wp:term":[{"taxonomy":"category","embeddable":true,"href":"https:\/\/mussicom.com\/noticias\/wp-json\/wp\/v2\/categories?post=66830"},{"taxonomy":"post_tag","embeddable":true,"href":"https:\/\/mussicom.com\/noticias\/wp-json\/wp\/v2\/tags?post=66830"}],"curies":[{"name":"wp","href":"https:\/\/api.w.org\/{rel}","templated":true}]}}