{"id":66824,"date":"2026-03-07T23:12:24","date_gmt":"2026-03-08T02:12:24","guid":{"rendered":"https:\/\/mussicom.com\/em-pronunciamento-lula-afirma-que-quer-conter-vicio-em-bets\/"},"modified":"2026-03-07T23:12:24","modified_gmt":"2026-03-08T02:12:24","slug":"em-pronunciamento-lula-afirma-que-quer-conter-vicio-em-bets","status":"publish","type":"post","link":"https:\/\/mussicom.com\/noticias\/em-pronunciamento-lula-afirma-que-quer-conter-vicio-em-bets\/","title":{"rendered":"Em pronunciamento, Lula afirma que quer conter v\u00edcio em bets"},"content":{"rendered":"<p> <br \/>\n<\/p>\n<div id=\"tp-post-content\">\n<p class=\"postParagraph_post-paragraph__juWZN postParagraph_post-paragraph-innerHtml__Q5vwc\">O presidente Luiz In\u00e1cio Lula da Silva afirmou, neste s\u00e1bado (7), que ir\u00e1 trabalhar com o Congresso e o Judici\u00e1rio para evitar que o &#8220;jogo do tigrinho&#8221; entre nos lares e cause v\u00edcio. A declara\u00e7\u00e3o foi feita durante pronunciamento sobre o Dia Internacional da Mulher. Segundo o presidente, o v\u00edcio em apostas \u00e9 um \u201cdrama\u201d que atinge os lares brasileiros.<\/p>\n<p class=\"postParagraph_post-paragraph__juWZN postParagraph_post-paragraph-innerHtml__Q5vwc\">\u201cEmbora a maioria dos viciados seja de homens, a conta recai sobre as mulheres. \u00c9 o dinheiro da comida, do aluguel, da escola das crian\u00e7as que desaparece na tela do celular&#8221;, afirmou o mandat\u00e1rio.<\/p>\n<p class=\"postParagraph_post-paragraph__juWZN postParagraph_post-paragraph-innerHtml__Q5vwc\">&#8220;N\u00e3o faz sentido permitir que os jogos do tigrinho entrem nas casas, endividando as fam\u00edlias pelo celular. Vamos trabalhar unindo o governo, o Congresso e o Judici\u00e1rio para que esses cassinos digitais n\u00e3o continuem endividando fam\u00edlias e destruindo lares&#8221;, disse.<\/p>\n<p class=\"postParagraph_post-paragraph__juWZN postParagraph_post-paragraph-innerHtml__Q5vwc\">Embora as casas de apostas on-line tenham sido liberadas no pa\u00eds durante o governo de Michel Temer (MDB), foi no governo Lula que as bets foram regulamentadas e passaram a recolher impostos sobre seus ganhos.<\/p>\n<h2 class=\"postParagraph_post-paragraph__juWZN postParagraph_post-paragraph-innerHtml__Q5vwc postParagraph_type-tag-h2__TtFkT\">Viol\u00eancia contra as mulheres bateu recorde no governo Lula<\/h2>\n<p class=\"postParagraph_post-paragraph__juWZN postParagraph_post-paragraph-innerHtml__Q5vwc\">O presidente iniciou o pronunciamento falando da viol\u00eancia contra as mulheres, destacando que, a cada seis minutos, uma mulher \u00e9 assassinada no Brasil. O presidente, contudo, n\u00e3o mencionou o aumento recorde de feminic\u00eddios no pa\u00eds durante sua gest\u00e3o. O combate \u00e0 viol\u00eancia contra a mulher foi uma das bandeiras da campanha presidencial de 2022.<\/p>\n<p class=\"postParagraph_post-paragraph__juWZN postParagraph_post-paragraph-innerHtml__Q5vwc\">Lula mencionou o Pacto Nacional contra o Feminic\u00eddio, assinado em fevereiro, e um mutir\u00e3o do Minist\u00e9rio da Justi\u00e7a em parceria com os estados para prender mais de 2 mil agressores. \u201cE estou avisando: outras opera\u00e7\u00f5es vir\u00e3o&#8221;, alertou.<\/p>\n<p class=\"postParagraph_post-paragraph__juWZN postParagraph_post-paragraph-innerHtml__Q5vwc\">Sem ter como mostrar avan\u00e7os concretos na seguran\u00e7a das mulheres, Lula recorreu a outro artif\u00edcio: divulgou programas sociais que, segundo ele, beneficiam sobretudo as mulheres. Entre as pol\u00edticas sociais do governo, citou os tradicionais Bolsa Fam\u00edlia e Minha Casa, Minha Vida, bem como novas iniciativas, como o P\u00e9-de-Meia, o G\u00e1s do Povo e o Luz do Povo, al\u00e9m da distribui\u00e7\u00e3o gratuita de absorventes.<\/p>\n<h2 class=\"postParagraph_post-paragraph__juWZN postParagraph_post-paragraph-innerHtml__Q5vwc postParagraph_type-tag-h2__TtFkT\">Lula defendeu fim da escala 6&#215;1<\/h2>\n<p class=\"postParagraph_post-paragraph__juWZN postParagraph_post-paragraph-innerHtml__Q5vwc\">Durante o pronunciamento, Lula tamb\u00e9m defendeu uma de suas principais bandeiras eleitorais: o fim da escala 6&#215;1. Segundo ele, as mulheres, muitas vezes, cumprem dupla jornada, no emprego e em casa.<\/p>\n<p class=\"postParagraph_post-paragraph__juWZN postParagraph_post-paragraph-innerHtml__Q5vwc\">\u201cPor isso, \u00e9 preciso avan\u00e7ar no fim da escala 6&#215;1, que obriga a pessoa a trabalhar seis dias por semana e ter um s\u00f3 dia de folga. Est\u00e1 na hora de acabar com isso, pois significar\u00e1 mais tempo com a fam\u00edlia, mais tempo para estudar, descansar e viver. Essa \u00e9 uma pauta da mulher brasileira&#8221;, afirmou.<\/p>\n<p class=\"postParagraph_post-paragraph__juWZN postParagraph_post-paragraph-innerHtml__Q5vwc\">Na \u00faltima semana, contudo, Lula havia amenizado o discurso em rela\u00e7\u00e3o ao fim da jornada 6&#215;1. Segundo ele, seria preciso que a ind\u00fastria e outros setores da economia negociassem com os sindicatos uma solu\u00e7\u00e3o que atendesse aos mais diversos setores.<\/p>\n<p class=\"postParagraph_post-paragraph__juWZN postParagraph_post-paragraph-innerHtml__Q5vwc\">Como mostrou a <strong>Gazeta do Povo<\/strong>, ao defender o fim da escala, o governo tem ignorado os danos econ\u00f4micos que a medida pode acarretar para a economia. Segundo o pesquisador Daniel Duque, do Instituto Brasileiro de Economia (FGV Ibre), os impactos podem ser equivalentes aos da recess\u00e3o econ\u00f4mica entre 2014 e 2016, no governo da ex-presidente Dilma Rousseff (PT).<\/p>\n<h2 class=\"postParagraph_post-paragraph__juWZN postParagraph_post-paragraph-innerHtml__Q5vwc postParagraph_type-tag-h2__TtFkT\">Discurso de \u00f3dio nas redes tamb\u00e9m foi tema de pronunciamento de Lula<\/h2>\n<p class=\"postParagraph_post-paragraph__juWZN postParagraph_post-paragraph-innerHtml__Q5vwc\">Lula ainda aproveitou o pronunciamento para criticar o discurso de \u00f3dio nas redes sociais. Segundo ele, a pr\u00e1tica \u201cviolenta, difama, incentiva a agress\u00e3o contra as mulheres e meninas&#8221;, al\u00e9m de afastar lideran\u00e7as femininas da vida p\u00fablica.<\/p>\n<p class=\"postParagraph_post-paragraph__juWZN postParagraph_post-paragraph-innerHtml__Q5vwc\">A regulamenta\u00e7\u00e3o das redes sociais \u00e9 um tema recorrentemente defendido por Lula. Em maio do ano passado, por exemplo, durante viagem \u00e0 China, o mandat\u00e1rio solicitou que fosse enviado um especialista no tema para auxiliar o Brasil. A iniciativa trouxe \u00e0 tona o vi\u00e9s autorit\u00e1rio do governo Lula em rela\u00e7\u00e3o ao assunto.<\/p>\n<\/div>\n<p><br \/>\n<br \/>Fonte: <a href=\"https:\/\/www.gazetadopovo.com.br\/republica\/lula-fala-em-impedir-cassinos-digitais-regulamentados-em-seu-governo\/\">Revista Oeste<\/a><\/p>\n","protected":false},"excerpt":{"rendered":"<p>O presidente Luiz In\u00e1cio Lula da Silva afirmou, neste s\u00e1bado (7), que ir\u00e1 trabalhar com o Congresso e o Judici\u00e1rio para evitar que o &#8220;jogo do tigrinho&#8221; entre nos lares e cause v\u00edcio. A declara\u00e7\u00e3o foi feita durante pronunciamento sobre o Dia Internacional da Mulher. Segundo o presidente, o v\u00edcio em apostas \u00e9 um \u201cdrama\u201d [&hellip;]<\/p>\n","protected":false},"author":5,"featured_media":66825,"comment_status":"open","ping_status":"open","sticky":false,"template":"","format":"standard","meta":{"_seopress_robots_primary_cat":"","_seopress_titles_title":"","_seopress_titles_desc":"","_seopress_robots_index":"","footnotes":""},"categories":[1],"tags":[],"class_list":["post-66824","post","type-post","status-publish","format-standard","has-post-thumbnail","hentry","category-ultimas-noticias"],"_links":{"self":[{"href":"https:\/\/mussicom.com\/noticias\/wp-json\/wp\/v2\/posts\/66824","targetHints":{"allow":["GET"]}}],"collection":[{"href":"https:\/\/mussicom.com\/noticias\/wp-json\/wp\/v2\/posts"}],"about":[{"href":"https:\/\/mussicom.com\/noticias\/wp-json\/wp\/v2\/types\/post"}],"author":[{"embeddable":true,"href":"https:\/\/mussicom.com\/noticias\/wp-json\/wp\/v2\/users\/5"}],"replies":[{"embeddable":true,"href":"https:\/\/mussicom.com\/noticias\/wp-json\/wp\/v2\/comments?post=66824"}],"version-history":[{"count":0,"href":"https:\/\/mussicom.com\/noticias\/wp-json\/wp\/v2\/posts\/66824\/revisions"}],"wp:featuredmedia":[{"embeddable":true,"href":"https:\/\/mussicom.com\/noticias\/wp-json\/wp\/v2\/media\/66825"}],"wp:attachment":[{"href":"https:\/\/mussicom.com\/noticias\/wp-json\/wp\/v2\/media?parent=66824"}],"wp:term":[{"taxonomy":"category","embeddable":true,"href":"https:\/\/mussicom.com\/noticias\/wp-json\/wp\/v2\/categories?post=66824"},{"taxonomy":"post_tag","embeddable":true,"href":"https:\/\/mussicom.com\/noticias\/wp-json\/wp\/v2\/tags?post=66824"}],"curies":[{"name":"wp","href":"https:\/\/api.w.org\/{rel}","templated":true}]}}