{"id":6679,"date":"2025-03-18T17:25:28","date_gmt":"2025-03-18T20:25:28","guid":{"rendered":"https:\/\/mussicom.com\/dino-da-10-dias-para-congresso-e-pgr-se-manifestarem-sobre-emendas\/"},"modified":"2025-03-18T17:25:28","modified_gmt":"2025-03-18T20:25:28","slug":"dino-da-10-dias-para-congresso-e-pgr-se-manifestarem-sobre-emendas","status":"publish","type":"post","link":"https:\/\/mussicom.com\/noticias\/dino-da-10-dias-para-congresso-e-pgr-se-manifestarem-sobre-emendas\/","title":{"rendered":"Dino d\u00e1 10 dias para Congresso e PGR se manifestarem sobre emendas"},"content":{"rendered":"<p> <br \/>\n<\/p>\n<div><\/p>\n<div>Ao comentar sobre a aprova\u00e7\u00e3o da resolu\u00e7\u00e3o, na semana passada, Fl\u00e1vio Dino disse que a proposta dos parlamentares est\u00e1 \u201clonge do ideal\u201d.<\/div>\n<\/div>\n<p><br \/>\n<br \/>Fonte: <a href=\"https:\/\/www.gazetadopovo.com.br\/republica\/dino-da-10-dias-para-congresso-e-pgr-se-manifestarem-sobre-emendas\/\">Revista Oeste<\/a><\/p>\n","protected":false},"excerpt":{"rendered":"<p>Ao comentar sobre a aprova\u00e7\u00e3o da resolu\u00e7\u00e3o, na semana passada, Fl\u00e1vio Dino disse que a proposta dos parlamentares est\u00e1 \u201clonge do ideal\u201d. Fonte: Revista Oeste<\/p>\n","protected":false},"author":5,"featured_media":6680,"comment_status":"open","ping_status":"open","sticky":false,"template":"","format":"standard","meta":{"_seopress_robots_primary_cat":"","_seopress_titles_title":"","_seopress_titles_desc":"","_seopress_robots_index":"","footnotes":""},"categories":[1],"tags":[],"class_list":["post-6679","post","type-post","status-publish","format-standard","has-post-thumbnail","hentry","category-ultimas-noticias"],"_links":{"self":[{"href":"https:\/\/mussicom.com\/noticias\/wp-json\/wp\/v2\/posts\/6679","targetHints":{"allow":["GET"]}}],"collection":[{"href":"https:\/\/mussicom.com\/noticias\/wp-json\/wp\/v2\/posts"}],"about":[{"href":"https:\/\/mussicom.com\/noticias\/wp-json\/wp\/v2\/types\/post"}],"author":[{"embeddable":true,"href":"https:\/\/mussicom.com\/noticias\/wp-json\/wp\/v2\/users\/5"}],"replies":[{"embeddable":true,"href":"https:\/\/mussicom.com\/noticias\/wp-json\/wp\/v2\/comments?post=6679"}],"version-history":[{"count":0,"href":"https:\/\/mussicom.com\/noticias\/wp-json\/wp\/v2\/posts\/6679\/revisions"}],"wp:featuredmedia":[{"embeddable":true,"href":"https:\/\/mussicom.com\/noticias\/wp-json\/wp\/v2\/media\/6680"}],"wp:attachment":[{"href":"https:\/\/mussicom.com\/noticias\/wp-json\/wp\/v2\/media?parent=6679"}],"wp:term":[{"taxonomy":"category","embeddable":true,"href":"https:\/\/mussicom.com\/noticias\/wp-json\/wp\/v2\/categories?post=6679"},{"taxonomy":"post_tag","embeddable":true,"href":"https:\/\/mussicom.com\/noticias\/wp-json\/wp\/v2\/tags?post=6679"}],"curies":[{"name":"wp","href":"https:\/\/api.w.org\/{rel}","templated":true}]}}