{"id":66770,"date":"2026-03-07T12:55:18","date_gmt":"2026-03-07T15:55:18","guid":{"rendered":"https:\/\/mussicom.com\/caminhada-da-mulher-festeja-o-8-de-marco-em-bertioga\/"},"modified":"2026-03-07T12:55:18","modified_gmt":"2026-03-07T15:55:18","slug":"caminhada-da-mulher-festeja-o-8-de-marco-em-bertioga","status":"publish","type":"post","link":"https:\/\/mussicom.com\/noticias\/caminhada-da-mulher-festeja-o-8-de-marco-em-bertioga\/","title":{"rendered":"Caminhada da Mulher festeja o 8 de mar\u00e7o em Bertioga"},"content":{"rendered":"<p> <br \/>\n<\/p>\n<div>\n<p>O Fundo Social de Solidariedade de Bertioga realiza, no pr\u00f3ximo domingo (8), a partir das 8 horas, no Parque dos Tupiniquins, a \u201cCaminhada da Mulher\u201d, mobiliza\u00e7\u00e3o em alus\u00e3o ao Dia Internacional da Mulher. A a\u00e7\u00e3o conta com apoio das Secretarias Municipais de Sa\u00fade, Esportes e Lazer e ter\u00e1 alongamento, fitdance e sorteio de brindes.<\/p>\n<p>A sa\u00edda est\u00e1 prevista para as 9 horas. Antes do percurso, o p\u00fablico poder\u00e1 participar de alongamento coletivo e aula de fitdance, atividade aberta a todas as idades.<\/p>\n<p>A caminhada tamb\u00e9m integra a programa\u00e7\u00e3o especial da Secretaria de Sa\u00fade ao longo do m\u00eas de mar\u00e7o. Durante todo o per\u00edodo, as unidades de sa\u00fade do munic\u00edpio estar\u00e3o promovendo palestras e din\u00e2micas educativas sobre temas como climat\u00e9rio, menopausa, endometriose e preven\u00e7\u00e3o aos c\u00e2nceres do colo do \u00fatero e de intestino, refor\u00e7ando o cuidado integral com a sa\u00fade da mulher.<\/p>\n<p>\u201cEssa caminhada \u00e9 resultado de um trabalho integrado entre o Fundo Social e as Secretarias de Sa\u00fade, Esportes e Lazer, porque entendemos que promover qualidade de vida tamb\u00e9m \u00e9 fortalecer a autoestima e o bem-estar das mulheres. O Fundo Social tamb\u00e9m vem atuando para gerar autonomia e ampliar oportunidades, incentivando a participa\u00e7\u00e3o feminina. E, ainda em mar\u00e7o, iniciaremos o curso de produ\u00e7\u00e3o de colomba pascal, como oportunidade de gera\u00e7\u00e3o de renda para nossas mulheres\u201d, destaca a presidente do Fundo Social, Adriana Vilares.<\/p>\n<p><strong>TR\u00c2NSITO<\/strong><\/p>\n<p>Em raz\u00e3o da realiza\u00e7\u00e3o da caminhada, a Secretaria de Mobilidade informa que haver\u00e1 interdi\u00e7\u00e3o total em trecho da Avenida Tom\u00e9 de Souza neste domingo (08).<\/p>\n<p>A interdi\u00e7\u00e3o ocorrer\u00e1 das 7h \u00e0s 14h, no trecho da Avenida Tom\u00e9 de Souza entre a Rua Francisco Chaves e o Boulevard do Parque Tupiniquins, seguindo pela Avenida Vicente de Carvalho at\u00e9 a Rua Irm\u00e3os Adorno.<br \/>Durante o per\u00edodo, o tr\u00e2nsito ser\u00e1 permitido apenas para moradores locais, com acesso controlado pelas equipes de tr\u00e2nsito.<\/p>\n<\/div>\n<p><br \/>\n<br \/>Fonte: <a href=\"https:\/\/jornaldaorla.com.br\/noticias\/caminhada-da-mulher-festeja-o-8-de-marco-em-bertioga\/\">Jornal Da Orla<\/a><\/p>\n","protected":false},"excerpt":{"rendered":"<p>O Fundo Social de Solidariedade de Bertioga realiza, no pr\u00f3ximo domingo (8), a partir das 8 horas, no Parque dos Tupiniquins, a \u201cCaminhada da Mulher\u201d, mobiliza\u00e7\u00e3o em alus\u00e3o ao Dia Internacional da Mulher. A a\u00e7\u00e3o conta com apoio das Secretarias Municipais de Sa\u00fade, Esportes e Lazer e ter\u00e1 alongamento, fitdance e sorteio de brindes. A [&hellip;]<\/p>\n","protected":false},"author":5,"featured_media":66771,"comment_status":"open","ping_status":"open","sticky":false,"template":"","format":"standard","meta":{"_seopress_robots_primary_cat":"","_seopress_titles_title":"","_seopress_titles_desc":"","_seopress_robots_index":"","footnotes":""},"categories":[52],"tags":[],"class_list":["post-66770","post","type-post","status-publish","format-standard","has-post-thumbnail","hentry","category-santoseregiao"],"_links":{"self":[{"href":"https:\/\/mussicom.com\/noticias\/wp-json\/wp\/v2\/posts\/66770","targetHints":{"allow":["GET"]}}],"collection":[{"href":"https:\/\/mussicom.com\/noticias\/wp-json\/wp\/v2\/posts"}],"about":[{"href":"https:\/\/mussicom.com\/noticias\/wp-json\/wp\/v2\/types\/post"}],"author":[{"embeddable":true,"href":"https:\/\/mussicom.com\/noticias\/wp-json\/wp\/v2\/users\/5"}],"replies":[{"embeddable":true,"href":"https:\/\/mussicom.com\/noticias\/wp-json\/wp\/v2\/comments?post=66770"}],"version-history":[{"count":0,"href":"https:\/\/mussicom.com\/noticias\/wp-json\/wp\/v2\/posts\/66770\/revisions"}],"wp:featuredmedia":[{"embeddable":true,"href":"https:\/\/mussicom.com\/noticias\/wp-json\/wp\/v2\/media\/66771"}],"wp:attachment":[{"href":"https:\/\/mussicom.com\/noticias\/wp-json\/wp\/v2\/media?parent=66770"}],"wp:term":[{"taxonomy":"category","embeddable":true,"href":"https:\/\/mussicom.com\/noticias\/wp-json\/wp\/v2\/categories?post=66770"},{"taxonomy":"post_tag","embeddable":true,"href":"https:\/\/mussicom.com\/noticias\/wp-json\/wp\/v2\/tags?post=66770"}],"curies":[{"name":"wp","href":"https:\/\/api.w.org\/{rel}","templated":true}]}}