{"id":66743,"date":"2026-03-07T09:52:16","date_gmt":"2026-03-07T12:52:16","guid":{"rendered":"https:\/\/mussicom.com\/estamos-tentando-acordar-o-brasil-que-insiste-em-ser-autoritario\/"},"modified":"2026-03-07T09:52:16","modified_gmt":"2026-03-07T12:52:16","slug":"estamos-tentando-acordar-o-brasil-que-insiste-em-ser-autoritario","status":"publish","type":"post","link":"https:\/\/mussicom.com\/noticias\/estamos-tentando-acordar-o-brasil-que-insiste-em-ser-autoritario\/","title":{"rendered":"\u201cEstamos tentando acordar o Brasil que insiste em ser autorit\u00e1rio\u201d"},"content":{"rendered":"<p> <br \/>\n<\/p>\n<div>\n<p>Assistente social, deputada estadual (licenciada) por Minas Gerais e rec\u00e9m habilitada como doutora em Educa\u00e7\u00e3o pela Federal de Minas (UFMG), Maca\u00e9 Maria Evaristo dos Santos assumiu o Minist\u00e9rio dos Direitos Humanos e da Cidadania em setembro de 2024. Conhecida pela sua intransigente defesa da democracia, ela esteve em Santos na quarta-feira (4), para lan\u00e7ar o Centro de Mem\u00f3ria \u00e0s V\u00edtimas da Viol\u00eancia de Estado e o Centro de Acesso a Direitos e Inclus\u00e3o Social (Cais M\u00e3es por Direitos), iniciativa in\u00e9dita que resulta de anos de luta do Movimento M\u00e3es de Maio. Antes do evento na quadra da Escola de Samba da Zona Noroeste, ap\u00f3s suculenta feijoada, entre passistas e pol\u00edticos, Maca\u00e9 Evaristo conversou com o <em>Jornal da Orla<\/em>.<\/p>\n<p><strong>Qual a import\u00e2ncia da preserva\u00e7\u00e3o da mem\u00f3ria para os direitos humanos?<\/strong><br \/>Uma agenda fundamental \u00e9 o fortalecimento da democracia, que passa por fortalecer a institucionalidade do Estado nas garantias dos direitos plenos. O centro de mem\u00f3ria tem um impacto muito grande porque trabalha para que a gente nunca mais permita que o Estado brasileiro incorra em novos erros de viola\u00e7\u00e3o da dignidade e da vida. \u00c9 um espa\u00e7o tamb\u00e9m de repara\u00e7\u00e3o para os familiares, para quem foi assassinado; repara\u00e7\u00e3o da sua dignidade, da sua hist\u00f3ria. \u00c9 um espa\u00e7o educativo. A gente precisa educar a sociedade brasileira para os compromissos do Estado na defesa da vida. Por isso, \u00e9 t\u00e3o importante a gente estar aqui em Santos, numa comunidade de luta, que passou por momentos t\u00e3o tristes, tr\u00e1gicos, sob a viol\u00eancia do Estado. Estamos aqui para a gente reparar a partir da luta dessa pr\u00f3pria comunidade, mas especialmente das m\u00e3es e familiares que nunca desistiram.<\/p>\n<p><strong>Como a parceria do seu minist\u00e9rio com o da Justi\u00e7a, com a Secretaria de Pol\u00edticas sobre Drogas, fortalece a iniciativa?<\/strong><br \/>Primeiramente, a gente est\u00e1 falando de uma pol\u00edtica de garantia de direitos nos territ\u00f3rios empobrecidos, tratados como desiguais. A gente precisa romper com esse estigma de que o processo, o tr\u00e1fico de drogas no Brasil, est\u00e1 associado a comunidades perif\u00e9ricas. A gente sabe que n\u00e3o \u00e9 isso. A pol\u00edtica nacional de drogas tem que seguir o dinheiro: Onde est\u00e1 o dinheiro? Com quem est\u00e1? Onde est\u00e3o os grandes operadores? N\u00e3o est\u00e3o nas comunidades perif\u00e9ricas. A Secretaria Nacional de Pol\u00edticas sobre Drogas se associa ao Minist\u00e9rio dos Direitos Humanos para garantir o acesso \u00e0 Justi\u00e7a, porque muitas vezes essas pessoas s\u00e3o incriminadas sem ter nenhuma implica\u00e7\u00e3o respons\u00e1vel. \u00c9 importante para fortalecer as nossas comunidades, garantir acesso \u00e0 educa\u00e7\u00e3o, \u00e0 sa\u00fade, \u00e0 cultura.<\/p>\n<p><img alt=\"\" fetchpriority=\"high\" decoding=\"async\" class=\"alignnone wp-image-263246\" src=\"https:\/\/jornaldaorla.com.br\/wp-content\/uploads\/2026\/03\/Entrevista-3-Macae-Evaristo-Fernando-Yokota-300x200.jpg\" alt=\"\" width=\"326\" height=\"220\" data-eio=\"l\"\/><\/p>\n<p><strong>Em rela\u00e7\u00e3o \u00e0 viol\u00eancia contra as mulheres, como o Minist\u00e9rio atua?<\/strong><br \/>O presidente Lula lidera uma estrat\u00e9gia nacional de combate ao feminic\u00eddio, chamando especialmente os homens para essa luta. No Minist\u00e9rio, como atuamos na pauta da inf\u00e2ncia, estamos trabalhando para, cada vez mais, combater a explora\u00e7\u00e3o sexual de crian\u00e7as e adolescentes, para afirmar a necessidade de aten\u00e7\u00e3o ao Estatuto da Crian\u00e7a e do Adolescente (ECA). Temos que banir do nosso pa\u00eds o casamento infantil. Crian\u00e7a n\u00e3o namorada, crian\u00e7a n\u00e3o \u00e9 esposa. Qualquer rela\u00e7\u00e3o entre uma pessoa adulta e uma crian\u00e7a se trata de viol\u00eancia sexual, se trata de estupro e n\u00f3s n\u00e3o podemos relativizar esse tipo de coisa. A viol\u00eancia contra a mulher se d\u00e1 em diferentes n\u00edveis e a gente tem atuado, especialmente, numa a\u00e7\u00e3o em rela\u00e7\u00e3o \u00e0s meninas. Outra agenda importante \u00e9 combater a explora\u00e7\u00e3o de crian\u00e7as e adolescentes e a cultura do \u00f3dio e da misoginia no ambiente digital. No ano passado, aprovamos o estatuto que chamamos de ECA Digital, porque todos os setores, inclusive as plataformas, precisam se responsabilizar para banir o crime das redes digitais.<\/p>\n<p><strong>A quest\u00e3o racial tem sido considerada nesta atua\u00e7\u00e3o?<\/strong><br \/>Quando n\u00f3s olhamos para os indicadores, n\u00f3s vemos que as mulheres negras s\u00e3o as que ainda sofrem o maior impacto dessa viol\u00eancia, seja nos casos de feminic\u00eddio, viol\u00eancia f\u00edsica ou viol\u00eancia psicol\u00f3gica no ambiente digital. Esse \u00e9 um tema ao qual a gente tem se dedicado muito, porque hoje n\u00f3s temos grupos que monetizam a partir do crime de \u00f3dio, da viol\u00eancia contra a mulher e de crimes raciais. Temos trabalhado para coibir esses crimes e a\u00ed a gente precisa de todo mundo: Minist\u00e9rio da Justi\u00e7a e Pol\u00edcia Federal, por exemplo, porque precisamos responsabilizar quem est\u00e1 fazendo do \u00f3dio um mecanismo para auferir lucro.<\/p>\n<p><strong>No doutorado, voc\u00ea trabalhou o conceito de escreviv\u00eancia relacionado \u00e0s mulheres negras na pol\u00edtica. Como se d\u00e1 essa rela\u00e7\u00e3o?<\/strong><br \/>O conceito de escreviv\u00eancia \u00e9 da escritora Concei\u00e7\u00e3o Evaristo, que ela utiliza na literatura. Ela recupera uma hist\u00f3ria que muito importante para n\u00f3s: as mulheres negras muitas vezes tinham que alimentar os filhos da casa grande, deixando de alimentar seus pr\u00f3prios filhos, e muitas vezes eram proibidas de ter voz, ou eram obrigadas a cantar para fazer dormir os da casa grande. A escreviv\u00eancia \u00e9 a gente borrar essa imagem e trazer a voz das mulheres negras para fazer acordar a casa grande dos seus sonhos injustos. Na minha tese vou trabalhar essa ideia da literatura, mas trazendo o conceito de escreviv\u00eancia para o campo da pol\u00edtica. Eu vou mostrar como que mulheres negras que t\u00eam uma tradi\u00e7\u00e3o de forma\u00e7\u00e3o no movimento negro, em organiza\u00e7\u00f5es negras, quando assumem cargos no governo, v\u00e3o construir uma pr\u00e1tica pol\u00edtica que tenta borrar essa hist\u00f3ria de colonialismo, de autoritarismo do Estado brasileiro, produzindo novas narrativas pol\u00edticas, como pol\u00edticas de a\u00e7\u00e3o afirmativa. Trabalham n\u00e3o mais para fazer dormir os da casa grande, mas para acordar dos seus sonhos injustos. Um pouco como a gente est\u00e1 fazendo aqui hoje, junto com as M\u00e3es de Maio. Estamos tentando acordar esse Brasil, que insiste em ser autorit\u00e1rio, para a necessidade de instituir mecanismos de transpar\u00eancia, democracia, respeito \u00e0 dignidade humana e seguran\u00e7a p\u00fablica para a popula\u00e7\u00e3o da periferia.<\/p>\n<\/div>\n<p><br \/>\n<br \/>Fonte: <a href=\"https:\/\/jornaldaorla.com.br\/noticias\/estamos-tentando-acordar-o-brasil-que-insiste-em-ser-autoritario-diz-ministra-macae-evaristo\/\">Jornal Da Orla<\/a><\/p>\n","protected":false},"excerpt":{"rendered":"<p>Assistente social, deputada estadual (licenciada) por Minas Gerais e rec\u00e9m habilitada como doutora em Educa\u00e7\u00e3o pela Federal de Minas (UFMG), Maca\u00e9 Maria Evaristo dos Santos assumiu o Minist\u00e9rio dos Direitos Humanos e da Cidadania em setembro de 2024. Conhecida pela sua intransigente defesa da democracia, ela esteve em Santos na quarta-feira (4), para lan\u00e7ar o [&hellip;]<\/p>\n","protected":false},"author":5,"featured_media":66744,"comment_status":"open","ping_status":"open","sticky":false,"template":"","format":"standard","meta":{"_seopress_robots_primary_cat":"","_seopress_titles_title":"","_seopress_titles_desc":"","_seopress_robots_index":"","footnotes":""},"categories":[52],"tags":[],"class_list":["post-66743","post","type-post","status-publish","format-standard","has-post-thumbnail","hentry","category-santoseregiao"],"_links":{"self":[{"href":"https:\/\/mussicom.com\/noticias\/wp-json\/wp\/v2\/posts\/66743","targetHints":{"allow":["GET"]}}],"collection":[{"href":"https:\/\/mussicom.com\/noticias\/wp-json\/wp\/v2\/posts"}],"about":[{"href":"https:\/\/mussicom.com\/noticias\/wp-json\/wp\/v2\/types\/post"}],"author":[{"embeddable":true,"href":"https:\/\/mussicom.com\/noticias\/wp-json\/wp\/v2\/users\/5"}],"replies":[{"embeddable":true,"href":"https:\/\/mussicom.com\/noticias\/wp-json\/wp\/v2\/comments?post=66743"}],"version-history":[{"count":0,"href":"https:\/\/mussicom.com\/noticias\/wp-json\/wp\/v2\/posts\/66743\/revisions"}],"wp:featuredmedia":[{"embeddable":true,"href":"https:\/\/mussicom.com\/noticias\/wp-json\/wp\/v2\/media\/66744"}],"wp:attachment":[{"href":"https:\/\/mussicom.com\/noticias\/wp-json\/wp\/v2\/media?parent=66743"}],"wp:term":[{"taxonomy":"category","embeddable":true,"href":"https:\/\/mussicom.com\/noticias\/wp-json\/wp\/v2\/categories?post=66743"},{"taxonomy":"post_tag","embeddable":true,"href":"https:\/\/mussicom.com\/noticias\/wp-json\/wp\/v2\/tags?post=66743"}],"curies":[{"name":"wp","href":"https:\/\/api.w.org\/{rel}","templated":true}]}}