{"id":66703,"date":"2026-03-07T03:38:51","date_gmt":"2026-03-07T06:38:51","guid":{"rendered":"https:\/\/mussicom.com\/viana-quer-ouvir-dino-sobre-decisao-monocratica\/"},"modified":"2026-03-07T03:38:51","modified_gmt":"2026-03-07T06:38:51","slug":"viana-quer-ouvir-dino-sobre-decisao-monocratica","status":"publish","type":"post","link":"https:\/\/mussicom.com\/noticias\/viana-quer-ouvir-dino-sobre-decisao-monocratica\/","title":{"rendered":"Viana quer ouvir Dino sobre decis\u00e3o monocr\u00e1tica"},"content":{"rendered":"<p> <br \/>\n<\/p>\n<div id=\"tp-post-content\">\n<p class=\"postParagraph_post-paragraph__juWZN postParagraph_post-paragraph-innerHtml__Q5vwc\">O presidente da Comiss\u00e3o Parlamentar Mista de Inqu\u00e9rito (CPMI) que investiga fraudes contra aposentados e pensionistas do Instituto Nacional do Seguro Social (INSS), senador Carlos Viana (Podemos-MG), informou que apresentar\u00e1 um requerimento para convidar o ministro do Supremo Tribunal Federal (STF) Fl\u00e1vio Dino a prestar esclarecimentos sobre a decis\u00e3o que suspendeu medidas investigativas aprovadas pela comiss\u00e3o.<\/p>\n<p class=\"postParagraph_post-paragraph__juWZN postParagraph_post-paragraph-innerHtml__Q5vwc\">Segundo o parlamentar, o convite tem car\u00e1ter institucional e busca promover di\u00e1logo entre os Poderes diante do impacto da decis\u00e3o do ministro sobre os trabalhos da CPMI.<\/p>\n<p class=\"postParagraph_post-paragraph__juWZN postParagraph_post-paragraph-innerHtml__Q5vwc\">A medida ocorre ap\u00f3s Fl\u00e1vio Dino suspender requerimentos de quebra de sigilo aprovados pela comiss\u00e3o relacionados \u00e0 investiga\u00e7\u00e3o do que o colegiado classifica como um dos maiores esc\u00e2ndalos envolvendo benefici\u00e1rios da Previd\u00eancia Social.<\/p>\n<p class=\"postParagraph_post-paragraph__juWZN postParagraph_post-paragraph-innerHtml__Q5vwc\">No comunicado, Carlos Viana afirma que o objetivo \u00e9 &#8220;permitir que o Parlamento e a sociedade tenham acesso aos fundamentos jur\u00eddicos que motivaram a decis\u00e3o do STF&#8221;.<\/p>\n<p class=\"postParagraph_post-paragraph__juWZN postParagraph_post-paragraph-innerHtml__Q5vwc\">De acordo com o senador, a presen\u00e7a do ministro seria uma oportunidade para ampliar a transpar\u00eancia sobre os impactos da medida no andamento da investiga\u00e7\u00e3o parlamentar.<\/p>\n<p class=\"postParagraph_post-paragraph__juWZN postParagraph_post-paragraph-innerHtml__Q5vwc\">\u201cA iniciativa tem car\u00e1ter institucional e busca promover o di\u00e1logo entre os Poderes da Rep\u00fablica, diante dos impactos diretos que essa decis\u00e3o produziu sobre os trabalhos da investiga\u00e7\u00e3o parlamentar\u201d, afirmou.<\/p>\n<h2 class=\"postParagraph_post-paragraph__juWZN postParagraph_post-paragraph-innerHtml__Q5vwc postParagraph_type-tag-h2__TtFkT\">CPMI quer esclarecimentos, refor\u00e7a senador<\/h2>\n<p class=\"postParagraph_post-paragraph__juWZN postParagraph_post-paragraph-innerHtml__Q5vwc\">A CPMI foi criada para apurar suspeitas de fraudes envolvendo descontos e opera\u00e7\u00f5es financeiras consideradas irregulares em benef\u00edcios pagos pelo Instituto Nacional do Seguro Social. Segundo integrantes da comiss\u00e3o, as irregularidades podem ter atingido milh\u00f5es de aposentados e pensionistas em todo o pa\u00eds.<\/p>\n<p class=\"postParagraph_post-paragraph__juWZN postParagraph_post-paragraph-innerHtml__Q5vwc\">No comunicado, o presidente da comiss\u00e3o ressaltou que, caso o convite seja aceito, a audi\u00eancia poder\u00e1 contribuir para esclarecimentos p\u00fablicos sobre a decis\u00e3o judicial. Caso contr\u00e1rio, afirmou que o Congresso ter\u00e1 cumprido seu papel institucional ao buscar o di\u00e1logo.<\/p>\n<p class=\"postParagraph_post-paragraph__juWZN postParagraph_post-paragraph-innerHtml__Q5vwc\">\u201cO Congresso Nacional ter\u00e1 cumprido seu dever de buscar esse di\u00e1logo institucional\u201d, declarou.<\/p>\n<p class=\"postParagraph_post-paragraph__juWZN postParagraph_post-paragraph-innerHtml__Q5vwc\">Apesar da suspens\u00e3o de parte das medidas investigativas, Carlos Viana afirmou que a CPMI seguir\u00e1 exercendo suas prerrogativas constitucionais de fiscaliza\u00e7\u00e3o e investiga\u00e7\u00e3o sobre as fraudes no sistema previdenci\u00e1rio.<\/p>\n<\/div>\n<p><br \/>\n<br \/>Fonte: <a href=\"https:\/\/www.gazetadopovo.com.br\/republica\/viana-quer-ouvir-flavio-dino-sobre-decisao-que-suspendeu-quebras-de-sigilo\/\">Revista Oeste<\/a><\/p>\n","protected":false},"excerpt":{"rendered":"<p>O presidente da Comiss\u00e3o Parlamentar Mista de Inqu\u00e9rito (CPMI) que investiga fraudes contra aposentados e pensionistas do Instituto Nacional do Seguro Social (INSS), senador Carlos Viana (Podemos-MG), informou que apresentar\u00e1 um requerimento para convidar o ministro do Supremo Tribunal Federal (STF) Fl\u00e1vio Dino a prestar esclarecimentos sobre a decis\u00e3o que suspendeu medidas investigativas aprovadas pela [&hellip;]<\/p>\n","protected":false},"author":5,"featured_media":66704,"comment_status":"open","ping_status":"open","sticky":false,"template":"","format":"standard","meta":{"_seopress_robots_primary_cat":"","_seopress_titles_title":"","_seopress_titles_desc":"","_seopress_robots_index":"","footnotes":""},"categories":[1],"tags":[],"class_list":["post-66703","post","type-post","status-publish","format-standard","has-post-thumbnail","hentry","category-ultimas-noticias"],"_links":{"self":[{"href":"https:\/\/mussicom.com\/noticias\/wp-json\/wp\/v2\/posts\/66703","targetHints":{"allow":["GET"]}}],"collection":[{"href":"https:\/\/mussicom.com\/noticias\/wp-json\/wp\/v2\/posts"}],"about":[{"href":"https:\/\/mussicom.com\/noticias\/wp-json\/wp\/v2\/types\/post"}],"author":[{"embeddable":true,"href":"https:\/\/mussicom.com\/noticias\/wp-json\/wp\/v2\/users\/5"}],"replies":[{"embeddable":true,"href":"https:\/\/mussicom.com\/noticias\/wp-json\/wp\/v2\/comments?post=66703"}],"version-history":[{"count":0,"href":"https:\/\/mussicom.com\/noticias\/wp-json\/wp\/v2\/posts\/66703\/revisions"}],"wp:featuredmedia":[{"embeddable":true,"href":"https:\/\/mussicom.com\/noticias\/wp-json\/wp\/v2\/media\/66704"}],"wp:attachment":[{"href":"https:\/\/mussicom.com\/noticias\/wp-json\/wp\/v2\/media?parent=66703"}],"wp:term":[{"taxonomy":"category","embeddable":true,"href":"https:\/\/mussicom.com\/noticias\/wp-json\/wp\/v2\/categories?post=66703"},{"taxonomy":"post_tag","embeddable":true,"href":"https:\/\/mussicom.com\/noticias\/wp-json\/wp\/v2\/tags?post=66703"}],"curies":[{"name":"wp","href":"https:\/\/api.w.org\/{rel}","templated":true}]}}