{"id":66642,"date":"2026-03-06T21:41:19","date_gmt":"2026-03-07T00:41:19","guid":{"rendered":"https:\/\/mussicom.com\/mulheres-de-miracatu-transformam-fibra-de-bananeira-em-pecas-100-manuais\/"},"modified":"2026-03-06T21:41:19","modified_gmt":"2026-03-07T00:41:19","slug":"mulheres-de-miracatu-transformam-fibra-de-bananeira-em-pecas-100-manuais","status":"publish","type":"post","link":"https:\/\/mussicom.com\/noticias\/mulheres-de-miracatu-transformam-fibra-de-bananeira-em-pecas-100-manuais\/","title":{"rendered":"Mulheres de Miracatu transformam fibra de bananeira em pe\u00e7as 100% manuais"},"content":{"rendered":"<p> <br \/>\n<\/p>\n<div id=\"texto\">\n<p>&#8220;Ser artes\u00e3 significa empreender e trabalhar em parceria com a natureza&#8221;, afirma L\u00e9ia Alves. O of\u00edcio transformou sua vida desde que chegou a Miracatu, no Vale do Ribeira, na regi\u00e3o administrativa de Registro. Entre camadas do\u00a0tronco\u00a0da bananeira,\u00a0texturas e\u00a0conhecimento\u00a0quilombola, ela encontrou uma profiss\u00e3o e uma rede de mulheres que vivem da pr\u00e1tica manual,\u00a0trajet\u00f3ria que hoje integra o Programa Empreendedor Artes\u00e3o, da Secretaria de Desenvolvimento Econ\u00f4mico (SDE), iniciativa estadual que oferece qualifica\u00e7\u00e3o, orienta\u00e7\u00e3o para formaliza\u00e7\u00e3o e acesso a linhas de cr\u00e9dito aos artes\u00e3os paulistas.\u00a0<\/p>\n<p>\u00a0<\/p>\n<p>No munic\u00edpio, ela conheceu a\u00a0Banarte, associa\u00e7\u00e3o que preserva t\u00e9cnicas ancestrais de extra\u00e7\u00e3o e tran\u00e7ado das fibras de bananeira, mat\u00e9ria-prima abundante na regi\u00e3o. \u00c9 nesse espa\u00e7o que novas artes\u00e3s se preparam para atuar no mercado.\u00a0\u00a0<\/p>\n<p>\u00a0<\/p>\n<p>Segundo L\u00e9ia, o programa da SDE amplia as oportunidades para que essas mulheres empreendam e conquistem autonomia financeira. &#8220;Capacitamos pessoas que precisam conquistar o pr\u00f3prio sustento. Com o programa, elas conseguem colocar o produto no mercado e alcan\u00e7ar novos clientes. Com a Carteira do Artes\u00e3o, podemos participar de mais eventos e editais&#8221;.\u00a0<\/p>\n<p>\u00a0<\/p>\n<p>A &#8220;transmiss\u00e3o de saberes&#8221; dentro da\u00a0associa\u00e7\u00e3o\u00a0abrange desde a identifica\u00e7\u00e3o das fibras presentes em cada parte da bananeira at\u00e9 o dom\u00ednio das t\u00e9cnicas de tran\u00e7ado e tecelagem nos teares. Esse aprendizado coletivo se mant\u00e9m\u00a0pelo\u00a0trabalho entre as artes\u00e3s da cidade e as mulheres da zona rural,\u00a0todas capacitadas para atuar nas diferentes etapas do processo, da extra\u00e7\u00e3o e preparo das fibras \u00e0 confec\u00e7\u00e3o das pe\u00e7as.\u00a0<\/p>\n<p>\u00a0<\/p>\n<p><strong>Da bananeira ao tear<\/strong>\u00a0<\/p>\n<p>O processo come\u00e7a no campo. Depois que o cacho da banana \u00e9 colhido, o\u00a0caule da\u00a0bananeira\u00a0\u00e9 retirado para a extra\u00e7\u00e3o da fibra. Ele \u00e9 formado por v\u00e1rias camadas, das quais se obt\u00eam\u00a0cinco diferentes tipos de fibras, cada uma com caracter\u00edsticas pr\u00f3prias.\u00a0<\/p>\n<p>\u00a0<\/p>\n<p>A extra\u00e7\u00e3o e a desidrata\u00e7\u00e3o das fibras s\u00e3o feitas de forma manual,\u00a0etapa que sustenta o in\u00edcio de toda a cadeia produtiva. A associa\u00e7\u00e3o re\u00fane 20 artes\u00e3s diretamente e conta com a participa\u00e7\u00e3o de cerca de 50 fam\u00edlias da zona rural,\u00a0compostas\u00a0majoritariamente\u00a0por\u00a0mulheres.\u00a0<\/p>\n<p>\u00a0<\/p>\n<p>&#8220;A fibra de bananeira \u00e9 a base do nosso trabalho\u00a0e\u00a0um s\u00edmbolo de resist\u00eancia. Os humanos nasceram para criar. Nosso maior legado n\u00e3o \u00e9 o que somos, mas sim o que trazemos \u00e0 exist\u00eancia&#8221;, reflete a paulistana\u00a0L\u00e9ia, de 48 anos.\u00a0<\/p>\n<p>\u00a0<\/p>\n<p>\u00a0<\/p>\n<p><strong>O que o Programa Empreendedor Artes\u00e3o oferece<\/strong>\u00a0<\/p>\n<p>Estruturado para atender \u00e0s principais demandas da categoria, o programa re\u00fane pilares para o fortalecimento da atividade:\u00a0\u00a0\u00a0<\/p>\n<p>\u00a0<\/p>\n<p><strong>&#8211; Formaliza\u00e7\u00e3o<\/strong>: emiss\u00e3o da Carteira do Artes\u00e3o em n\u00edvel estadual e nacional; orienta\u00e7\u00e3o para formaliza\u00e7\u00e3o de neg\u00f3cios (MEI, cooperativas e associa\u00e7\u00f5es); e atendimento itinerante em 2026 por regi\u00e3o administrativa;\u00a0<\/p>\n<p>\u00a0<\/p>\n<p><strong>&#8211; Qualifica\u00e7\u00e3o:\u00a0<\/strong>cursos presenciais e on-line voltados \u00e0 gest\u00e3o, marketing, vendas e uso de ferramentas digitais; capacita\u00e7\u00e3o t\u00e9cnica em diferentes modalidades de artesanato; e cursos de inclus\u00e3o digital, e-commerce e pagamentos on-line.\u00a0\u00a0\u00a0<\/p>\n<p>\u00a0<\/p>\n<p><strong>&#8211; Acesso ao cr\u00e9dito:\u00a0<\/strong>linhas de financiamento para artes\u00e3os por meio do Banco do Povo Paulista e da Desenvolve SP, com condi\u00e7\u00f5es facilitadas para ampliar e modernizar os neg\u00f3cios.\u00a0<\/p>\n<p>\u00a0<\/p>\n<p>Conhe\u00e7a mais sobre o programa Empreendedor Artes\u00e3o\u00a0aqui.\u00a0<\/p>\n<\/p><\/div>\n<p><script async defer crossorigin=\"anonymous\" src=\"https:\/\/connect.facebook.net\/pt_BR\/sdk.js#xfbml=1&#038;version=v12.0&#038;appId=&#038;autoLogAppEvents=1\" nonce=\"ou0fI1lo\"><\/script><br \/>\n<br \/><br \/>\n<br \/>Fonte: <a href=\"https:\/\/www.bs9.com.br\/litoral\/mulheres-de-miracatu-transformam-fibra-de-bananeira-em-pecas-100\/38078\/\">BS9<\/a><\/p>\n","protected":false},"excerpt":{"rendered":"<p>&#8220;Ser artes\u00e3 significa empreender e trabalhar em parceria com a natureza&#8221;, afirma L\u00e9ia Alves. O of\u00edcio transformou sua vida desde que chegou a Miracatu, no Vale do Ribeira, na regi\u00e3o administrativa de Registro. Entre camadas do\u00a0tronco\u00a0da bananeira,\u00a0texturas e\u00a0conhecimento\u00a0quilombola, ela encontrou uma profiss\u00e3o e uma rede de mulheres que vivem da pr\u00e1tica manual,\u00a0trajet\u00f3ria que hoje integra [&hellip;]<\/p>\n","protected":false},"author":5,"featured_media":66643,"comment_status":"open","ping_status":"open","sticky":false,"template":"","format":"standard","meta":{"_seopress_robots_primary_cat":"","_seopress_titles_title":"","_seopress_titles_desc":"","_seopress_robots_index":"","footnotes":""},"categories":[52],"tags":[],"class_list":["post-66642","post","type-post","status-publish","format-standard","has-post-thumbnail","hentry","category-santoseregiao"],"_links":{"self":[{"href":"https:\/\/mussicom.com\/noticias\/wp-json\/wp\/v2\/posts\/66642","targetHints":{"allow":["GET"]}}],"collection":[{"href":"https:\/\/mussicom.com\/noticias\/wp-json\/wp\/v2\/posts"}],"about":[{"href":"https:\/\/mussicom.com\/noticias\/wp-json\/wp\/v2\/types\/post"}],"author":[{"embeddable":true,"href":"https:\/\/mussicom.com\/noticias\/wp-json\/wp\/v2\/users\/5"}],"replies":[{"embeddable":true,"href":"https:\/\/mussicom.com\/noticias\/wp-json\/wp\/v2\/comments?post=66642"}],"version-history":[{"count":0,"href":"https:\/\/mussicom.com\/noticias\/wp-json\/wp\/v2\/posts\/66642\/revisions"}],"wp:featuredmedia":[{"embeddable":true,"href":"https:\/\/mussicom.com\/noticias\/wp-json\/wp\/v2\/media\/66643"}],"wp:attachment":[{"href":"https:\/\/mussicom.com\/noticias\/wp-json\/wp\/v2\/media?parent=66642"}],"wp:term":[{"taxonomy":"category","embeddable":true,"href":"https:\/\/mussicom.com\/noticias\/wp-json\/wp\/v2\/categories?post=66642"},{"taxonomy":"post_tag","embeddable":true,"href":"https:\/\/mussicom.com\/noticias\/wp-json\/wp\/v2\/tags?post=66642"}],"curies":[{"name":"wp","href":"https:\/\/api.w.org\/{rel}","templated":true}]}}