{"id":66620,"date":"2026-03-06T19:44:21","date_gmt":"2026-03-06T22:44:21","guid":{"rendered":"https:\/\/mussicom.com\/neymar-faz-controle-de-carga-pelo-segundo-dia-seguido-mas-nao-deve-desfalcar-o-santos\/"},"modified":"2026-03-06T19:44:21","modified_gmt":"2026-03-06T22:44:21","slug":"neymar-faz-controle-de-carga-pelo-segundo-dia-seguido-mas-nao-deve-desfalcar-o-santos","status":"publish","type":"post","link":"https:\/\/mussicom.com\/noticias\/neymar-faz-controle-de-carga-pelo-segundo-dia-seguido-mas-nao-deve-desfalcar-o-santos\/","title":{"rendered":"Neymar faz controle de carga pelo segundo dia seguido, mas n\u00e3o deve desfalcar o Santos"},"content":{"rendered":"<p> <br \/>\n<\/p>\n<div>\n<div id=\"attachment_180221\" style=\"width: 665px\" class=\"wp-caption aligncenter\"><img alt=\"\" fetchpriority=\"high\" fetchpriority=\"high\" decoding=\"async\" aria-describedby=\"caption-attachment-180221\" class=\"wp-image-180221\" src=\"https:\/\/www.diariodopeixe.com.br\/wp-content\/uploads\/2026\/03\/Neymar-240x300.jpg\" alt=\"\" width=\"655\" height=\"819\" srcset=\"https:\/\/www.diariodopeixe.com.br\/wp-content\/uploads\/2026\/03\/Neymar-200x250.jpg 200w, https:\/\/www.diariodopeixe.com.br\/wp-content\/uploads\/2026\/03\/Neymar-240x300.jpg 240w, https:\/\/www.diariodopeixe.com.br\/wp-content\/uploads\/2026\/03\/Neymar-400x500.jpg 400w, https:\/\/www.diariodopeixe.com.br\/wp-content\/uploads\/2026\/03\/Neymar-600x750.jpg 600w, https:\/\/www.diariodopeixe.com.br\/wp-content\/uploads\/2026\/03\/Neymar-768x960.jpg 768w, https:\/\/www.diariodopeixe.com.br\/wp-content\/uploads\/2026\/03\/Neymar-800x1000.jpg 800w, https:\/\/www.diariodopeixe.com.br\/wp-content\/uploads\/2026\/03\/Neymar-819x1024.jpg 819w, https:\/\/www.diariodopeixe.com.br\/wp-content\/uploads\/2026\/03\/Neymar-1200x1500.jpg 1200w, https:\/\/www.diariodopeixe.com.br\/wp-content\/uploads\/2026\/03\/Neymar-1229x1536.jpg 1229w, https:\/\/www.diariodopeixe.com.br\/wp-content\/uploads\/2026\/03\/Neymar-1638x2048.jpg 1638w\" sizes=\"(max-width: 655px) 100vw, 655px\"\/><\/p>\n<p id=\"caption-attachment-180221\" class=\"wp-caption-text\">No \u00faltimo jogo contra o Vasco, Neymar foi decisivo com dois gols (Cr\u00e9dito: Raul Baretta\/ Santos FC)<\/p>\n<\/div>\n<p>O Santos realizou mais uma sess\u00e3o de treinamentos nesta sexta-feira, no CT Rei Pel\u00e9, e teve novamente a aus\u00eancia de Neymar nas atividades t\u00e9cnicas e t\u00e1ticas comandadas por Juan Pablo Vojvoda.<\/p>\n<p>Pelo segundo dia consecutivo, o camisa 10 foi a campo apenas para realizar trabalhos f\u00edsicos. Depois da atividade no gramado, o jogador seguiu para a parte interna do centro de treinamento, onde completou um controle de carga programado pela comiss\u00e3o t\u00e9cnica.<\/p>\n<p>A medida tem car\u00e1ter preventivo e n\u00e3o gera preocupa\u00e7\u00e3o para o confronto de ter\u00e7a-feira, contra o Mirassol, no Est\u00e1dio Jos\u00e9 Maria de Campos Maia, pela quinta rodada do Campeonato Brasileiro S\u00e9rie A. A tend\u00eancia \u00e9 que Neymar esteja entre os titulares na partida.<\/p>\n<p>Desde que retornou aos gramados ap\u00f3s a cirurgia no menisco do joelho esquerdo, o atacante j\u00e1 participou de tr\u00eas jogos, sendo dois deles atuando durante os 90 minutos. Por isso, o clube tem adotado um planejamento para evitar desgaste muscular e reduzir o risco de les\u00f5es.<\/p>\n<p>Al\u00e9m do duelo no interior paulista, Neymar tamb\u00e9m tem outro objetivo nas pr\u00f3ximas semanas. O camisa 10 encara os jogos contra Mirassol e Corinthians, cl\u00e1ssico marcado para o dia 15 na Vila Belmiro, como oportunidades importantes para voltar a ser convocado para a Sele\u00e7\u00e3o Brasileira.<\/p>\n<p>A pr\u00f3xima lista da sele\u00e7\u00e3o est\u00e1 prevista para o dia 16, e o santista busca convencer o t\u00e9cnico Carlo Ancelotti de que j\u00e1 est\u00e1 pronto para retornar \u00e0 equipe nacional ap\u00f3s quase tr\u00eas anos.<\/p>\n<\/p><\/div>\n<p><br \/>\n<br \/>Fonte: <a href=\"https:\/\/www.diariodopeixe.com.br\/noticias\/neymar-faz-controle-de-carga-pelo-segundo-dia-seguido-mas-nao-deve-desfalcar-o-santos\/\">Di\u00e1rio do Peixe<\/a><\/p>\n","protected":false},"excerpt":{"rendered":"<p>No \u00faltimo jogo contra o Vasco, Neymar foi decisivo com dois gols (Cr\u00e9dito: Raul Baretta\/ Santos FC) O Santos realizou mais uma sess\u00e3o de treinamentos nesta sexta-feira, no CT Rei Pel\u00e9, e teve novamente a aus\u00eancia de Neymar nas atividades t\u00e9cnicas e t\u00e1ticas comandadas por Juan Pablo Vojvoda. Pelo segundo dia consecutivo, o camisa 10 [&hellip;]<\/p>\n","protected":false},"author":5,"featured_media":66621,"comment_status":"open","ping_status":"open","sticky":false,"template":"","format":"standard","meta":{"_seopress_robots_primary_cat":"","_seopress_titles_title":"","_seopress_titles_desc":"","_seopress_robots_index":"","footnotes":""},"categories":[55],"tags":[],"class_list":["post-66620","post","type-post","status-publish","format-standard","has-post-thumbnail","hentry","category-santos-fc"],"_links":{"self":[{"href":"https:\/\/mussicom.com\/noticias\/wp-json\/wp\/v2\/posts\/66620","targetHints":{"allow":["GET"]}}],"collection":[{"href":"https:\/\/mussicom.com\/noticias\/wp-json\/wp\/v2\/posts"}],"about":[{"href":"https:\/\/mussicom.com\/noticias\/wp-json\/wp\/v2\/types\/post"}],"author":[{"embeddable":true,"href":"https:\/\/mussicom.com\/noticias\/wp-json\/wp\/v2\/users\/5"}],"replies":[{"embeddable":true,"href":"https:\/\/mussicom.com\/noticias\/wp-json\/wp\/v2\/comments?post=66620"}],"version-history":[{"count":0,"href":"https:\/\/mussicom.com\/noticias\/wp-json\/wp\/v2\/posts\/66620\/revisions"}],"wp:featuredmedia":[{"embeddable":true,"href":"https:\/\/mussicom.com\/noticias\/wp-json\/wp\/v2\/media\/66621"}],"wp:attachment":[{"href":"https:\/\/mussicom.com\/noticias\/wp-json\/wp\/v2\/media?parent=66620"}],"wp:term":[{"taxonomy":"category","embeddable":true,"href":"https:\/\/mussicom.com\/noticias\/wp-json\/wp\/v2\/categories?post=66620"},{"taxonomy":"post_tag","embeddable":true,"href":"https:\/\/mussicom.com\/noticias\/wp-json\/wp\/v2\/tags?post=66620"}],"curies":[{"name":"wp","href":"https:\/\/api.w.org\/{rel}","templated":true}]}}