{"id":66571,"date":"2026-03-06T15:37:16","date_gmt":"2026-03-06T18:37:16","guid":{"rendered":"https:\/\/mussicom.com\/anea-avalia-exportacoes-brasileiras-de-algodao-em-fevereiro\/"},"modified":"2026-03-06T15:37:16","modified_gmt":"2026-03-06T18:37:16","slug":"anea-avalia-exportacoes-brasileiras-de-algodao-em-fevereiro","status":"publish","type":"post","link":"https:\/\/mussicom.com\/noticias\/anea-avalia-exportacoes-brasileiras-de-algodao-em-fevereiro\/","title":{"rendered":"Anea avalia exporta\u00e7\u00f5es brasileiras de algod\u00e3o em fevereiro"},"content":{"rendered":"<p> <br \/>\n<\/p>\n<div>\n<p style=\"text-align:justify\">Um fevereiro de exporta\u00e7\u00f5es de algod\u00e3o com volume de 270,5 mil toneladas e receita de US$ 413 milh\u00f5es foi considerado satisfat\u00f3rio pela Associa\u00e7\u00e3o Nacional dos Exportadores de algod\u00e3o (Anea). Os n\u00fameros divulgados no \u00faltimo dia 05 de mar\u00e7o, pela Secretaria de Com\u00e9rcio Exterior (Secex), do Minist\u00e9rio do Desenvolvimento, Ind\u00fastria, Com\u00e9rcio e Servi\u00e7os (MDIC). Alguns destaques do per\u00edodo animam o setor, como a confirma\u00e7\u00e3o da retomada de um consumo mais expressivo pela China, cuja participa\u00e7\u00e3o est\u00e1 em torno de 33,8%, e a manuten\u00e7\u00e3o do ritmo de compras pela \u00cdndia, um destino que vem ganhando escala entre os importadores, mesmo com o fim do regime tarif\u00e1rio especial, que vigorou at\u00e9 dezembro. A entidade acompanha com cuidado o cen\u00e1rio geopol\u00edtico, que ainda n\u00e3o traz repercuss\u00f5es diretas na exporta\u00e7\u00e3o, mas aumenta as incertezas em todo o mundo.&#13;\n<\/p>\n<p style=\"text-align:justify\">Segundo a Anea, apesar do desempenho mensal mais moderado (-1,5% ante o mesmo m\u00eas do ano passado), o acumulado da temporada segue positivo. Considerando o per\u00edodo de julho a fevereiro, o Brasil exportou 2,12 milh\u00f5es de toneladas de pluma, volume cerca de 48 mil toneladas superior ao registrado no mesmo intervalo da safra anterior, quando os embarques somavam 2,07 milh\u00f5es de toneladas. Para o presidente da Anea, Dawid Wajs, o resultado de fevereiro ficou dentro do esperado para o per\u00edodo. \u201cAs chuvas nas origens, principalmente em Mato Grosso, dificultaram a log\u00edstica. Mesmo assim, no acumulado de julho a fevereiro seguimos um pouco \u00e0 frente da safra passada, o que \u00e9 um sinal positivo para o desempenho das exporta\u00e7\u00f5es\u201d, afirma.<\/p>\n<p style=\"text-align:justify\"><strong>Destinos<\/strong><\/p>\n<p style=\"text-align:justify\">Entre os principais destinos do algod\u00e3o brasileiro, a China se destacou no in\u00edcio de 2026, respondendo por 33,8% das compras brasileiras em fevereiro. Nos dois primeiros meses do ano, os embarques para o pa\u00eds asi\u00e1tico foram o dobro dos registrados no mesmo per\u00edodo de 2025 e, apenas em fevereiro, chegaram a tr\u00eas vezes o volume exportado no mesmo m\u00eas do ano passado.&#13;\n<\/p>\n<p style=\"text-align:justify\">Outros mercados importantes foram Turquia (16,8%), Bangladesh (13,1%), Vietn\u00e3 (11,5%) e Paquist\u00e3o (8,4%). Enquanto a Turquia manteve volumes semelhantes aos de 2025, o Vietn\u00e3 apresentou retra\u00e7\u00e3o nas compras, em parte devido ao maior consumo de algod\u00e3o norte-americano naquele mercado. A \u00cdndia, tradicionalmente pouco presente entre os importadores, manteve volumes relevantes, indicando que o algod\u00e3o brasileiro segue competitivo mesmo com a retomada de tarifas de importa\u00e7\u00e3o naquele pa\u00eds.<\/p>\n<p style=\"text-align:justify\"><strong>Geopol\u00edtica<\/strong><\/p>\n<p style=\"text-align:justify\">No cen\u00e1rio externo, as tens\u00f5es no Oriente M\u00e9dio est\u00e3o no radar do setor, embora ainda tenham impacto limitado sobre o com\u00e9rcio da fibra. \u201cO maior risco seria um eventual fechamento do estreito de Ormuz, o que poderia pressionar os custos de frete e os pre\u00e7os internacionais de energia. Mesmo assim, o impacto direto sobre o com\u00e9rcio de algod\u00e3o tende a ser limitado, porque a regi\u00e3o n\u00e3o \u00e9 um grande destino da fibra\u201d, explica. \u201cUm aumento nos custos do petr\u00f3leo pesa em toda a cadeia. Por outro lado, o petr\u00f3leo \u00e9 a mat\u00e9ria-prima do poli\u00e9ster, principal concorrente do algod\u00e3o, que \u00e9 a fibra natural\u201d, acrescenta.&#13;\n<\/p>\n<p style=\"text-align:justify\">Outro foco de incerteza vem dos conflitos entre Paquist\u00e3o e Afeganist\u00e3o, que podem afetar a economia paquistanesa, um dos principais compradores do algod\u00e3o brasileiro. \u201cDependendo da situa\u00e7\u00e3o, tamb\u00e9m podem abrir oportunidades comerciais para o algod\u00e3o brasileiro\u201d, afirma. De maneira geral, o presidente da Anea observa que per\u00edodos de instabilidade internacional costumam trazer cautela para o consumo global.<\/p>\n<\/p><\/div>\n<p><script data-cfasync=\"false\">\n    !function (f, b, e, v, n, t, s) {\n        if (f.fbq) return; n = f.fbq = function () {\n            n.callMethod ?\n                n.callMethod.apply(n, arguments) : n.queue.push(arguments)\n        };\n        if (!f._fbq) f._fbq = n; n.push = n; n.loaded = !0; n.version = '2.0';\n        n.queue = []; t = b.createElement(e); t.async = !0;\n        t.src = v; s = b.getElementsByTagName(e)[0];\n        s.parentNode.insertBefore(t, s)\n    }(window, document, 'script',\n        'https:\/\/connect.facebook.net\/en_US\/fbevents.js');\n    fbq('init', '522546078623747');\n    fbq('track', 'PageView');\n<\/script><br \/>\n<br \/><br \/>\n<br \/>Fonte: <a href=\"https:\/\/www.agrolink.com.br\/noticias\/anea-avalia-exportacoes-brasileiras-de-algodao-em-fevereiro_511714.html\">AGROLINK<\/a><\/p>\n","protected":false},"excerpt":{"rendered":"<p>Um fevereiro de exporta\u00e7\u00f5es de algod\u00e3o com volume de 270,5 mil toneladas e receita de US$ 413 milh\u00f5es foi considerado satisfat\u00f3rio pela Associa\u00e7\u00e3o Nacional dos Exportadores de algod\u00e3o (Anea). Os n\u00fameros divulgados no \u00faltimo dia 05 de mar\u00e7o, pela Secretaria de Com\u00e9rcio Exterior (Secex), do Minist\u00e9rio do Desenvolvimento, Ind\u00fastria, Com\u00e9rcio e Servi\u00e7os (MDIC). Alguns destaques [&hellip;]<\/p>\n","protected":false},"author":5,"featured_media":31381,"comment_status":"open","ping_status":"open","sticky":false,"template":"","format":"standard","meta":{"_seopress_robots_primary_cat":"","_seopress_titles_title":"","_seopress_titles_desc":"","_seopress_robots_index":"","footnotes":""},"categories":[53],"tags":[],"class_list":["post-66571","post","type-post","status-publish","format-standard","has-post-thumbnail","hentry","category-agronegocio"],"_links":{"self":[{"href":"https:\/\/mussicom.com\/noticias\/wp-json\/wp\/v2\/posts\/66571","targetHints":{"allow":["GET"]}}],"collection":[{"href":"https:\/\/mussicom.com\/noticias\/wp-json\/wp\/v2\/posts"}],"about":[{"href":"https:\/\/mussicom.com\/noticias\/wp-json\/wp\/v2\/types\/post"}],"author":[{"embeddable":true,"href":"https:\/\/mussicom.com\/noticias\/wp-json\/wp\/v2\/users\/5"}],"replies":[{"embeddable":true,"href":"https:\/\/mussicom.com\/noticias\/wp-json\/wp\/v2\/comments?post=66571"}],"version-history":[{"count":0,"href":"https:\/\/mussicom.com\/noticias\/wp-json\/wp\/v2\/posts\/66571\/revisions"}],"wp:featuredmedia":[{"embeddable":true,"href":"https:\/\/mussicom.com\/noticias\/wp-json\/wp\/v2\/media\/31381"}],"wp:attachment":[{"href":"https:\/\/mussicom.com\/noticias\/wp-json\/wp\/v2\/media?parent=66571"}],"wp:term":[{"taxonomy":"category","embeddable":true,"href":"https:\/\/mussicom.com\/noticias\/wp-json\/wp\/v2\/categories?post=66571"},{"taxonomy":"post_tag","embeddable":true,"href":"https:\/\/mussicom.com\/noticias\/wp-json\/wp\/v2\/tags?post=66571"}],"curies":[{"name":"wp","href":"https:\/\/api.w.org\/{rel}","templated":true}]}}