{"id":66566,"date":"2026-03-06T15:29:01","date_gmt":"2026-03-06T18:29:01","guid":{"rendered":"https:\/\/mussicom.com\/imprensa-internacional-repercute-segunda-prisao-de-vorcaro\/"},"modified":"2026-03-06T15:29:01","modified_gmt":"2026-03-06T18:29:01","slug":"imprensa-internacional-repercute-segunda-prisao-de-vorcaro","status":"publish","type":"post","link":"https:\/\/mussicom.com\/noticias\/imprensa-internacional-repercute-segunda-prisao-de-vorcaro\/","title":{"rendered":"Imprensa internacional repercute segunda pris\u00e3o de Vorcaro"},"content":{"rendered":"<p> <br \/>\n<\/p>\n<div id=\"tp-post-content\">\n<p class=\"postParagraph_post-paragraph__juWZN postParagraph_post-paragraph-innerHtml__Q5vwc\">A nova pris\u00e3o do banqueiro Daniel Vorcaro, dono do liquidado Banco Master, ganhou destaque nas p\u00e1ginas de jornais internacionais nesta semana. Ele foi levado por policiais federais na manh\u00e3 da \u00faltima quarta-feira (4) ap\u00f3s novas descobertas nas investiga\u00e7\u00f5es que levaram \u00e0 deflagra\u00e7\u00e3o da terceira fase da opera\u00e7\u00e3o Compliance Zero.<\/p>\n<p class=\"postParagraph_post-paragraph__juWZN postParagraph_post-paragraph-innerHtml__Q5vwc\">A ag\u00eancia de not\u00edcias financeiras <em>Bloomberg<\/em> citou a nova pris\u00e3o de Vorcaro em menos de tr\u00eas meses, lembrando os motivos que levaram ao esc\u00e2ndalo no sistema banc\u00e1rio brasileiro. A reportagem listou as novas acusa\u00e7\u00f5es que recaem sobre o banqueiro e mencionou o envolvimento de ainda mais pessoas e institui\u00e7\u00f5es de alto escalonamento no Brasil.<\/p>\n<p class=\"postParagraph_post-paragraph__juWZN postParagraph_post-paragraph-innerHtml__Q5vwc\">Entre as novidades destacadas pela publica\u00e7\u00e3o est\u00e3o a troca de mensagens encontradas no celular de Vorcaro com o senador Ciro Nogueira e o ministro do Supremo Tribunal Federal Alexandre de Moraes.<\/p>\n<p class=\"postParagraph_post-paragraph__juWZN postParagraph_post-paragraph-innerHtml__Q5vwc\">&#8220;A nova investiga\u00e7\u00e3o vai al\u00e9m dos crimes financeiros pelos quais Vorcaro j\u00e1 veio sendo acusado. Os investigadores alegaram que ele monitorava supostos rivais, desde funcion\u00e1rios que o chantageavam at\u00e9 jornalistas, e que teriam amea\u00e7ado alguns deles&#8221;, noticia a <em>Bloomberg<\/em>.<\/p>\n<p class=\"postParagraph_post-paragraph__juWZN postParagraph_post-paragraph-innerHtml__Q5vwc\">O jornal brit\u00e2nico de neg\u00f3cios<em> Financial Times<\/em> tamb\u00e9m registrou a nova pris\u00e3o em suas p\u00e1ginas. A publica\u00e7\u00e3o falou sobre as novas investiga\u00e7\u00f5es que indicam que o dono do Banco Master cometeu crimes ligados a vigil\u00e2ncia ilegal, intimida\u00e7\u00e3o de cr\u00edticos e corrup\u00e7\u00e3o de funcion\u00e1rios do Banco Central.<\/p>\n<p class=\"postParagraph_post-paragraph__juWZN postParagraph_post-paragraph-innerHtml__Q5vwc\">Em determinado trecho da reportagem, o Financial Times diz que a nova deten\u00e7\u00e3o representa uma escalada significativa na investiga\u00e7\u00e3o de suspeitas de fraude e lavagem de dinheiro no Banco Master, &#8220;que faliu no ano passado com perdas estimadas em mais de R$ 40 bilh\u00f5es, na maior fal\u00eancia banc\u00e1ria do Brasil em uma gera\u00e7\u00e3o&#8221;.<\/p>\n<p class=\"postParagraph_post-paragraph__juWZN postParagraph_post-paragraph-innerHtml__Q5vwc\">O jornal brit\u00e2nico tamb\u00e9m destaca que o esc\u00e2ndalo amea\u00e7a prejudicar a credibilidade da Suprema Corte do Brasil devido \u00e0 cita\u00e7\u00e3o de ministros da corte nas investiga\u00e7\u00f5es.<\/p>\n<p class=\"postParagraph_post-paragraph__juWZN postParagraph_post-paragraph-innerHtml__Q5vwc\">A ag\u00eancia de not\u00edcias <em>Associated Press<\/em> real\u00e7ou em uma mat\u00e9ria sobre o assunto que as novas investiga\u00e7\u00f5es da Pol\u00edcia Federal brasileira indicaram que Vorcaro fazia parte de um grupo chamado \u201cA Quadrilha\u201d, que buscava obter informa\u00e7\u00f5es confidenciais, monitorar indiv\u00edduos considerados advers\u00e1rios do grupo e realizar &#8220;a\u00e7\u00f5es de intimida\u00e7\u00e3o para proteger os interesses do n\u00facleo da organiza\u00e7\u00e3o criminosa\u201d, citando uma fala do ministro do STF Andr\u00e9 Mendon\u00e7a na decis\u00e3o.<\/p>\n<p class=\"postParagraph_post-paragraph__juWZN postParagraph_post-paragraph-innerHtml__Q5vwc\">O jornal espanhol <em>El Pa\u00eds<\/em> descreveu Daniel Vorcaro como um &#8220;magnata que est\u00e1 abalando a classe pol\u00edtica brasileira&#8221;. A publica\u00e7\u00e3o destaca que o banqueiro est\u00e1 envolvido no maior esc\u00e2ndalo financeiro da\u00a0hist\u00f3ria recente do Brasil.<\/p>\n<\/div>\n<p><br \/>\n<br \/>Fonte: <a href=\"https:\/\/www.gazetadopovo.com.br\/mundo\/escandalo-colapso-quadrilha-imprensa-internacional-repercute-segunda-prisao-vorcaro\/\">Revista Oeste<\/a><\/p>\n","protected":false},"excerpt":{"rendered":"<p>A nova pris\u00e3o do banqueiro Daniel Vorcaro, dono do liquidado Banco Master, ganhou destaque nas p\u00e1ginas de jornais internacionais nesta semana. Ele foi levado por policiais federais na manh\u00e3 da \u00faltima quarta-feira (4) ap\u00f3s novas descobertas nas investiga\u00e7\u00f5es que levaram \u00e0 deflagra\u00e7\u00e3o da terceira fase da opera\u00e7\u00e3o Compliance Zero. A ag\u00eancia de not\u00edcias financeiras Bloomberg [&hellip;]<\/p>\n","protected":false},"author":5,"featured_media":66333,"comment_status":"open","ping_status":"open","sticky":false,"template":"","format":"standard","meta":{"_seopress_robots_primary_cat":"","_seopress_titles_title":"","_seopress_titles_desc":"","_seopress_robots_index":"","footnotes":""},"categories":[48],"tags":[],"class_list":["post-66566","post","type-post","status-publish","format-standard","has-post-thumbnail","hentry","category-internacional"],"_links":{"self":[{"href":"https:\/\/mussicom.com\/noticias\/wp-json\/wp\/v2\/posts\/66566","targetHints":{"allow":["GET"]}}],"collection":[{"href":"https:\/\/mussicom.com\/noticias\/wp-json\/wp\/v2\/posts"}],"about":[{"href":"https:\/\/mussicom.com\/noticias\/wp-json\/wp\/v2\/types\/post"}],"author":[{"embeddable":true,"href":"https:\/\/mussicom.com\/noticias\/wp-json\/wp\/v2\/users\/5"}],"replies":[{"embeddable":true,"href":"https:\/\/mussicom.com\/noticias\/wp-json\/wp\/v2\/comments?post=66566"}],"version-history":[{"count":0,"href":"https:\/\/mussicom.com\/noticias\/wp-json\/wp\/v2\/posts\/66566\/revisions"}],"wp:featuredmedia":[{"embeddable":true,"href":"https:\/\/mussicom.com\/noticias\/wp-json\/wp\/v2\/media\/66333"}],"wp:attachment":[{"href":"https:\/\/mussicom.com\/noticias\/wp-json\/wp\/v2\/media?parent=66566"}],"wp:term":[{"taxonomy":"category","embeddable":true,"href":"https:\/\/mussicom.com\/noticias\/wp-json\/wp\/v2\/categories?post=66566"},{"taxonomy":"post_tag","embeddable":true,"href":"https:\/\/mussicom.com\/noticias\/wp-json\/wp\/v2\/tags?post=66566"}],"curies":[{"name":"wp","href":"https:\/\/api.w.org\/{rel}","templated":true}]}}