{"id":66465,"date":"2026-03-06T01:23:32","date_gmt":"2026-03-06T04:23:32","guid":{"rendered":"https:\/\/mussicom.com\/parana-solicita-r-670-bilhoes-para-o-plano-safra-26-27\/"},"modified":"2026-03-06T01:23:32","modified_gmt":"2026-03-06T04:23:32","slug":"parana-solicita-r-670-bilhoes-para-o-plano-safra-26-27","status":"publish","type":"post","link":"https:\/\/mussicom.com\/noticias\/parana-solicita-r-670-bilhoes-para-o-plano-safra-26-27\/","title":{"rendered":"Paran\u00e1 solicita R$ 670 bilh\u00f5es para o Plano Safra 26\/27"},"content":{"rendered":"<p> <br \/>\n<\/p>\n<div>\n<p style=\"text-align:justify\">Em reuni\u00e3o na sede da Organiza\u00e7\u00e3o das Cooperativas do Paran\u00e1 (Ocepar), as entidades representativas do agroneg\u00f3cio paranaense entregaram, nesta quarta-feira (04), ao superintendente do Minist\u00e9rio da Agricultura e Pecu\u00e1ria (Mapa), Almir Antonio Gnoatto, e \u00e0 superintendente do Minist\u00e9rio do Desenvolvimento Agr\u00e1rio e Agricultura Familiar (MDA), Leila Aubrift Klenk, a proposta do Paran\u00e1 para o Plano Safra 2026\/2027. O valor total reivindicado \u00e9 de R$ 670 bilh\u00f5es, dos quais R$ 486,3 bilh\u00f5es seriam destinados ao cr\u00e9dito de custeio e comercializa\u00e7\u00e3o e R$ 183,7 bilh\u00f5es para investimentos. O montante solicitado \u00e9 quase 13% superior ao que o Governo Federal disponibilizou para a safra 2025\/2026. Al\u00e9m disso, as taxas de juros propostas s\u00e3o, em m\u00e9dia, tr\u00eas pontos percentuais menores que as praticadas no \u00faltimo ciclo.&#13;\n<\/p>\n<p style=\"text-align:justify\">&#8220;Nossa proposta n\u00e3o foca apenas em volume de recursos, mas na qualidade do cr\u00e9dito. Precisamos de taxas de juros que permitam ao produtor investir em inova\u00e7\u00e3o e sustentabilidade. O Paran\u00e1 \u00e9 refer\u00eancia em produtividade e queremos manter esse protagonismo. O Plano Safra precisa ser um motor de moderniza\u00e7\u00e3o e n\u00e3o apenas um suporte de custeio&#8221;, afirma o secret\u00e1rio da Agricultura e do Abastecimento, Marcio Nunes.<\/p>\n<p style=\"text-align:justify\">De acordo com a proposta das lideran\u00e7as paranaenses, do volume total de R$ 670 bilh\u00f5es, R$ 95 bi seriam recursos destinados ao Programa Nacional de Fortalecimento da Agricultura Familiar (Pronaf), R$ 85 bi ao Programa Nacional de Apoio ao M\u00e9dio Produtor Rural (Pronamp) e o restante, R$ 490 bilh\u00f5es, aos demais produtores. O documento foi assinado na reuni\u00e3o pelos dirigentes das entidades e entregue aos dois representantes do Governo Federal. O mesmo documento ser\u00e1 encaminhado tamb\u00e9m ao l\u00edder da Frente Parlamentar da Agropecu\u00e1ria (FPA), deputado federal Pedro Lupion, e \u00e0 presidente do Instituto Pensar Agropecu\u00e1ria (IPA), Tania Zanella.<\/p>\n<p style=\"text-align:justify\">PROPOSTA CONJUNTA &#8211; A proposta foi elaborada de forma conjunta a partir de \u201cum amplo e consistente processo de levantamento de informa\u00e7\u00f5es conduzido pela Federa\u00e7\u00e3o da Agricultura do Estado do Paran\u00e1 (Faep), pela Federa\u00e7\u00e3o dos Trabalhadores Rurais Agricultores Familiares do Paran\u00e1 (Fetaep), pela Organiza\u00e7\u00e3o das Cooperativas do Estado do Paran\u00e1 (Ocepar), pela Secretaria de Estado da Agricultura e do Abastecimento (Seab) e pelo Instituto de Desenvolvimento Rural do Paran\u00e1 (IDR-Paran\u00e1). A constru\u00e7\u00e3o do material contou com a colabora\u00e7\u00e3o de sindicatos rurais, produtores, cooperativas e profissionais de assist\u00eancia t\u00e9cnica e extens\u00e3o rural, garantindo representatividade e profundidade \u00e0s contribui\u00e7\u00f5es reunidas\u201d, conforme destaca o documento.\u00a0<\/p>\n<p style=\"text-align:justify\">Al\u00e9m do secret\u00e1rio Marcio Nunes, participaram da reuni\u00e3o o presidente do Sistema Ocepar, Jos\u00e9 Roberto Ricken; o presidente do Sistema FAEP, \u00c1gide Eduardo Meneguette; o presidente da Federa\u00e7\u00e3o dos Trabalhadores Rurais Agricultores Familiares do Estado do Paran\u00e1 (Fetaep), Alexandre Leal; e o diretor de Gest\u00e3o de Neg\u00f3cios do Instituto de Desenvolvimento Rural do Paran\u00e1 (IDR-Paran\u00e1), Richard Golba.\u00a0<\/p>\n<p style=\"text-align:justify\">\u201cJ\u00e1 \u00e9 tradi\u00e7\u00e3o, todos os anos n\u00f3s nos reunimos e elaboramos uma proposta conjunta para o Plano Safra\u201d, declarou o anfitri\u00e3o da reuni\u00e3o, o presidente do Sistema Ocepar, Jos\u00e9 Roberto Ricken, referindo-se ao trabalho conjunto feito pelas entidades do agroneg\u00f3cio paranaense. Ricken observou que as margens hoje na agricultura s\u00e3o m\u00ednimas e que quem n\u00e3o tem produtividade n\u00e3o consegue sobreviver, destacando a import\u00e2ncia de um bom Plano Safra.<\/p>\n<p style=\"text-align:justify\">O analista da Ger\u00eancia de Desenvolvimento T\u00e9cnico do Sistema Ocepar, economista Salatiel Turra, fez a apresenta\u00e7\u00e3o da proposta paranaense durante a reuni\u00e3o. Ele explicou que o pedido de juros menores para a safra 2026\/2027 se sustenta pelo comportamento da taxa Selic. \u201cA Selic deve encerrar 2026 em torno de 12,25% ao ano, com recuo para aproximadamente 10% em 2027. Embora o patamar atual continue elevado em termos hist\u00f3ricos, observa-se que a taxa vem se posicionando em n\u00edveis inferiores aos registrados nos anos anteriores, o que contribui, ainda que de forma gradual, para a redu\u00e7\u00e3o do custo de capta\u00e7\u00e3o e, por consequ\u00eancia, sinaliza condi\u00e7\u00f5es mais favor\u00e1veis para a diminui\u00e7\u00e3o das taxas de juros dos programas do Plano Safra\u201d, destacou.&#13;\n<\/p>\n<p style=\"text-align:justify\">Para \u00c1gide Eduardo Meneguette, o Plano Safra \u00e9 determinante para garantir previsibilidade e competitividade ao setor. &#8220;Estamos falando de um cen\u00e1rio desafiador para a safra 2026\/27, com custos de produ\u00e7\u00e3o pressionados. Por isso, defendemos um volume adequado de recursos, taxas compat\u00edveis com a realidade do produtor e o fortalecimento dos instrumentos de gest\u00e3o de risco&#8221;, afirma o presidente do Sistema FAEP.\u00a0<\/p>\n<p style=\"text-align:justify\">A iniciativa refor\u00e7a o protagonismo do Paran\u00e1 na formula\u00e7\u00e3o do Plano Safra, principal instrumento de apoio ao desenvolvimento da agropecu\u00e1ria brasileira, e evidencia a articula\u00e7\u00e3o do setor produtivo paranaense junto aos Poderes Executivo e Legislativo na constru\u00e7\u00e3o das diretrizes da pol\u00edtica agr\u00edcola.<\/p>\n<p style=\"text-align:justify\">O compilado tamb\u00e9m re\u00fane propostas para o aprimoramento dos mecanismos de gest\u00e3o de riscos, com recomenda\u00e7\u00f5es espec\u00edficas voltadas ao seguro rural e ao Programa de Garantia da Atividade Agropecu\u00e1ria (Proagro), refletindo o compromisso das entidades com a constru\u00e7\u00e3o de um ambiente produtivo mais seguro, previs\u00edvel e resiliente. O documento ainda destaca medidas voltadas ao fortalecimento da agricultura familiar, reconhecendo sua relev\u00e2ncia econ\u00f4mica, social e estrat\u00e9gica para a seguran\u00e7a alimentar do pa\u00eds.<\/p>\n<p style=\"text-align:justify\">M\u00e1rcio Nunes agradeceu a parceria. \u201cNeste per\u00edodo, foi poss\u00edvel estreitar o relacionamento com todas as entidades que representam a agricultura do Paran\u00e1\u201d, declarou. O presidente da Fetaep, Alexandre Leal dos Santos, disse que o momento \u00e9 muito importante e simboliza a uni\u00e3o de for\u00e7as para apresentar uma pauta conjunta da agricultura paranaense. Ele alertou para os problemas de endividamento do produtor. \u201cPrecisamos tentar negociar as d\u00edvidas para fortalecer a agricultura familiar\u201d. O diretor de Gest\u00e3o de Neg\u00f3cios do Instituto de Desenvolvimento Rural do Paran\u00e1 (IDR\/PR), Richard Golba, que representou o presidente do \u00f3rg\u00e3o, Natalino Souza, agradeceu a oportunidade de participar e destacou a capilaridade que tem o IDR no meio rural do Paran\u00e1. \u201cA agricultura familiar enfrenta muitos desafios e esse plano \u00e9 muito relevante\u201d, frisou.<\/p>\n<p style=\"text-align:justify\">CUSTEIO E COMERCIALIZA\u00c7\u00c3O &#8211; Dentro dos R$ 486,3 bilh\u00f5es, o pedido \u00e9 para R$ 50 bi para o Programa Nacional de Fortalecimento da Agricultura Familiar (Pronaf); R$ 70 bi para o Programa Nacional de Apoio ao M\u00e9dio Produtor Rural (Pronamp); e R$ 366,3 bi para os demais produtores.\u00a0<\/p>\n<p style=\"text-align:justify\">As entidades tamb\u00e9m solicitam o aumento do limite de contrata\u00e7\u00e3o anual para R$ 4,5 milh\u00f5es para os demais produtores e a eleva\u00e7\u00e3o do limite de custeio das atividades de avicultura, suinocultura e piscicultura, exploradas sob regime de integra\u00e7\u00e3o n\u00e3o classificadas como cooperativa, de R$ 240 mil para R$ 400 mil.\u00a0&#13;\n<\/p>\n<p style=\"text-align:justify\">INVESTIMENTO &#8211; Considerando o montante de R$ 183,7 bilh\u00f5es para investimentos, o documento prev\u00ea a amplia\u00e7\u00e3o do Programa de Financiamento a Sistemas de Produ\u00e7\u00e3o Agropecu\u00e1ria Sustent\u00e1veis (RenovAgro) de R$ 8,15 bilh\u00f5es para R$ 9 bilh\u00f5es; e o aumento do Programa Nacional de Apoio ao M\u00e9dio Produtor Rural (Pronamp Investimento) de R$ 10,2 bilh\u00f5es para R$ 15 bilh\u00f5es, incluindo a atividade de turismo rural.\u00a0<\/p>\n<p style=\"text-align:justify\">No Programa de Moderniza\u00e7\u00e3o da Agricultura e Conserva\u00e7\u00e3o de Recursos Naturais (Moderagro) e no Programa de Incentivo \u00e0 Inova\u00e7\u00e3o Tecnol\u00f3gica na Produ\u00e7\u00e3o Agropecu\u00e1ria (Inovagro), o pedido \u00e9 de eleva\u00e7\u00e3o dos recursos de R$ 3,8 bilh\u00f5es para R$ 7 bilh\u00f5es, al\u00e9m do aumento do limite de cr\u00e9dito por benefici\u00e1rio para R$ 4 milh\u00f5es e coletivo para R$ 12 milh\u00f5es.\u00a0<\/p>\n<p style=\"text-align:justify\">J\u00e1 para o Programa para Constru\u00e7\u00e3o e Amplia\u00e7\u00e3o de Armaz\u00e9ns (PCA), a reivindica\u00e7\u00e3o \u00e9 de aumento dos recursos de R$ 8,2 bilh\u00f5es para R$ 9,7 bilh\u00f5es, amplia\u00e7\u00e3o do limite de cr\u00e9dito para R$ 250 milh\u00f5es em armaz\u00e9ns com capacidade acima de 12 mil toneladas, inclus\u00e3o da armazenagem de produtos frigorificados de origem animal e vegetal e autoriza\u00e7\u00e3o para aquisi\u00e7\u00e3o de armaz\u00e9ns usados.\u00a0<\/p>\n<p style=\"text-align:justify\">JUROS &#8211; Para a safra 2026\/27, o pedido \u00e9 de juros m\u00e1ximos de 10,5%, dependendo da linha de custeio, comercializa\u00e7\u00e3o e investimento. No Programa Nacional de Apoio ao M\u00e9dio Produtor Rural (Pronamp), o pedido \u00e9 de 7%.<\/p>\n<p style=\"text-align:justify\">As entidades defendem que o Plano Safra 2026\/2027 opere de forma estrat\u00e9gica, garantindo previsibilidade, condi\u00e7\u00f5es adequadas de financiamento e instrumentos capazes de mitigar os efeitos de juros ainda altos sobre a atividade produtiva.\u00a0<\/p>\n<p style=\"text-align:justify\">SEGURO RURAL &#8211; Entre os principais pontos do documento est\u00e1 o fortalecimento do Programa de Subven\u00e7\u00e3o ao Pr\u00eamio do Seguro Rural (PSR). O pedido \u00e9 de R$ 4 bilh\u00f5es para o PSR, al\u00e9m da implementa\u00e7\u00e3o de uma subven\u00e7\u00e3o diferenciada para culturas predominantes em cada regi\u00e3o, como soja, milho e trigo, mais vulner\u00e1veis a eventos clim\u00e1ticos adversos.\u00a0<\/p>\n<p style=\"text-align:justify\">O documento tamb\u00e9m prop\u00f5e a transfer\u00eancia do or\u00e7amento do PSR para o caixa das opera\u00e7\u00f5es oficiais de cr\u00e9dito gerenciadas pela Secretaria do Tesouro Nacional (2OC), com aplica\u00e7\u00e3o obrigat\u00f3ria, a fim de evitar contingenciamentos.\u00a0<\/p>\n<p style=\"text-align:justify\">No \u00e2mbito do Zoneamento Agr\u00edcola de Risco Clim\u00e1tico (ZARC), as entidades defendem a destina\u00e7\u00e3o de recursos para que a Embrapa realize levantamentos t\u00e9cnicos que embasem o ZARC \u2013 n\u00edveis de manejo, ampliando a seguran\u00e7a das recomenda\u00e7\u00f5es t\u00e9cnicas.\u00a0<\/p>\n<p style=\"text-align:justify\">CONFIRA OS PRINCIPAIS PEDIDOS PARA O PLANO SAFRA 2026\/27:<\/p>\n<p style=\"text-align:justify\">Pol\u00edtica de Garantia de Pre\u00e7os M\u00ednimos (PGPM)\u00a0<\/p>\n<p style=\"text-align:justify\">\u2013 Corrigir em 20% os pre\u00e7os m\u00ednimos atuais;\u00a0\u00a0<\/p>\n<p style=\"text-align:justify\">\u2013 Incluir novos produtos;\u00a0<\/p>\n<p style=\"text-align:justify\">\u2013 Melhorar a rentabilidade dos produtos;\u00a0<\/p>\n<p style=\"text-align:justify\">\u2013 Promover a participa\u00e7\u00e3o social e inclus\u00e3o em pol\u00edticas p\u00fablicas.\u00a0<\/p>\n<p style=\"text-align:justify\">Cr\u00e9dito para custeio e comercializa\u00e7\u00e3o\u00a0<\/p>\n<p style=\"text-align:justify\">\u2013 Disponibilizar R$ 486,3 bilh\u00f5es para o custeio e comercializa\u00e7\u00e3o da safra brasileira: R$ 50 bilh\u00f5es para o Programa Nacional de Fortalecimento da Agricultura Familiar (Pronaf); R$ 70 bilh\u00f5es para Programa Nacional de Apoio ao M\u00e9dio Produtor Rural (Pronamp); e R$ 366,3 bilh\u00f5es para os demais produtores;\u00a0\u00a0<\/p>\n<p style=\"text-align:justify\">\u2013 Aumentar o limite de contrata\u00e7\u00e3o anual para R$ 4,5 milh\u00f5es para os demais produtores;\u00a0<\/p>\n<p style=\"text-align:justify\">\u00a0\u2013 Elevar de R$ 240 mil para R$ 400 mil os limites para custeio das atividades de avicultura, suinocultura e piscicultura, exploradas sob regime de integra\u00e7\u00e3o n\u00e3o classificadas como cooperativa.\u00a0<\/p>\n<p style=\"text-align:justify\">Cr\u00e9dito para investimento\u00a0<\/p>\n<p style=\"text-align:justify\">\u2013 R$ 183,7 bilh\u00f5es para investimento da safra brasileira no total;\u00a0\u00a0<\/p>\n<p style=\"text-align:justify\">\u2013 Aumento do Programa de Financiamento a Sistemas de Produ\u00e7\u00e3o Agropecu\u00e1ria Sustent\u00e1veis (RenovAgro) de R$ 8,15 bilh\u00f5es para R$ 9 bilh\u00f5es;\u00a0\u00a0<\/p>\n<p style=\"text-align:justify\">\u2013 Aumento do Programa Nacional de Apoio ao M\u00e9dio Produtor Rural (PRONAMP Investimento) de R$ 10,2 bilh\u00f5es para R$ 15 bilh\u00f5es, incluindo atividade de turismo rural.\u00a0<\/p>\n<p style=\"text-align:justify\">Programa de Moderniza\u00e7\u00e3o da Agricultura e Conserva\u00e7\u00e3o de Recursos Naturais (Moderagro) e Programa de Incentivo \u00e0 Inova\u00e7\u00e3o Tecnol\u00f3gica na Produ\u00e7\u00e3o Agropecu\u00e1ria (Inovagro)\u00a0<\/p>\n<p style=\"text-align:justify\">\u2013 Aumentar recursos de R$ 3,8 bilh\u00f5es para R$ 7 bilh\u00f5es;\u00a0<\/p>\n<p style=\"text-align:justify\">\u2013 Aumentar o limite de cr\u00e9dito por benefici\u00e1rio para R$ 4 milh\u00f5es e coletivo para R$ 12 milh\u00f5es;\u00a0\u00a0<\/p>\n<p style=\"text-align:justify\">\u2013 Excluir a obrigatoriedade de que o projeto seja limitado \u00e0 demanda energ\u00e9tica da atividade instalada.\u00a0<\/p>\n<p style=\"text-align:justify\">Programa para Constru\u00e7\u00e3o e Amplia\u00e7\u00e3o de Armaz\u00e9ns (PCA e PCA at\u00e9 12.000 toneladas)\u00a0<\/p>\n<p style=\"text-align:justify\">\u2013 Aumentar de R$ 8,2 bilh\u00f5es para R$ 9,7 bilh\u00f5es;\u00a0\u00a0<\/p>\n<p style=\"text-align:justify\">\u2013 Aumentar o limite de cr\u00e9dito de R$ 200 para 250 milh\u00f5es para armaz\u00e9ns com capacidade acima de 12 mil toneladas;\u00a0\u00a0<\/p>\n<p style=\"text-align:justify\">\u2013 Incluir a armazenagem de produtos frigorificados de origem animal e vegetal;<\/p>\n<p style=\"text-align:justify\">\u2013 Incluir a aquisi\u00e7\u00e3o de armaz\u00e9ns usados.\u00a0<\/p>\n<p style=\"text-align:justify\">Gest\u00e3o de risco rural\u00a0<\/p>\n<p style=\"text-align:justify\">\u2013 Prever no Plano Safra 2026\/2027 a libera\u00e7\u00e3o de R$ 4 bilh\u00f5es para o ano de 2026 para o Programa de Subven\u00e7\u00e3o ao Pr\u00eamio do Seguro Rural;\u00a0\u00a0<\/p>\n<p style=\"text-align:justify\">\u2013 Implementa\u00e7\u00e3o de uma subven\u00e7\u00e3o diferenciada para culturas predominantes em cada regi\u00e3o, como soja, milho e trigo, que s\u00e3o mais vulner\u00e1veis a eventos clim\u00e1ticos adversos;\u00a0\u00a0<\/p>\n<p style=\"text-align:justify\">\u2013 Transferir o or\u00e7amento do PSR para o caixa das opera\u00e7\u00f5es oficiais de cr\u00e9dito gerenciadas pela Secretaria do Tesouro Nacional, 2OC, com aplica\u00e7\u00e3o obrigat\u00f3ria.\u00a0<\/p>\n<p style=\"text-align:justify\">Zoneamento Agr\u00edcola de Risco Clim\u00e1tico (ZARC)\u00a0<\/p>\n<p style=\"text-align:justify\">\u2013 Disponibilizar recursos para a Embrapa realizar levantamentos e estudos t\u00e9cnicos que embasem o ZARC \u2013 n\u00edveis de manejo.\u00a0<\/p>\n<\/p><\/div>\n<p><script data-cfasync=\"false\">\n    !function (f, b, e, v, n, t, s) {\n        if (f.fbq) return; n = f.fbq = function () {\n            n.callMethod ?\n                n.callMethod.apply(n, arguments) : n.queue.push(arguments)\n        };\n        if (!f._fbq) f._fbq = n; n.push = n; n.loaded = !0; n.version = '2.0';\n        n.queue = []; t = b.createElement(e); t.async = !0;\n        t.src = v; s = b.getElementsByTagName(e)[0];\n        s.parentNode.insertBefore(t, s)\n    }(window, document, 'script',\n        'https:\/\/connect.facebook.net\/en_US\/fbevents.js');\n    fbq('init', '522546078623747');\n    fbq('track', 'PageView');\n<\/script><br \/>\n<br \/><br \/>\n<br \/>Fonte: <a href=\"https:\/\/www.agrolink.com.br\/noticias\/liderancas-do-agro-do-parana-pedem-r--670-bilhoes-para-plano-safra-2026-2027_511678.html\">AGROLINK<\/a><\/p>\n","protected":false},"excerpt":{"rendered":"<p>Em reuni\u00e3o na sede da Organiza\u00e7\u00e3o das Cooperativas do Paran\u00e1 (Ocepar), as entidades representativas do agroneg\u00f3cio paranaense entregaram, nesta quarta-feira (04), ao superintendente do Minist\u00e9rio da Agricultura e Pecu\u00e1ria (Mapa), Almir Antonio Gnoatto, e \u00e0 superintendente do Minist\u00e9rio do Desenvolvimento Agr\u00e1rio e Agricultura Familiar (MDA), Leila Aubrift Klenk, a proposta do Paran\u00e1 para o Plano [&hellip;]<\/p>\n","protected":false},"author":5,"featured_media":31892,"comment_status":"open","ping_status":"open","sticky":false,"template":"","format":"standard","meta":{"_seopress_robots_primary_cat":"","_seopress_titles_title":"","_seopress_titles_desc":"","_seopress_robots_index":"","footnotes":""},"categories":[53],"tags":[],"class_list":["post-66465","post","type-post","status-publish","format-standard","has-post-thumbnail","hentry","category-agronegocio"],"_links":{"self":[{"href":"https:\/\/mussicom.com\/noticias\/wp-json\/wp\/v2\/posts\/66465","targetHints":{"allow":["GET"]}}],"collection":[{"href":"https:\/\/mussicom.com\/noticias\/wp-json\/wp\/v2\/posts"}],"about":[{"href":"https:\/\/mussicom.com\/noticias\/wp-json\/wp\/v2\/types\/post"}],"author":[{"embeddable":true,"href":"https:\/\/mussicom.com\/noticias\/wp-json\/wp\/v2\/users\/5"}],"replies":[{"embeddable":true,"href":"https:\/\/mussicom.com\/noticias\/wp-json\/wp\/v2\/comments?post=66465"}],"version-history":[{"count":0,"href":"https:\/\/mussicom.com\/noticias\/wp-json\/wp\/v2\/posts\/66465\/revisions"}],"wp:featuredmedia":[{"embeddable":true,"href":"https:\/\/mussicom.com\/noticias\/wp-json\/wp\/v2\/media\/31892"}],"wp:attachment":[{"href":"https:\/\/mussicom.com\/noticias\/wp-json\/wp\/v2\/media?parent=66465"}],"wp:term":[{"taxonomy":"category","embeddable":true,"href":"https:\/\/mussicom.com\/noticias\/wp-json\/wp\/v2\/categories?post=66465"},{"taxonomy":"post_tag","embeddable":true,"href":"https:\/\/mussicom.com\/noticias\/wp-json\/wp\/v2\/tags?post=66465"}],"curies":[{"name":"wp","href":"https:\/\/api.w.org\/{rel}","templated":true}]}}