{"id":66438,"date":"2026-03-05T23:09:23","date_gmt":"2026-03-06T02:09:23","guid":{"rendered":"https:\/\/mussicom.com\/magno-malta-e-girao-pedem-que-vorcaro-va-para-prisao-de-seguranca-maxima\/"},"modified":"2026-03-05T23:09:23","modified_gmt":"2026-03-06T02:09:23","slug":"magno-malta-e-girao-pedem-que-vorcaro-va-para-prisao-de-seguranca-maxima","status":"publish","type":"post","link":"https:\/\/mussicom.com\/noticias\/magno-malta-e-girao-pedem-que-vorcaro-va-para-prisao-de-seguranca-maxima\/","title":{"rendered":"Magno Malta e Gir\u00e3o pedem que Vorcaro v\u00e1 para pris\u00e3o de seguran\u00e7a m\u00e1xima"},"content":{"rendered":"<p> <br \/>\n<\/p>\n<div id=\"tp-post-content\">\n<p class=\"postParagraph_post-paragraph__juWZN postParagraph_post-paragraph-innerHtml__Q5vwc\">Os senadores Magno Malta (PL-ES) e Eduardo Gir\u00e3o (Novo-CE) enviaram um of\u00edcio ao ministro do Supremo Tribunal Federal (STF) Andr\u00e9 Mendon\u00e7a, nesta quinta-feira (5), pedindo a transfer\u00eancia do banqueiro Daniel Vorcaro e de seu cunhado, Fabiano Zettel, para uma penitenci\u00e1ria de seguran\u00e7a m\u00e1xima.<\/p>\n<p class=\"postParagraph_post-paragraph__juWZN postParagraph_post-paragraph-innerHtml__Q5vwc\">&#8220;A preserva\u00e7\u00e3o da integridade f\u00edsica dos investigados torna-se quest\u00e3o de interesse p\u00fablico e de prote\u00e7\u00e3o da pr\u00f3pria instru\u00e7\u00e3o criminal, uma vez que qualquer atentado contra suas vidas poder\u00e1 comprometer a completa elucida\u00e7\u00e3o dos fatos e a responsabiliza\u00e7\u00e3o de todos os envolvidos&#8221;, argumentam os parlamentares.<\/p>\n<div class=\"postViewMore_post-view-more-container___5wai\" data-mrf-recirculation=\"Post - Veja tamb\u00e9m\">\n<p class=\"gp-styles-module-size-small-afeYRa gp-styles-module-font-family2-afeYRa gp-styles-module-color-secondary-afeYRa gp-styles-module-weight-bold-afeYRa\">VEJA TAMB\u00c9M:<\/p>\n<ul class=\"postViewMore_post-view-more-list__CU_CE\">\n<li class=\"postViewMore_post-view-more-item__2MzRb\"><span class=\"postViewMore_post-view-more-link-icon___stPC\"><svg xmlns=\"http:\/\/www.w3.org\/2000\/svg\" width=\"16\" height=\"16\" viewbox=\"0 0 16 16\"><rect width=\"16\" height=\"16\" fill=\"none\"\/><g transform=\"translate(3 3)\"><path d=\"M22.5,15l3.4,3.4-3.4,3.4\" transform=\"translate(-15.896 -11.793)\" fill=\"none\" stroke=\"#717171\" stroke-linecap=\"round\" stroke-width=\"1.4\"\/><path d=\"M6,6v4.2a2.452,2.452,0,0,0,2.5,2.4H16\" transform=\"translate(-6 -6)\" fill=\"none\" stroke=\"#717171\" stroke-linecap=\"round\" stroke-width=\"1.4\"\/><\/g><\/svg><\/span><span class=\"postViewMore_post-view-more-link-text__hO_kM\">Opera\u00e7\u00e3o contra\u00a0Vorcaro\u00a0amplia temor no Congresso e exp\u00f5e novo foco de crise pol\u00edtica<\/span><\/li>\n<li class=\"postViewMore_post-view-more-item__2MzRb\"><span class=\"postViewMore_post-view-more-link-icon___stPC\"><svg xmlns=\"http:\/\/www.w3.org\/2000\/svg\" width=\"16\" height=\"16\" viewbox=\"0 0 16 16\"><rect width=\"16\" height=\"16\" fill=\"none\"\/><g transform=\"translate(3 3)\"><path d=\"M22.5,15l3.4,3.4-3.4,3.4\" transform=\"translate(-15.896 -11.793)\" fill=\"none\" stroke=\"#717171\" stroke-linecap=\"round\" stroke-width=\"1.4\"\/><path d=\"M6,6v4.2a2.452,2.452,0,0,0,2.5,2.4H16\" transform=\"translate(-6 -6)\" fill=\"none\" stroke=\"#717171\" stroke-linecap=\"round\" stroke-width=\"1.4\"\/><\/g><\/svg><\/span><span class=\"postViewMore_post-view-more-link-text__hO_kM\">PL sai em defesa de Nikolas Ferreira ap\u00f3s repercuss\u00e3o de viagem com jatinho de Vorcaro<\/span><\/li>\n<\/ul>\n<\/div>\n<p class=\"postParagraph_post-paragraph__juWZN postParagraph_post-paragraph-innerHtml__Q5vwc\">Preso em uma opera\u00e7\u00e3o que apura fraude na emiss\u00e3o de carteiras de cr\u00e9dito do Banco Master, Vorcaro ganhou mais uma camada de evid\u00eancia no debate p\u00fablico ap\u00f3s a Pol\u00edcia Federal (PF) descobrir uma esp\u00e9cie de mil\u00edcia privada que atuaria no monitoramento e intimida\u00e7\u00e3o de jornalistas e servidores que interferissem no esquema fraudulento. Malta e Gir\u00e3o veem no suic\u00eddio de Luiz Phillipi Machado de Moraes Mour\u00e3o, chamado de &#8220;Sic\u00e1rio&#8221; nos di\u00e1logos, um ind\u00edcio de que outros envolvidos tamb\u00e9m poderiam atentar contra as pr\u00f3prias vidas.<\/p>\n<p class=\"postParagraph_post-paragraph__juWZN postParagraph_post-paragraph-innerHtml__Q5vwc\">Antes das novas descobertas, quando se apuravam apenas crimes contra o sistema financeiro, Vorcaro estava solto, utilizando tornozeleira eletr\u00f4nica. A mudan\u00e7a de relator e os novos fatos fizeram com que Mendon\u00e7a determinasse, nesta quarta-feira (4), a pris\u00e3o do empres\u00e1rio. A decis\u00e3o \u00e9 mais um de outros endurecimentos que o relator promoveu ap\u00f3s receber o caso de Dias Toffoli, que saiu sob suspeitas de rela\u00e7\u00f5es com o investigado. A pr\u00f3pria PF chegou a pedir a suspei\u00e7\u00e3o do ministro, mas a decis\u00e3o de submeter o caso \u00e0 redistribui\u00e7\u00e3o, de acordo com nota emitida pelos dez ministros, foi do pr\u00f3prio Toffoli.<\/p>\n<p class=\"postParagraph_post-paragraph__juWZN postParagraph_post-paragraph-innerHtml__Q5vwc\">Agora, a Segunda Turma do STF deve decidir se mant\u00e9m ou n\u00e3o decis\u00e3o monocr\u00e1tica de Andr\u00e9 Mendon\u00e7a. O colegiado \u00e9 formado por Gilmar Mendes, Dias Toffoli, Luiz Fux, Nunes Marques e pelo pr\u00f3prio relator.<\/p>\n<\/div>\n<p><br \/>\n<br \/>Fonte: <a href=\"https:\/\/www.gazetadopovo.com.br\/republica\/magno-malta-e-girao-pedem-que-vorcaro-va-para-penitenciaria-de-seguranca-maxima\/\">Revista Oeste<\/a><\/p>\n","protected":false},"excerpt":{"rendered":"<p>Os senadores Magno Malta (PL-ES) e Eduardo Gir\u00e3o (Novo-CE) enviaram um of\u00edcio ao ministro do Supremo Tribunal Federal (STF) Andr\u00e9 Mendon\u00e7a, nesta quinta-feira (5), pedindo a transfer\u00eancia do banqueiro Daniel Vorcaro e de seu cunhado, Fabiano Zettel, para uma penitenci\u00e1ria de seguran\u00e7a m\u00e1xima. &#8220;A preserva\u00e7\u00e3o da integridade f\u00edsica dos investigados torna-se quest\u00e3o de interesse p\u00fablico [&hellip;]<\/p>\n","protected":false},"author":5,"featured_media":66439,"comment_status":"open","ping_status":"open","sticky":false,"template":"","format":"standard","meta":{"_seopress_robots_primary_cat":"","_seopress_titles_title":"","_seopress_titles_desc":"","_seopress_robots_index":"","footnotes":""},"categories":[1],"tags":[],"class_list":["post-66438","post","type-post","status-publish","format-standard","has-post-thumbnail","hentry","category-ultimas-noticias"],"_links":{"self":[{"href":"https:\/\/mussicom.com\/noticias\/wp-json\/wp\/v2\/posts\/66438","targetHints":{"allow":["GET"]}}],"collection":[{"href":"https:\/\/mussicom.com\/noticias\/wp-json\/wp\/v2\/posts"}],"about":[{"href":"https:\/\/mussicom.com\/noticias\/wp-json\/wp\/v2\/types\/post"}],"author":[{"embeddable":true,"href":"https:\/\/mussicom.com\/noticias\/wp-json\/wp\/v2\/users\/5"}],"replies":[{"embeddable":true,"href":"https:\/\/mussicom.com\/noticias\/wp-json\/wp\/v2\/comments?post=66438"}],"version-history":[{"count":0,"href":"https:\/\/mussicom.com\/noticias\/wp-json\/wp\/v2\/posts\/66438\/revisions"}],"wp:featuredmedia":[{"embeddable":true,"href":"https:\/\/mussicom.com\/noticias\/wp-json\/wp\/v2\/media\/66439"}],"wp:attachment":[{"href":"https:\/\/mussicom.com\/noticias\/wp-json\/wp\/v2\/media?parent=66438"}],"wp:term":[{"taxonomy":"category","embeddable":true,"href":"https:\/\/mussicom.com\/noticias\/wp-json\/wp\/v2\/categories?post=66438"},{"taxonomy":"post_tag","embeddable":true,"href":"https:\/\/mussicom.com\/noticias\/wp-json\/wp\/v2\/tags?post=66438"}],"curies":[{"name":"wp","href":"https:\/\/api.w.org\/{rel}","templated":true}]}}