{"id":66422,"date":"2026-03-05T21:18:17","date_gmt":"2026-03-06T00:18:17","guid":{"rendered":"https:\/\/mussicom.com\/abertas-as-inscricoes-para-a-segunda-chamada-do-mapa-brasileiro-da-educacao-midiatica\/"},"modified":"2026-03-05T21:18:17","modified_gmt":"2026-03-06T00:18:17","slug":"abertas-as-inscricoes-para-a-segunda-chamada-do-mapa-brasileiro-da-educacao-midiatica","status":"publish","type":"post","link":"https:\/\/mussicom.com\/noticias\/abertas-as-inscricoes-para-a-segunda-chamada-do-mapa-brasileiro-da-educacao-midiatica\/","title":{"rendered":"Abertas as inscri\u00e7\u00f5es para a segunda chamada do Mapa Brasileiro da Educa\u00e7\u00e3o Midi\u00e1tica"},"content":{"rendered":"<p> <br \/>\n<\/p>\n<div id=\"texto\">\n<p>Ap\u00f3s reunir 226 iniciativas em sua primeira edi\u00e7\u00e3o, o Mapa Brasileiro da Educa\u00e7\u00e3o Midi\u00e1tica entra em uma nova fase de atualiza\u00e7\u00e3o colaborativa. Est\u00e3o abertas, at\u00e9 16 de mar\u00e7o, as inscri\u00e7\u00f5es para a inclus\u00e3o de novas experi\u00eancias e recursos que promovam o uso cr\u00edtico, respons\u00e1vel e criativo das m\u00eddias em diferentes contextos educativos.<br \/>&#13;<br \/>\n\u00a0<\/p>\n<p>Promovido pela Secretaria de Comunica\u00e7\u00e3o Social da Presid\u00eancia da Rep\u00fablica (Secom), com apoio do Governo do Reino Unido no Brasil, parceria t\u00e9cnica do Porvir e coopera\u00e7\u00e3o da Unesco Brasil. &#8220;O Mapa vem se consolidando como uma plataforma in\u00e9dita que organiza, conecta e d\u00e1 visibilidade a iniciativas voltadas \u00e0 forma\u00e7\u00e3o cr\u00edtica, \u00e0 cidadania digital e ao enfrentamento da desinforma\u00e7\u00e3o em todo o pa\u00eds&#8221;, afirma David Almansa, diretor de Direitos na Rede e Educa\u00e7\u00e3o Midi\u00e1tica da Secretaria de Comunica\u00e7\u00e3o Social da Presid\u00eancia da Rep\u00fablica.<br \/>&#13;<br \/>\n\u00a0<\/p>\n<p>&#8220;A segunda chamada \u00e9 um convite para que mais educadores, pesquisadores e organiza\u00e7\u00f5es compartilhem suas experi\u00eancias. Queremos ampliar o mapeamento de a\u00e7\u00f5es de educa\u00e7\u00e3o midi\u00e1tica no pa\u00eds, fortalecendo uma rede cada vez mais diversa, criativa e representativa&#8221;, destaca Tha\u00eds Brito, Coordenadora de Educa\u00e7\u00e3o Midi\u00e1tica da Secretaria de Comunica\u00e7\u00e3o Social da Presid\u00eancia da Rep\u00fablica.<br \/>&#13;<br \/>\n\u00a0<\/p>\n<p><strong>QUEM PODE PARTICIPAR<\/strong>\u00a0&#8211; Podem se inscrever educadores, pesquisadores, organiza\u00e7\u00f5es, escolas, governos e institui\u00e7\u00f5es que desenvolvem a\u00e7\u00f5es de educa\u00e7\u00e3o midi\u00e1tica em diferentes formatos, como pesquisas, ag\u00eancias de not\u00edcias, oficinas e cursos, cineclubes e mostras de cinema, forma\u00e7\u00e3o de professores, observat\u00f3rio de imprensa, ag\u00eancias de checagem, produtos midi\u00e1ticos, guias e materiais orientadores. As iniciativas j\u00e1 inclu\u00eddas na primeira edi\u00e7\u00e3o do Mapa permanecem na plataforma e n\u00e3o precisam ser reenviadas.<br \/>&#13;<br \/>\n\u00a0<\/p>\n<p>As inscri\u00e7\u00f5es s\u00e3o feitas por meio de um\u00a0formul\u00e1rio online. As informa\u00e7\u00f5es enviadas ser\u00e3o analisadas pela equipe t\u00e9cnica do projeto, respons\u00e1vel por avaliar as propostas e redigir os textos da nova edi\u00e7\u00e3o do Mapa, prevista para junho. Para integrar o Mapa, \u00e9 preciso preencher todas as informa\u00e7\u00f5es solicitadas no formul\u00e1rio e demonstrar que a iniciativa promove educa\u00e7\u00e3o midi\u00e1tica em uma ou mais das seguintes abordagens: an\u00e1lise cr\u00edtica da m\u00eddia, checagem de fatos, letramento algor\u00edtmico, conscientiza\u00e7\u00e3o e dissemina\u00e7\u00e3o, produ\u00e7\u00e3o de m\u00eddia e jornalismo, cidadania digital e uso seguro da internet, acesso a bens culturais ou divulga\u00e7\u00e3o cient\u00edfica.<br \/>&#13;<br \/>\n\u00a0<\/p>\n<p><strong>Um retrato vivo da educa\u00e7\u00e3o midi\u00e1tica no Brasil<\/strong><br \/>&#13;<br \/>\n\u00a0<\/p>\n<p>Lan\u00e7ado em fevereiro de 2026, o Mapa Brasileiro da Educa\u00e7\u00e3o Midi\u00e1tica re\u00fane iniciativas que fortalecem compet\u00eancias essenciais para que crian\u00e7as, jovens e adultos acessem, analisem e produzam informa\u00e7\u00f5es de forma cr\u00edtica, \u00e9tica e respons\u00e1vel.<br \/>&#13;<br \/>\n\u00a0<\/p>\n<p>A plataforma \u00e9 interativa e gratuita. As experi\u00eancias de todo o pa\u00eds est\u00e3o organizadas por filtros que permitem buscas por regi\u00e3o, tema, perfil dos projetos e metodologias. O usu\u00e1rio pode localizar iniciativas e acessar materiais adapt\u00e1veis a diferentes realidades educacionais.<br \/>&#13;<br \/>\n\u00a0<\/p>\n<p>Entre os destaques da primeira chamada est\u00e3o experi\u00eancias como:<br \/>&#13;<br \/>\n\u00a0<\/p>\n<p>&#8211;\u00a0<strong>Sa\u00fade na Floresta (PA)<\/strong>, da Rede Mocoronga de Comunica\u00e7\u00e3o Popular, que forma jovens comunicadores ribeirinhos e ind\u00edgenas ao articular sa\u00fade, educa\u00e7\u00e3o e sustentabilidade;<\/p>\n<p>&#8211;\u00a0<strong>Mostra de Cinema Infantil de Florian\u00f3polis (SC)<\/strong>, que h\u00e1 24 anos democratiza o acesso \u00e0 cultura e promove a forma\u00e7\u00e3o audiovisual de professores e estudantes;<\/p>\n<p>&#8211;\u00a0<strong>Vozes Daqui Parelheiros (SP)<\/strong>, ag\u00eancia de comunica\u00e7\u00e3o que conecta juventudes, saberes ancestrais e a\u00e7\u00f5es de reflorestamento no extremo sul de S\u00e3o Paulo;<\/p>\n<p>&#8211;\u00a0<strong>COAR Not\u00edcias (PI)<\/strong>, projeto que combate a desinforma\u00e7\u00e3o com linguagem regional e a\u00e7\u00f5es educativas em escolas e universidades;<\/p>\n<p>&#8211;<strong>\u00a0Educom.Ind\u00edgena (MT)<\/strong>, iniciativa da Unemat (Universidade do Estado de Mato Grosso) que estimula a produ\u00e7\u00e3o de podcasts e reflex\u00f5es sobre tecnologia em territ\u00f3rios ind\u00edgenas.<br \/>&#13;<br \/>\n\u00a0<\/p>\n<p><strong>A plataforma est\u00e1 dispon\u00edvel gratuitamente para acesso p\u00fablico\u00a0<\/strong><strong>neste link.<\/strong><br \/>&#13;<br \/>\n\u00a0<\/p>\n<p><strong>Servi\u00e7o<\/strong><br \/>&#13;<br \/>\n<strong>Segunda chamada do Mapa Brasileiro da Educa\u00e7\u00e3o Midi\u00e1tica<\/strong><br \/>&#13;<br \/>\n<strong>Per\u00edodo de inscri\u00e7\u00f5es:<\/strong>\u00a0at\u00e9 16 de mar\u00e7o de 2026<br \/>&#13;<br \/>\n<strong>Tempo estimado de preenchimento:<\/strong>\u00a015 minutos<br \/>&#13;<br \/>\n<strong>Link para inscri\u00e7\u00e3o:<\/strong>\u00a0bit.ly\/2mapabreducacaomidiatica<\/p>\n<p>\u00a0<\/p>\n<p><em>\u00a0Secretaria de Comunica\u00e7\u00e3o Social da Presid\u00eancia da Rep\u00fablica<\/em>\u00a0<\/p>\n<p>\u00a0<\/p>\n<\/p><\/div>\n<p><script async defer crossorigin=\"anonymous\" src=\"https:\/\/connect.facebook.net\/pt_BR\/sdk.js#xfbml=1&#038;version=v12.0&#038;appId=&#038;autoLogAppEvents=1\" nonce=\"ou0fI1lo\"><\/script><br \/>\n<br \/><br \/>\n<br \/>Fonte: <a href=\"https:\/\/www.bs9.com.br\/brasil\/abertas-as-inscricoes-para-a-segunda-chamada-do-mapa-brasileiro-da\/38003\/\">BS9<\/a><\/p>\n","protected":false},"excerpt":{"rendered":"<p>Ap\u00f3s reunir 226 iniciativas em sua primeira edi\u00e7\u00e3o, o Mapa Brasileiro da Educa\u00e7\u00e3o Midi\u00e1tica entra em uma nova fase de atualiza\u00e7\u00e3o colaborativa. Est\u00e3o abertas, at\u00e9 16 de mar\u00e7o, as inscri\u00e7\u00f5es para a inclus\u00e3o de novas experi\u00eancias e recursos que promovam o uso cr\u00edtico, respons\u00e1vel e criativo das m\u00eddias em diferentes contextos educativos.&#13; \u00a0 Promovido pela [&hellip;]<\/p>\n","protected":false},"author":5,"featured_media":66423,"comment_status":"open","ping_status":"open","sticky":false,"template":"","format":"standard","meta":{"_seopress_robots_primary_cat":"","_seopress_titles_title":"","_seopress_titles_desc":"","_seopress_robots_index":"","footnotes":""},"categories":[52],"tags":[],"class_list":["post-66422","post","type-post","status-publish","format-standard","has-post-thumbnail","hentry","category-santoseregiao"],"_links":{"self":[{"href":"https:\/\/mussicom.com\/noticias\/wp-json\/wp\/v2\/posts\/66422","targetHints":{"allow":["GET"]}}],"collection":[{"href":"https:\/\/mussicom.com\/noticias\/wp-json\/wp\/v2\/posts"}],"about":[{"href":"https:\/\/mussicom.com\/noticias\/wp-json\/wp\/v2\/types\/post"}],"author":[{"embeddable":true,"href":"https:\/\/mussicom.com\/noticias\/wp-json\/wp\/v2\/users\/5"}],"replies":[{"embeddable":true,"href":"https:\/\/mussicom.com\/noticias\/wp-json\/wp\/v2\/comments?post=66422"}],"version-history":[{"count":0,"href":"https:\/\/mussicom.com\/noticias\/wp-json\/wp\/v2\/posts\/66422\/revisions"}],"wp:featuredmedia":[{"embeddable":true,"href":"https:\/\/mussicom.com\/noticias\/wp-json\/wp\/v2\/media\/66423"}],"wp:attachment":[{"href":"https:\/\/mussicom.com\/noticias\/wp-json\/wp\/v2\/media?parent=66422"}],"wp:term":[{"taxonomy":"category","embeddable":true,"href":"https:\/\/mussicom.com\/noticias\/wp-json\/wp\/v2\/categories?post=66422"},{"taxonomy":"post_tag","embeddable":true,"href":"https:\/\/mussicom.com\/noticias\/wp-json\/wp\/v2\/tags?post=66422"}],"curies":[{"name":"wp","href":"https:\/\/api.w.org\/{rel}","templated":true}]}}