{"id":66393,"date":"2026-03-05T19:14:20","date_gmt":"2026-03-05T22:14:20","guid":{"rendered":"https:\/\/mussicom.com\/carreta-para-na-pista-e-trava-descida-pela-anchieta\/"},"modified":"2026-03-05T19:14:20","modified_gmt":"2026-03-05T22:14:20","slug":"carreta-para-na-pista-e-trava-descida-pela-anchieta","status":"publish","type":"post","link":"https:\/\/mussicom.com\/noticias\/carreta-para-na-pista-e-trava-descida-pela-anchieta\/","title":{"rendered":"Carreta para na pista e &#8216;trava&#8217; descida pela Anchieta"},"content":{"rendered":"<p> <br \/>\n<\/p>\n<div>\n<p>Uma carreta com problemas mec\u00e2nicos provocou um grande congestionamento na Rodovia Anchieta, sentido Litoral, nesta quinta-feira (5).<\/p>\n<p>Segundo a Ag\u00eancia Reguladora de Transportes do Estado (Artesp), a carreta trafegava no sentido Sul pela SP-150, quando no Km 46, trecho de serra, o ve\u00edculo apresentou pane mec\u00e2nica. O condutor parou sobre a faixa de rolamento.<\/p>\n<p>Com apenas uma faixa no trecho, o tr\u00e1fego ficou congestionado por 13 km, do Km 33 at\u00e9 o local onde a carreta parou. Por volta das 18h a Ecovias, empresa que administra o Sistema Anchieta-Imigrantes (SAI) implantou a Opera\u00e7\u00e3o 7\u00d73, com as duas pistas da Anchieta e a Pista Sul da Imigrantes voltadas para a descida da serra e a subida sendo realizada somente pela Pista Norte da Imigrantes.<\/p>\n<\/div>\n<p><br \/>\n<br \/>Fonte: <a href=\"https:\/\/jornaldaorla.com.br\/noticias\/carreta-para-na-pista-e-trava-descida-pela-anchieta\/\">Jornal Da Orla<\/a><\/p>\n","protected":false},"excerpt":{"rendered":"<p>Uma carreta com problemas mec\u00e2nicos provocou um grande congestionamento na Rodovia Anchieta, sentido Litoral, nesta quinta-feira (5). Segundo a Ag\u00eancia Reguladora de Transportes do Estado (Artesp), a carreta trafegava no sentido Sul pela SP-150, quando no Km 46, trecho de serra, o ve\u00edculo apresentou pane mec\u00e2nica. O condutor parou sobre a faixa de rolamento. Com [&hellip;]<\/p>\n","protected":false},"author":5,"featured_media":66394,"comment_status":"open","ping_status":"open","sticky":false,"template":"","format":"standard","meta":{"_seopress_robots_primary_cat":"","_seopress_titles_title":"","_seopress_titles_desc":"","_seopress_robots_index":"","footnotes":""},"categories":[52],"tags":[],"class_list":["post-66393","post","type-post","status-publish","format-standard","has-post-thumbnail","hentry","category-santoseregiao"],"_links":{"self":[{"href":"https:\/\/mussicom.com\/noticias\/wp-json\/wp\/v2\/posts\/66393","targetHints":{"allow":["GET"]}}],"collection":[{"href":"https:\/\/mussicom.com\/noticias\/wp-json\/wp\/v2\/posts"}],"about":[{"href":"https:\/\/mussicom.com\/noticias\/wp-json\/wp\/v2\/types\/post"}],"author":[{"embeddable":true,"href":"https:\/\/mussicom.com\/noticias\/wp-json\/wp\/v2\/users\/5"}],"replies":[{"embeddable":true,"href":"https:\/\/mussicom.com\/noticias\/wp-json\/wp\/v2\/comments?post=66393"}],"version-history":[{"count":0,"href":"https:\/\/mussicom.com\/noticias\/wp-json\/wp\/v2\/posts\/66393\/revisions"}],"wp:featuredmedia":[{"embeddable":true,"href":"https:\/\/mussicom.com\/noticias\/wp-json\/wp\/v2\/media\/66394"}],"wp:attachment":[{"href":"https:\/\/mussicom.com\/noticias\/wp-json\/wp\/v2\/media?parent=66393"}],"wp:term":[{"taxonomy":"category","embeddable":true,"href":"https:\/\/mussicom.com\/noticias\/wp-json\/wp\/v2\/categories?post=66393"},{"taxonomy":"post_tag","embeddable":true,"href":"https:\/\/mussicom.com\/noticias\/wp-json\/wp\/v2\/tags?post=66393"}],"curies":[{"name":"wp","href":"https:\/\/api.w.org\/{rel}","templated":true}]}}