{"id":66263,"date":"2026-03-05T07:05:17","date_gmt":"2026-03-05T10:05:17","guid":{"rendered":"https:\/\/mussicom.com\/embrapa-e-governo-do-parana-assinam-carta-de-intencoes-para-inovar-cadeia-produtiva-da-soja\/"},"modified":"2026-03-05T07:05:17","modified_gmt":"2026-03-05T10:05:17","slug":"embrapa-e-governo-do-parana-assinam-carta-de-intencoes-para-inovar-cadeia-produtiva-da-soja","status":"publish","type":"post","link":"https:\/\/mussicom.com\/noticias\/embrapa-e-governo-do-parana-assinam-carta-de-intencoes-para-inovar-cadeia-produtiva-da-soja\/","title":{"rendered":"Embrapa e Governo do Paran\u00e1 assinam carta de inten\u00e7\u00f5es para inovar cadeia produtiva da soja"},"content":{"rendered":"<p> <br \/>\n<\/p>\n<div>\n<p style=\"text-align:justify\">A Empresa Brasileira de Pesquisa Agropecu\u00e1ria (Embrapa) e o Governo do Estado do Paran\u00e1, por interm\u00e9dio da Secretaria de Inova\u00e7\u00e3o e Intelig\u00eancia Artificial e da Funda\u00e7\u00e3o Arauc\u00e1ria, assinam a carta de inten\u00e7\u00f5es Estrat\u00e9gia para Inova\u00e7\u00e3o, Bioeconomia e Transi\u00e7\u00e3o Energ\u00e9tica na Cadeia da Soja, nesta sexta-feira (06), \u00e0s 8h, no Audit\u00f3rio da Embrapa Soja, em Londrina (Paran\u00e1), durante a abertura do Dia de Campo de Ver\u00e3o da Embrapa Soja.\u00a0&#13;\n<\/p>\n<p style=\"text-align:justify\">A parceria estrat\u00e9gica tem como foco fortalecer a integra\u00e7\u00e3o entre pesquisa cient\u00edfica, desenvolvimento tecnol\u00f3gico e pol\u00edticas p\u00fablicas voltadas ao agroneg\u00f3cio sustent\u00e1vel. A carta de inten\u00e7\u00f5es estabelece diretrizes para a estrutura\u00e7\u00e3o de um programa de pesquisa, desenvolvimento e inova\u00e7\u00e3o, a ser conduzido pela Embrapa, com aporte de R$ 5 milh\u00f5es, pelo Governo do Estado do Paran\u00e1, por meio da Funda\u00e7\u00e3o Arauc\u00e1ria.\u00a0<\/p>\n<p style=\"text-align:justify\">A solenidade contar\u00e1 com a participa\u00e7\u00e3o da presidente da Embrapa, Silvia Massruh\u00e1 (em formato remoto), do secret\u00e1rio de Inova\u00e7\u00e3o e Intelig\u00eancia Artificial do Paran\u00e1, Alex Canziani, do chefe-geral da Embrapa Soja Alexandre Nepomuceno e da assessora de Rela\u00e7\u00f5es Institucionais e Inova\u00e7\u00e3o da Funda\u00e7\u00e3o Arauc\u00e1ria Cristianne Cordeiro.\u00a0&#13;\n<\/p>\n<p style=\"text-align:justify\">&#8220;Essa parceria com a Embrapa coloca o Paran\u00e1 na fronteira da bioeconomia global. O aporte n\u00e3o \u00e9 apenas um investimento em pesquisa, mas um salto de competitividade para o nosso produtor. Queremos transformar a soja paranaense em tecnologia de alto valor, unindo sustentabilidade, intelig\u00eancia e novos mercados\u201d, afirma o secret\u00e1rio da Inova\u00e7\u00e3o e Intelig\u00eancia Artificial, Alex Canziani.<\/p>\n<p style=\"text-align:justify\">O programa est\u00e1 estruturado em quatro eixoscentrais: 1) Desenvolvimento de cultivares de soja com perfis proteicos e de \u00f3leo diferenciados, 2) Perfil diferenciado de amino\u00e1cidos na prote\u00edna da soja para maior efici\u00eancia de convers\u00e3o alimentar, ganho de peso e redu\u00e7\u00e3o de custos na produ\u00e7\u00e3o de carnes 3) Biocombust\u00edveis avan\u00e7ados: desenvolvimento decultivares de soja com perfil de \u00e1cidos graxos com maior qualidade para a produ\u00e7\u00e3o de biocombust\u00edveis e 4) Perfil para novos usos do \u00f3leo de soja, como lubrificantes, asfalto, materiais vulcanizados para fabrica\u00e7\u00e3o de sapatos, correias de m\u00e1quinas, entre outros.&#13;\n<\/p>\n<p style=\"text-align:justify\">&#8220;A soja representa um dos pilares da economia brasileira e paranaense e, por isso, precisamos avan\u00e7ar para uma nova gera\u00e7\u00e3o de produtos, processos e aplica\u00e7\u00f5es industriais de base biol\u00f3gica&#8221;, afirma Nepomuceno. &#8220;\u00c9 essencial fortalecer a competitividade do setor, promover agrega\u00e7\u00e3o de valor, estimular a bioeconomia e contribuir para a transi\u00e7\u00e3o energ\u00e9tica e a descarboniza\u00e7\u00e3o&#8221;, enfatiza o chefe da Embrapa SojaAlexandre Nepomuceno.<\/p>\n<p style=\"text-align:justify\">SERVI\u00c7O\u00a0<\/p>\n<p style=\"text-align:justify\">Dia de campo de Ver\u00e3o da Embrapa Soja: assinatura de carta de inten\u00e7\u00f5es: Estrat\u00e9gica para Inova\u00e7\u00e3o, Bioeconomia e Transi\u00e7\u00e3o Energ\u00e9tica na Cadeia da Soja\u00a0<\/p>\n<p style=\"text-align:justify\">Data: 06 de mar\u00e7o<\/p>\n<p style=\"text-align:justify\">Hor\u00e1rio: 8h<\/p>\n<p style=\"text-align:justify\">Local:\u00a0 Audit\u00f3rio da Embrapa Soja \u2013 rod Carlos Jo\u00e3o Strass, acesso Orlando Amaral, Londrina (PR)<\/p>\n<p style=\"text-align:justify\">Informa\u00e7\u00f5es \u00e0 Imprensa<\/p>\n<p style=\"text-align:justify\">Secretaria de Estado da Inova\u00e7\u00e3o e Intelig\u00eancia Artificial<\/p>\n<p style=\"text-align:justify\">Daniel Malucelli (41) 3200-5398<\/p>\n<p style=\"text-align:justify\">Embrapa Soja<\/p>\n<p style=\"text-align:justify\">Lebna Landgraf (43) 3371-6061 [email\u00a0protected]<\/p>\n<\/p><\/div>\n<p><script data-cfasync=\"false\">\n    !function (f, b, e, v, n, t, s) {\n        if (f.fbq) return; n = f.fbq = function () {\n            n.callMethod ?\n                n.callMethod.apply(n, arguments) : n.queue.push(arguments)\n        };\n        if (!f._fbq) f._fbq = n; n.push = n; n.loaded = !0; n.version = '2.0';\n        n.queue = []; t = b.createElement(e); t.async = !0;\n        t.src = v; s = b.getElementsByTagName(e)[0];\n        s.parentNode.insertBefore(t, s)\n    }(window, document, 'script',\n        'https:\/\/connect.facebook.net\/en_US\/fbevents.js');\n    fbq('init', '522546078623747');\n    fbq('track', 'PageView');\n<\/script><br \/>\n<br \/><br \/>\n<br \/>Fonte: <a href=\"https:\/\/www.agrolink.com.br\/noticias\/embrapa-e-governo-do-parana-assinam-carta-de-intencoes-para-inovar-cadeia-produtiva-da-soja_511620.html\">AGROLINK<\/a><\/p>\n","protected":false},"excerpt":{"rendered":"<p>A Empresa Brasileira de Pesquisa Agropecu\u00e1ria (Embrapa) e o Governo do Estado do Paran\u00e1, por interm\u00e9dio da Secretaria de Inova\u00e7\u00e3o e Intelig\u00eancia Artificial e da Funda\u00e7\u00e3o Arauc\u00e1ria, assinam a carta de inten\u00e7\u00f5es Estrat\u00e9gia para Inova\u00e7\u00e3o, Bioeconomia e Transi\u00e7\u00e3o Energ\u00e9tica na Cadeia da Soja, nesta sexta-feira (06), \u00e0s 8h, no Audit\u00f3rio da Embrapa Soja, em Londrina [&hellip;]<\/p>\n","protected":false},"author":5,"featured_media":35890,"comment_status":"open","ping_status":"open","sticky":false,"template":"","format":"standard","meta":{"_seopress_robots_primary_cat":"","_seopress_titles_title":"","_seopress_titles_desc":"","_seopress_robots_index":"","footnotes":""},"categories":[53],"tags":[],"class_list":["post-66263","post","type-post","status-publish","format-standard","has-post-thumbnail","hentry","category-agronegocio"],"_links":{"self":[{"href":"https:\/\/mussicom.com\/noticias\/wp-json\/wp\/v2\/posts\/66263","targetHints":{"allow":["GET"]}}],"collection":[{"href":"https:\/\/mussicom.com\/noticias\/wp-json\/wp\/v2\/posts"}],"about":[{"href":"https:\/\/mussicom.com\/noticias\/wp-json\/wp\/v2\/types\/post"}],"author":[{"embeddable":true,"href":"https:\/\/mussicom.com\/noticias\/wp-json\/wp\/v2\/users\/5"}],"replies":[{"embeddable":true,"href":"https:\/\/mussicom.com\/noticias\/wp-json\/wp\/v2\/comments?post=66263"}],"version-history":[{"count":0,"href":"https:\/\/mussicom.com\/noticias\/wp-json\/wp\/v2\/posts\/66263\/revisions"}],"wp:featuredmedia":[{"embeddable":true,"href":"https:\/\/mussicom.com\/noticias\/wp-json\/wp\/v2\/media\/35890"}],"wp:attachment":[{"href":"https:\/\/mussicom.com\/noticias\/wp-json\/wp\/v2\/media?parent=66263"}],"wp:term":[{"taxonomy":"category","embeddable":true,"href":"https:\/\/mussicom.com\/noticias\/wp-json\/wp\/v2\/categories?post=66263"},{"taxonomy":"post_tag","embeddable":true,"href":"https:\/\/mussicom.com\/noticias\/wp-json\/wp\/v2\/tags?post=66263"}],"curies":[{"name":"wp","href":"https:\/\/api.w.org\/{rel}","templated":true}]}}