{"id":66228,"date":"2026-03-05T01:46:43","date_gmt":"2026-03-05T04:46:43","guid":{"rendered":"https:\/\/mussicom.com\/mendonca-alinha-stf-e-pf-no-caso\/"},"modified":"2026-03-05T01:46:43","modified_gmt":"2026-03-05T04:46:43","slug":"mendonca-alinha-stf-e-pf-no-caso","status":"publish","type":"post","link":"https:\/\/mussicom.com\/noticias\/mendonca-alinha-stf-e-pf-no-caso\/","title":{"rendered":"Mendon\u00e7a alinha STF e PF no caso"},"content":{"rendered":"<p> <br \/>\n<\/p>\n<div id=\"tp-post-content\">\n<p class=\"postParagraph_post-paragraph__juWZN postParagraph_post-paragraph-innerHtml__Q5vwc\">O ministro Andr\u00e9 Mendon\u00e7a, do STF, determinou nesta quarta-feira (4) a nova pris\u00e3o do banqueiro Daniel Vorcaro durante a Opera\u00e7\u00e3o Compliance Zero. A decis\u00e3o marca uma mudan\u00e7a de postura no caso Master, alinhando o tribunal \u00e0 Pol\u00edcia Federal ap\u00f3s a descoberta de graves amea\u00e7as contra jornalistas.<\/p>\n<h2 class=\"postParagraph_post-paragraph__juWZN postParagraph_post-paragraph-innerHtml__Q5vwc postParagraph_type-tag-h2__TtFkT\">Quais fatos levaram \u00e0 nova decis\u00e3o de pris\u00e3o contra o banqueiro?<\/h2>\n<p class=\"postParagraph_post-paragraph__juWZN postParagraph_post-paragraph-innerHtml__Q5vwc\">A investiga\u00e7\u00e3o da Pol\u00edcia Federal revelou que Daniel Vorcaro autorizou planos de viol\u00eancia f\u00edsica contra ex-funcion\u00e1rios e o jornalista Lauro Jardim. Mensagens captadas mostram o uso de uma &#8216;mil\u00edcia privada&#8217; para monitorar autoridades e obter informa\u00e7\u00f5es sigilosas em \u00f3rg\u00e3os como o Minist\u00e9rio P\u00fablico, a Interpol e o FBI. Diante do risco \u00e0 integridade f\u00edsica de cidad\u00e3os e do poss\u00edvel desvio de ativos bilion\u00e1rios, o ministro Andr\u00e9 Mendon\u00e7a considerou a medida urgente e necess\u00e1ria.<\/p>\n<h2 class=\"postParagraph_post-paragraph__juWZN postParagraph_post-paragraph-innerHtml__Q5vwc postParagraph_type-tag-h2__TtFkT\">Como est\u00e1 a rela\u00e7\u00e3o entre Andr\u00e9 Mendon\u00e7a, a PF e a PGR nesse caso?<\/h2>\n<p class=\"postParagraph_post-paragraph__juWZN postParagraph_post-paragraph-innerHtml__Q5vwc\">Atualmente, existe um forte alinhamento entre o ministro e os investigadores da Pol\u00edcia Federal, enquanto a Procuradoria-Geral da Rep\u00fablica (PGR) ficou isolada. Mendon\u00e7a criticou abertamente a PGR por n\u00e3o apoiar as pris\u00f5es, afirmando que o \u00f3rg\u00e3o ignorou evid\u00eancias fartas de crimes iminentes. Para garantir a seguran\u00e7a das informa\u00e7\u00f5es, o ministro tamb\u00e9m restringiu o acesso aos relat\u00f3rios, evitando que vazamentos ocorram por meio de superiores hier\u00e1rquicos.<\/p>\n<h2 class=\"postParagraph_post-paragraph__juWZN postParagraph_post-paragraph-innerHtml__Q5vwc postParagraph_type-tag-h2__TtFkT\">O que mudou na condu\u00e7\u00e3o do processo desde a sa\u00edda de Dias Toffoli?<\/h2>\n<p class=\"postParagraph_post-paragraph__juWZN postParagraph_post-paragraph-innerHtml__Q5vwc\">A condu\u00e7\u00e3o mudou drasticamente. Sob a relatoria anterior de Dias Toffoli, a PF via com desconfian\u00e7a medidas consideradas &#8216;heterodoxas&#8217;, como o lacre de aparelhos apreendidos e o direcionamento de depoimentos. Toffoli deixou o caso ap\u00f3s a revela\u00e7\u00e3o de rela\u00e7\u00f5es suspeitas com Vorcaro. J\u00e1 Mendon\u00e7a agiu com rigor contra o que chamou de &#8216;mil\u00edcia privada&#8217; e afastou servidores do Banco Central suspeitos de corrup\u00e7\u00e3o, trazendo mais confian\u00e7a aos agentes que atuam na ponta da investiga\u00e7\u00e3o.<\/p>\n<h2 class=\"postParagraph_post-paragraph__juWZN postParagraph_post-paragraph-innerHtml__Q5vwc postParagraph_type-tag-h2__TtFkT\">O que acontece com os investigados a partir de agora?<\/h2>\n<p class=\"postParagraph_post-paragraph__juWZN postParagraph_post-paragraph-innerHtml__Q5vwc\">Os presos foram enviados para penitenci\u00e1rias estaduais, sinalizando que a cust\u00f3dia deve ser prolongada. O ministro proibiu que ju\u00edzes de inst\u00e2ncias inferiores soltem os investigados durante as audi\u00eancias de cust\u00f3dia, centralizando essa decis\u00e3o em suas m\u00e3os no STF. Al\u00e9m disso, a Segunda Turma do Tribunal deve julgar na pr\u00f3xima semana se mant\u00e9m ou reverte essas pris\u00f5es, o que aumenta a press\u00e3o para que os envolvidos busquem acordos de dela\u00e7\u00e3o premiada.<\/p>\n<p class=\"postParagraph_post-paragraph__juWZN postParagraph_post-paragraph-innerHtml__Q5vwc\"><i>Conte\u00fado produzido a partir de informa\u00e7\u00f5es apuradas pela equipe de rep\u00f3rteres da Gazeta do Povo. Para acessar a informa\u00e7\u00e3o na \u00edntegra e se aprofundar sobre o tema leia a reportagem abaixo.<\/i><\/p>\n<div class=\"postViewMore_post-view-more-container___5wai\" data-mrf-recirculation=\"Post - Veja tamb\u00e9m\">\n<p class=\"gp-styles-module-size-small-afeYRa gp-styles-module-font-family2-afeYRa gp-styles-module-color-secondary-afeYRa gp-styles-module-weight-bold-afeYRa\">VEJA TAMB\u00c9M:<\/p>\n<ul class=\"postViewMore_post-view-more-list__CU_CE\">\n<li class=\"postViewMore_post-view-more-item__2MzRb\"><span class=\"postViewMore_post-view-more-link-icon___stPC\"><svg xmlns=\"http:\/\/www.w3.org\/2000\/svg\" width=\"16\" height=\"16\" viewbox=\"0 0 16 16\"><rect width=\"16\" height=\"16\" fill=\"none\"\/><g transform=\"translate(3 3)\"><path d=\"M22.5,15l3.4,3.4-3.4,3.4\" transform=\"translate(-15.896 -11.793)\" fill=\"none\" stroke=\"#717171\" stroke-linecap=\"round\" stroke-width=\"1.4\"\/><path d=\"M6,6v4.2a2.452,2.452,0,0,0,2.5,2.4H16\" transform=\"translate(-6 -6)\" fill=\"none\" stroke=\"#717171\" stroke-linecap=\"round\" stroke-width=\"1.4\"\/><\/g><\/svg><\/span><span class=\"postViewMore_post-view-more-link-text__hO_kM\">Nova pris\u00e3o de Vorcaro mostra Andr\u00e9 Mendon\u00e7a alinhado com PF e PGR isolada<\/span><\/li>\n<\/ul>\n<\/div>\n<\/div>\n<p><br \/>\n<br \/>Fonte: <a href=\"https:\/\/www.gazetadopovo.com.br\/republica\/quem-e-daniel-vorcaro-e-por-que-o-ministro-andre-mendonca-ordenou-sua-prisao\/\">Revista Oeste<\/a><\/p>\n","protected":false},"excerpt":{"rendered":"<p>O ministro Andr\u00e9 Mendon\u00e7a, do STF, determinou nesta quarta-feira (4) a nova pris\u00e3o do banqueiro Daniel Vorcaro durante a Opera\u00e7\u00e3o Compliance Zero. A decis\u00e3o marca uma mudan\u00e7a de postura no caso Master, alinhando o tribunal \u00e0 Pol\u00edcia Federal ap\u00f3s a descoberta de graves amea\u00e7as contra jornalistas. Quais fatos levaram \u00e0 nova decis\u00e3o de pris\u00e3o contra [&hellip;]<\/p>\n","protected":false},"author":5,"featured_media":66229,"comment_status":"open","ping_status":"open","sticky":false,"template":"","format":"standard","meta":{"_seopress_robots_primary_cat":"","_seopress_titles_title":"","_seopress_titles_desc":"","_seopress_robots_index":"","footnotes":""},"categories":[1],"tags":[],"class_list":["post-66228","post","type-post","status-publish","format-standard","has-post-thumbnail","hentry","category-ultimas-noticias"],"_links":{"self":[{"href":"https:\/\/mussicom.com\/noticias\/wp-json\/wp\/v2\/posts\/66228","targetHints":{"allow":["GET"]}}],"collection":[{"href":"https:\/\/mussicom.com\/noticias\/wp-json\/wp\/v2\/posts"}],"about":[{"href":"https:\/\/mussicom.com\/noticias\/wp-json\/wp\/v2\/types\/post"}],"author":[{"embeddable":true,"href":"https:\/\/mussicom.com\/noticias\/wp-json\/wp\/v2\/users\/5"}],"replies":[{"embeddable":true,"href":"https:\/\/mussicom.com\/noticias\/wp-json\/wp\/v2\/comments?post=66228"}],"version-history":[{"count":0,"href":"https:\/\/mussicom.com\/noticias\/wp-json\/wp\/v2\/posts\/66228\/revisions"}],"wp:featuredmedia":[{"embeddable":true,"href":"https:\/\/mussicom.com\/noticias\/wp-json\/wp\/v2\/media\/66229"}],"wp:attachment":[{"href":"https:\/\/mussicom.com\/noticias\/wp-json\/wp\/v2\/media?parent=66228"}],"wp:term":[{"taxonomy":"category","embeddable":true,"href":"https:\/\/mussicom.com\/noticias\/wp-json\/wp\/v2\/categories?post=66228"},{"taxonomy":"post_tag","embeddable":true,"href":"https:\/\/mussicom.com\/noticias\/wp-json\/wp\/v2\/tags?post=66228"}],"curies":[{"name":"wp","href":"https:\/\/api.w.org\/{rel}","templated":true}]}}