{"id":66194,"date":"2026-03-04T22:43:57","date_gmt":"2026-03-05T01:43:57","guid":{"rendered":"https:\/\/mussicom.com\/camara-aprova-pec-da-seguranca-publica-sem-reducao-da-maioridade-penal\/"},"modified":"2026-03-04T22:43:57","modified_gmt":"2026-03-05T01:43:57","slug":"camara-aprova-pec-da-seguranca-publica-sem-reducao-da-maioridade-penal","status":"publish","type":"post","link":"https:\/\/mussicom.com\/noticias\/camara-aprova-pec-da-seguranca-publica-sem-reducao-da-maioridade-penal\/","title":{"rendered":"C\u00e2mara aprova PEC da Seguran\u00e7a P\u00fablica sem redu\u00e7\u00e3o da maioridade penal"},"content":{"rendered":"<p> <br \/>\n<\/p>\n<div id=\"tp-post-content\">\n<p class=\"postParagraph_post-paragraph__juWZN postParagraph_post-paragraph-innerHtml__Q5vwc\">A C\u00e2mara dos Deputados aprovou a PEC da Seguran\u00e7a P\u00fablica. A proposta de emenda \u00e0 Constitui\u00e7\u00e3o sofreu emendas e, agora, ir\u00e1 ao Senado Federal. Entre as altera\u00e7\u00f5es, houve um acordo entre a oposi\u00e7\u00e3o e o governo para que fosse retirado do texto a redu\u00e7\u00e3o da maioridade penal de 18 para 16 anos. Em troca da redu\u00e7\u00e3o, os governistas admitiram o avan\u00e7o nas vota\u00e7\u00f5es na noite desta ter\u00e7a-feira (4).<\/p>\n<p class=\"postParagraph_post-paragraph__juWZN postParagraph_post-paragraph-innerHtml__Q5vwc\">O governo, por\u00e9m, sofreu uma derrota ao ver retirada do texto a proposta de reformula\u00e7\u00e3o da Pol\u00edcia Rodovi\u00e1ria Federal (PRF), que se tornaria Pol\u00edcia Vi\u00e1ria Federal, com jurisdi\u00e7\u00e3o tamb\u00e9m em hidrovias.<\/p>\n<p class=\"postParagraph_post-paragraph__juWZN postParagraph_post-paragraph-innerHtml__Q5vwc\">A vers\u00e3o original foi apresentada pelo ex-ministro da Justi\u00e7a e Seguran\u00e7a P\u00fablica Ricardo Lewandowski. Na C\u00e2mara, por\u00e9m, ela passou por altera\u00e7\u00f5es consolidadas pelo relator, deputado federal Mendon\u00e7a Filho (Uni\u00e3o-PE). O presidente da Casa, Hugo Motta (Republicanos-PB), destacou as articula\u00e7\u00f5es de Mendon\u00e7a Filho em busca do consenso, al\u00e9m das audi\u00eancias p\u00fablicas realizadas. A nova vers\u00e3o criou o crime de &#8220;organiza\u00e7\u00e3o criminosa de alta periculosidade&#8221;, inspirada no PL antifac\u00e7\u00e3o, para dar tratamento mais r\u00edgido a mil\u00edcias e fac\u00e7\u00f5es.<\/p>\n<div class=\"postViewMore_post-view-more-container___5wai\" data-mrf-recirculation=\"Post - Veja tamb\u00e9m\">\n<p class=\"gp-styles-module-size-small-afeYRa gp-styles-module-font-family2-afeYRa gp-styles-module-color-secondary-afeYRa gp-styles-module-weight-bold-afeYRa\">VEJA TAMB\u00c9M:<\/p>\n<ul class=\"postViewMore_post-view-more-list__CU_CE\">\n<li class=\"postViewMore_post-view-more-item__2MzRb\">\n<div class=\"postViewMore_post-view-more-image__5gUSe\"><picture class=\"imageDefault_image-container__XGd8_\"><\/picture><\/div>\n<p>Motta leva PEC da Seguran\u00e7a ao plen\u00e1rio e retira redu\u00e7\u00e3o da maioridade penal<\/li>\n<\/ul>\n<\/div>\n<p class=\"postParagraph_post-paragraph__juWZN postParagraph_post-paragraph-innerHtml__Q5vwc\">Ap\u00f3s a promulga\u00e7\u00e3o, ficar\u00e1 criada uma integra\u00e7\u00e3o entre os \u00f3rg\u00e3os estaduais, mediada pelo Sistema \u00danico de Seguran\u00e7a P\u00fablica (Susp), al\u00e9m do aumento de penas para os crimes de estupro, feminic\u00eddio e estupro de vulner\u00e1vel.<\/p>\n<p class=\"postParagraph_post-paragraph__juWZN postParagraph_post-paragraph-innerHtml__Q5vwc\">A deputada federal Fernanda Melchionna (PSOL-RS) foi contra o texto final, por entender que ele \u00e9 gen\u00e9rico e permite &#8220;a persegui\u00e7\u00e3o de lideran\u00e7as sociais&#8221; ao dispor que, ao utilizar de viol\u00eancia ou grave amea\u00e7a, os condenados por organiza\u00e7\u00e3o criminosa dever\u00e3o ir a penitenci\u00e1rias de seguran\u00e7a m\u00e1xima, com o direito \u00e0 progress\u00e3o de pena restringido.<\/p>\n<p class=\"postParagraph_post-paragraph__juWZN postParagraph_post-paragraph-innerHtml__Q5vwc\">A federa\u00e7\u00e3o formada pelo PSOL e pela Rede orientou que seus parlamentares votassem contra. De acordo com o l\u00edder, deputado federal Tarc\u00edsio Motta (PSOL-RJ), &#8220;uma sa\u00edda punitivista e encarceradora, na atual realidade socioecon\u00f4mica brasileira, vai levar ao encarceramento da juventude pobre, negra, das favelas e periferias brasileiras&#8221;.<\/p>\n<p class=\"postParagraph_post-paragraph__juWZN postParagraph_post-paragraph-innerHtml__Q5vwc\">Ao defender o protagonismo do governo na PEC, a deputada federal Maria do Ros\u00e1rio (PT-RS) utilizou o posicionamento contr\u00e1rio do PT \u00e0 reforma da Previd\u00eancia, alegando que a medida afetou diretamente os profissionais de seguran\u00e7a p\u00fablica.<\/p>\n<\/div>\n<p><br \/>\n<br \/>Fonte: <a href=\"https:\/\/www.gazetadopovo.com.br\/republica\/camara-aprova-pec-da-seguranca-publica-sem-reducao-da-maioridade-penal\/\">Revista Oeste<\/a><\/p>\n","protected":false},"excerpt":{"rendered":"<p>A C\u00e2mara dos Deputados aprovou a PEC da Seguran\u00e7a P\u00fablica. A proposta de emenda \u00e0 Constitui\u00e7\u00e3o sofreu emendas e, agora, ir\u00e1 ao Senado Federal. Entre as altera\u00e7\u00f5es, houve um acordo entre a oposi\u00e7\u00e3o e o governo para que fosse retirado do texto a redu\u00e7\u00e3o da maioridade penal de 18 para 16 anos. Em troca da [&hellip;]<\/p>\n","protected":false},"author":5,"featured_media":66195,"comment_status":"open","ping_status":"open","sticky":false,"template":"","format":"standard","meta":{"_seopress_robots_primary_cat":"","_seopress_titles_title":"","_seopress_titles_desc":"","_seopress_robots_index":"","footnotes":""},"categories":[1],"tags":[],"class_list":["post-66194","post","type-post","status-publish","format-standard","has-post-thumbnail","hentry","category-ultimas-noticias"],"_links":{"self":[{"href":"https:\/\/mussicom.com\/noticias\/wp-json\/wp\/v2\/posts\/66194","targetHints":{"allow":["GET"]}}],"collection":[{"href":"https:\/\/mussicom.com\/noticias\/wp-json\/wp\/v2\/posts"}],"about":[{"href":"https:\/\/mussicom.com\/noticias\/wp-json\/wp\/v2\/types\/post"}],"author":[{"embeddable":true,"href":"https:\/\/mussicom.com\/noticias\/wp-json\/wp\/v2\/users\/5"}],"replies":[{"embeddable":true,"href":"https:\/\/mussicom.com\/noticias\/wp-json\/wp\/v2\/comments?post=66194"}],"version-history":[{"count":0,"href":"https:\/\/mussicom.com\/noticias\/wp-json\/wp\/v2\/posts\/66194\/revisions"}],"wp:featuredmedia":[{"embeddable":true,"href":"https:\/\/mussicom.com\/noticias\/wp-json\/wp\/v2\/media\/66195"}],"wp:attachment":[{"href":"https:\/\/mussicom.com\/noticias\/wp-json\/wp\/v2\/media?parent=66194"}],"wp:term":[{"taxonomy":"category","embeddable":true,"href":"https:\/\/mussicom.com\/noticias\/wp-json\/wp\/v2\/categories?post=66194"},{"taxonomy":"post_tag","embeddable":true,"href":"https:\/\/mussicom.com\/noticias\/wp-json\/wp\/v2\/tags?post=66194"}],"curies":[{"name":"wp","href":"https:\/\/api.w.org\/{rel}","templated":true}]}}