{"id":66188,"date":"2026-03-04T21:52:16","date_gmt":"2026-03-05T00:52:16","guid":{"rendered":"https:\/\/mussicom.com\/projeto-trancando-futuros-e-lancado-em-sao-paulo-para-capacitar-mil-trancistas\/"},"modified":"2026-03-04T21:52:16","modified_gmt":"2026-03-05T00:52:16","slug":"projeto-trancando-futuros-e-lancado-em-sao-paulo-para-capacitar-mil-trancistas","status":"publish","type":"post","link":"https:\/\/mussicom.com\/noticias\/projeto-trancando-futuros-e-lancado-em-sao-paulo-para-capacitar-mil-trancistas\/","title":{"rendered":"Projeto &#8220;Tran\u00e7ando Futuros&#8221; \u00e9 lan\u00e7ado em S\u00e3o Paulo para capacitar mil trancistas"},"content":{"rendered":"<p> <br \/>\n<\/p>\n<div id=\"texto\">\n<p>A Universidade Zumbi dos Palmares, em parceria com o Minist\u00e9rio do Empreendedorismo, da Microempresa e da Empresa de Pequeno Porte (MEMP) e a Universidade Federal de S\u00e3o Paulo (Unifesp), oficializa o lan\u00e7amento do projeto &#8220;Tran\u00e7ando Futuros&#8221; no dia 5 de mar\u00e7o, \u00e0s 19h30. O evento, realizado no Sal\u00e3o Nobre da Universidade Zumbi dos Palmares, marca o in\u00edcio de uma iniciativa estrat\u00e9gica de forma\u00e7\u00e3o profissional e qualifica\u00e7\u00e3o empreendedora voltada ao setor da beleza negra.<\/p>\n<p>Realizado pelo MEMP e coordenado pela Secretaria Nacional de Ambiente de Neg\u00f3cios (SANE), o projeto busca promover autonomia financeira e valoriza\u00e7\u00e3o cultural da popula\u00e7\u00e3o, majoritariamente feminina e negra, em situa\u00e7\u00e3o vulner\u00e1vel. A presen\u00e7a do ministro do Empreendedorismo, M\u00e1rcio Fran\u00e7a, no lan\u00e7amento, refor\u00e7a o apoio governamental \u00e0 coopera\u00e7\u00e3o entre Minist\u00e9rio e institui\u00e7\u00f5es de ensino. A a\u00e7\u00e3o visa garantir renda est\u00e1vel aos participantes, propondo um novo modelo de pol\u00edtica social focado na integra\u00e7\u00e3o ao mercado de trabalho.<\/p>\n<p>O secret\u00e1rio Nacional de Ambiente de Neg\u00f3cios, Maur\u00edcio Juvenal, refor\u00e7a que o projeto \u00e9 pilar fundamental na constru\u00e7\u00e3o de cen\u00e1rio empreendedor mais inclusivo. Ele destaca que a iniciativa vai al\u00e9m do ensino t\u00e9cnico, e foca no fortalecimento do empreendedorismo feminino e negro como motores da economia regional. &#8220;Tran\u00e7ando Futuros&#8221; tem como meta formar mil profissionais trancistas ao longo do ano, divididos em dez turmas semanais de cem alunos cada. O curso capacita profissionalmente em tran\u00e7as afro-brasileiras enquanto fomenta a gest\u00e3o de neg\u00f3cios com orienta\u00e7\u00f5es pr\u00e1ticas sobre formaliza\u00e7\u00e3o da atividade (MEI) e educa\u00e7\u00e3o financeira.<\/p>\n<p><strong>Para garantir a perman\u00eancia e o sucesso das alunas, o projeto oferece:<\/strong><\/p>\n<ul>&#13;<\/p>\n<li>Kits de ensino e materiais: conjunto de ferramentas essenciais para o in\u00edcio da atividade profissional, como pentes, prendedores, borrifadores e tesouras.<\/li>\n<p>&#13;<\/p>\n<li>Aux\u00edlio transporte: destinado a alunas da Regi\u00e3o Metropolitana de S\u00e3o Paulo que n\u00e3o possuem condi\u00e7\u00f5es financeiras para o deslocamento, a fim de garantir a frequ\u00eancia \u00e0s aulas.<\/li>\n<p>&#13;<\/p>\n<li>Certifica\u00e7\u00e3o: documento que valida a qualifica\u00e7\u00e3o t\u00e9cnica e empreendedora.<\/li>\n<p>&#13;\n<\/ul>\n<p>A execu\u00e7\u00e3o t\u00e9cnica do termo conta com a expertise de docentes e pesquisadores da Unifesp e da Universidade Zumbi dos Palmares.<\/p>\n<p>Para o professor-doutor Jos\u00e9 Vicente, reitor da Universidade Zumbi dos Palmares, o projeto \u00e9 uma mudan\u00e7a profunda para mulheres perif\u00e9ricas, pois supera limita\u00e7\u00f5es sociais ao oferecer profissionaliza\u00e7\u00e3o real como trancistas. &#8220;N\u00e3o \u00e9 apenas uma ajuda pontual, mas uma sa\u00edda concreta para a autonomia, a dignidade e o protagonismo&#8221;, ressaltou.<\/p>\n<p>Al\u00e9m de t\u00e9cnica est\u00e9tica, a tran\u00e7a afro \u00e9 valorizada como heran\u00e7a ancestral e instrumento de reafirma\u00e7\u00e3o da identidade negra, o que torna o projeto resposta direta aos desafios de inclus\u00e3o e descentraliza\u00e7\u00e3o econ\u00f4mica no Brasil.<\/p>\n<p><strong>Servi\u00e7o:<\/strong><\/p>\n<ul>&#13;<\/p>\n<li><strong>Evento:<\/strong>\u00a0Lan\u00e7amento do Projeto Tran\u00e7ando Futuros<\/li>\n<p>&#13;<\/p>\n<li><strong>Data:<\/strong>\u00a05 de mar\u00e7o<\/li>\n<p>&#13;<\/p>\n<li><strong>Hor\u00e1rio:<\/strong>\u00a019h30<\/li>\n<p>&#13;<\/p>\n<li><strong>Curso:<\/strong>\u00a0100% gratuito<\/li>\n<p>&#13;<\/p>\n<li><strong>Local:<\/strong>\u00a0Sal\u00e3o Nobre da Universidade Zumbi dos Palmares (Av. Santos Dumont, 843 \u2013 Bom Retiro, S\u00e3o Paulo)<\/li>\n<p>&#13;\n<\/ul>\n<p>Categorias<\/p>\n<p>Empresa, Ind\u00fastria e Com\u00e9rcio<\/p>\n<p id=\"route-announcer\" role=\"alert\">\u00a0<\/p>\n<p>\u00a0<\/p>\n<\/p><\/div>\n<p><script async defer crossorigin=\"anonymous\" src=\"https:\/\/connect.facebook.net\/pt_BR\/sdk.js#xfbml=1&#038;version=v12.0&#038;appId=&#038;autoLogAppEvents=1\" nonce=\"ou0fI1lo\"><\/script><br \/>\n<br \/><br \/>\n<br \/>Fonte: <a href=\"https:\/\/www.bs9.com.br\/brasil\/projeto-trancando-futuros-e-lancado-em-sao-paulo-para-capacitar-mil\/38010\/\">BS9<\/a><\/p>\n","protected":false},"excerpt":{"rendered":"<p>A Universidade Zumbi dos Palmares, em parceria com o Minist\u00e9rio do Empreendedorismo, da Microempresa e da Empresa de Pequeno Porte (MEMP) e a Universidade Federal de S\u00e3o Paulo (Unifesp), oficializa o lan\u00e7amento do projeto &#8220;Tran\u00e7ando Futuros&#8221; no dia 5 de mar\u00e7o, \u00e0s 19h30. O evento, realizado no Sal\u00e3o Nobre da Universidade Zumbi dos Palmares, marca [&hellip;]<\/p>\n","protected":false},"author":5,"featured_media":66189,"comment_status":"open","ping_status":"open","sticky":false,"template":"","format":"standard","meta":{"_seopress_robots_primary_cat":"","_seopress_titles_title":"","_seopress_titles_desc":"","_seopress_robots_index":"","footnotes":""},"categories":[52],"tags":[],"class_list":["post-66188","post","type-post","status-publish","format-standard","has-post-thumbnail","hentry","category-santoseregiao"],"_links":{"self":[{"href":"https:\/\/mussicom.com\/noticias\/wp-json\/wp\/v2\/posts\/66188","targetHints":{"allow":["GET"]}}],"collection":[{"href":"https:\/\/mussicom.com\/noticias\/wp-json\/wp\/v2\/posts"}],"about":[{"href":"https:\/\/mussicom.com\/noticias\/wp-json\/wp\/v2\/types\/post"}],"author":[{"embeddable":true,"href":"https:\/\/mussicom.com\/noticias\/wp-json\/wp\/v2\/users\/5"}],"replies":[{"embeddable":true,"href":"https:\/\/mussicom.com\/noticias\/wp-json\/wp\/v2\/comments?post=66188"}],"version-history":[{"count":0,"href":"https:\/\/mussicom.com\/noticias\/wp-json\/wp\/v2\/posts\/66188\/revisions"}],"wp:featuredmedia":[{"embeddable":true,"href":"https:\/\/mussicom.com\/noticias\/wp-json\/wp\/v2\/media\/66189"}],"wp:attachment":[{"href":"https:\/\/mussicom.com\/noticias\/wp-json\/wp\/v2\/media?parent=66188"}],"wp:term":[{"taxonomy":"category","embeddable":true,"href":"https:\/\/mussicom.com\/noticias\/wp-json\/wp\/v2\/categories?post=66188"},{"taxonomy":"post_tag","embeddable":true,"href":"https:\/\/mussicom.com\/noticias\/wp-json\/wp\/v2\/tags?post=66188"}],"curies":[{"name":"wp","href":"https:\/\/api.w.org\/{rel}","templated":true}]}}