{"id":66176,"date":"2026-03-04T20:46:15","date_gmt":"2026-03-04T23:46:15","guid":{"rendered":"https:\/\/mussicom.com\/eua-nao-descartam-tropas-em-solo-na-guerra-contra-o-ira\/"},"modified":"2026-03-04T20:46:15","modified_gmt":"2026-03-04T23:46:15","slug":"eua-nao-descartam-tropas-em-solo-na-guerra-contra-o-ira","status":"publish","type":"post","link":"https:\/\/mussicom.com\/noticias\/eua-nao-descartam-tropas-em-solo-na-guerra-contra-o-ira\/","title":{"rendered":"EUA n\u00e3o descartam tropas em solo na guerra contra o Ir\u00e3"},"content":{"rendered":"<p> <br \/>\n<\/p>\n<div id=\"tp-post-content\">\n<p class=\"postParagraph_post-paragraph__juWZN postParagraph_post-paragraph-innerHtml__Q5vwc\">O governo dos Estados Unidos disse nesta quarta-feira (4) que o uso de tropas em solo no Ir\u00e3 n\u00e3o faz parte do plano atual da opera\u00e7\u00e3o militar conduzida por Washington e Israel, mas afirmou que essa possibilidade n\u00e3o est\u00e1 descartada. A declara\u00e7\u00e3o foi feita pela porta-voz da Casa Branca, Karoline Leavitt, durante a coletiva de imprensa nesta quarta-feira (4).<\/p>\n<p class=\"postParagraph_post-paragraph__juWZN postParagraph_post-paragraph-innerHtml__Q5vwc\">Leavitt foi questionada por jornalistas sobre a possibilidade de envio de tropas americanas ao territ\u00f3rio iraniano. Em resposta, afirmou que a estrat\u00e9gia militar atual n\u00e3o inclui esse tipo de opera\u00e7\u00e3o, mas ressaltou que o governo n\u00e3o pretende limitar as op\u00e7\u00f5es do presidente Donald Trump.<\/p>\n<p class=\"postParagraph_post-paragraph__juWZN postParagraph_post-paragraph-innerHtml__Q5vwc\">\u201cN\u00e3o faz parte do plano para esta opera\u00e7\u00e3o neste momento, mas certamente n\u00e3o vou retirar op\u00e7\u00f5es militares da mesa em nome do presidente dos Estados Unidos\u201d, disse a porta-voz.<\/p>\n<p class=\"postParagraph_post-paragraph__juWZN postParagraph_post-paragraph-innerHtml__Q5vwc\">De acordo com Leavitt, o governo prefere manter flexibilidade estrat\u00e9gica diante da evolu\u00e7\u00e3o do conflito.<\/p>\n<p class=\"postParagraph_post-paragraph__juWZN postParagraph_post-paragraph-innerHtml__Q5vwc\">\u201cH\u00e1 l\u00edderes no passado que gostam de tirar op\u00e7\u00f5es da mesa sem ter uma compreens\u00e3o completa de como as coisas podem evoluir\u201d, afirmou.<\/p>\n<p class=\"postParagraph_post-paragraph__juWZN postParagraph_post-paragraph-innerHtml__Q5vwc\">Trump j\u00e1 havia indicado recentemente que n\u00e3o descartava totalmente a possibilidade de enviar tropas ao solo do Ir\u00e3. Em entrevista ao jornal <em>New York Post<\/em>, o mandat\u00e1rio disse que essa decis\u00e3o depender\u00e1 do andamento da guerra.<\/p>\n<p class=\"postParagraph_post-paragraph__juWZN postParagraph_post-paragraph-innerHtml__Q5vwc\">\u201cProvavelmente n\u00e3o vamos precisar delas, mas se fossem necess\u00e1rias [, sim]\u201d, declarou.<\/p>\n<p class=\"postParagraph_post-paragraph__juWZN postParagraph_post-paragraph-innerHtml__Q5vwc\">A guerra entre os Estados Unidos, Israel e o Ir\u00e3 j\u00e1 provocou intensifica\u00e7\u00e3o das tens\u00f5es no Oriente M\u00e9dio, incluindo ataques com m\u00edsseis e drones por parte de Teer\u00e3 contra alvos ligados a Washington e a seus aliados na regi\u00e3o.<\/p>\n<\/div>\n<p><br \/>\n<br \/>Fonte: <a href=\"https:\/\/www.gazetadopovo.com.br\/mundo\/eua-nao-descartam-envio-de-tropas-terrestres-ao-ira\/\">Revista Oeste<\/a><\/p>\n","protected":false},"excerpt":{"rendered":"<p>O governo dos Estados Unidos disse nesta quarta-feira (4) que o uso de tropas em solo no Ir\u00e3 n\u00e3o faz parte do plano atual da opera\u00e7\u00e3o militar conduzida por Washington e Israel, mas afirmou que essa possibilidade n\u00e3o est\u00e1 descartada. A declara\u00e7\u00e3o foi feita pela porta-voz da Casa Branca, Karoline Leavitt, durante a coletiva de [&hellip;]<\/p>\n","protected":false},"author":5,"featured_media":66177,"comment_status":"open","ping_status":"open","sticky":false,"template":"","format":"standard","meta":{"_seopress_robots_primary_cat":"","_seopress_titles_title":"","_seopress_titles_desc":"","_seopress_robots_index":"","footnotes":""},"categories":[48],"tags":[],"class_list":["post-66176","post","type-post","status-publish","format-standard","has-post-thumbnail","hentry","category-internacional"],"_links":{"self":[{"href":"https:\/\/mussicom.com\/noticias\/wp-json\/wp\/v2\/posts\/66176","targetHints":{"allow":["GET"]}}],"collection":[{"href":"https:\/\/mussicom.com\/noticias\/wp-json\/wp\/v2\/posts"}],"about":[{"href":"https:\/\/mussicom.com\/noticias\/wp-json\/wp\/v2\/types\/post"}],"author":[{"embeddable":true,"href":"https:\/\/mussicom.com\/noticias\/wp-json\/wp\/v2\/users\/5"}],"replies":[{"embeddable":true,"href":"https:\/\/mussicom.com\/noticias\/wp-json\/wp\/v2\/comments?post=66176"}],"version-history":[{"count":0,"href":"https:\/\/mussicom.com\/noticias\/wp-json\/wp\/v2\/posts\/66176\/revisions"}],"wp:featuredmedia":[{"embeddable":true,"href":"https:\/\/mussicom.com\/noticias\/wp-json\/wp\/v2\/media\/66177"}],"wp:attachment":[{"href":"https:\/\/mussicom.com\/noticias\/wp-json\/wp\/v2\/media?parent=66176"}],"wp:term":[{"taxonomy":"category","embeddable":true,"href":"https:\/\/mussicom.com\/noticias\/wp-json\/wp\/v2\/categories?post=66176"},{"taxonomy":"post_tag","embeddable":true,"href":"https:\/\/mussicom.com\/noticias\/wp-json\/wp\/v2\/tags?post=66176"}],"curies":[{"name":"wp","href":"https:\/\/api.w.org\/{rel}","templated":true}]}}