{"id":66139,"date":"2026-03-04T17:39:45","date_gmt":"2026-03-04T20:39:45","guid":{"rendered":"https:\/\/mussicom.com\/cpmi-do-inss-reage-a-decisao-de-flavio-dino-e-fala-em-grave-interferencia\/"},"modified":"2026-03-04T17:39:45","modified_gmt":"2026-03-04T20:39:45","slug":"cpmi-do-inss-reage-a-decisao-de-flavio-dino-e-fala-em-grave-interferencia","status":"publish","type":"post","link":"https:\/\/mussicom.com\/noticias\/cpmi-do-inss-reage-a-decisao-de-flavio-dino-e-fala-em-grave-interferencia\/","title":{"rendered":"CPMI do INSS reage \u00e0 decis\u00e3o de Fl\u00e1vio Dino e fala em \u201cgrave interfer\u00eancia\u201d"},"content":{"rendered":"<p> <br \/>\n<\/p>\n<div id=\"tp-post-content\">\n<p class=\"postParagraph_post-paragraph__juWZN postParagraph_post-paragraph-innerHtml__Q5vwc\">O presidente da CPMI do INSS, senador Carlos Viana (Podemos-MG), reagiu com \u201cprofunda indigna\u00e7\u00e3o e enorme preocupa\u00e7\u00e3o institucional\u201d \u00e0 decis\u00e3o do ministro Fl\u00e1vio Dino, do Supremo Tribunal Federal (STF), que suspendeu a quebra de sigilos aprovada pela comiss\u00e3o. Para Viana, a liminar representa uma interfer\u00eancia direta no funcionamento do Parlamento e compromete o avan\u00e7o de uma investiga\u00e7\u00e3o que, segundo ele, busca esclarecer uma das maiores fraudes j\u00e1 cometidas contra aposentados e pensionistas do pa\u00eds.<\/p>\n<p class=\"postParagraph_post-paragraph__juWZN postParagraph_post-paragraph-innerHtml__Q5vwc\">A liminar atendeu parcialmente a pedido da defesa da empres\u00e1ria Roberta Luchsinger, investigada pela comiss\u00e3o e apontada como amiga de F\u00e1bio Lu\u00eds Lula da Silva, conhecido como Lulinha, filho do presidente Luiz In\u00e1cio Lula da Silva.<\/p>\n<p class=\"postParagraph_post-paragraph__juWZN postParagraph_post-paragraph-innerHtml__Q5vwc\">Dino suspendeu a quebra de sigilos ao entender que a vota\u00e7\u00e3o conjunta de 87 requerimentos, feita \u201cem globo\u201d, violou o devido processo constitucional e n\u00e3o respeitou a exig\u00eancia de fundamenta\u00e7\u00e3o individualizada para medidas invasivas.<\/p>\n<p class=\"postParagraph_post-paragraph__juWZN postParagraph_post-paragraph-innerHtml__Q5vwc\">Na decis\u00e3o, o ministro escreveu que \u201cn\u00e3o \u00e9 cab\u00edvel o afastamento de direitos constitucionais \u2018no atacado\u2019, com vota\u00e7\u00e3o em globo, sem an\u00e1lise fundamentada de cada caso, regular debate e delibera\u00e7\u00e3o motivada\u201d. Ele determinou ainda que, caso os dados j\u00e1 tenham sido enviados, permane\u00e7am sob sigilo na presid\u00eancia do Senado at\u00e9 julgamento definitivo.<\/p>\n<p class=\"postParagraph_post-paragraph__juWZN postParagraph_post-paragraph-innerHtml__Q5vwc\">Carlos Viana sustenta que a legalidade da vota\u00e7\u00e3o j\u00e1 havia sido analisada pelo presidente do Congresso Nacional, senador Davi Alcolumbre, que concluiu que o procedimento respeitou o regimento e a Constitui\u00e7\u00e3o.<\/p>\n<p class=\"postParagraph_post-paragraph__juWZN postParagraph_post-paragraph-innerHtml__Q5vwc\">\u201cO pr\u00f3prio presidente do Congresso reconheceu a legalidade do procedimento e manteve a decis\u00e3o soberana da comiss\u00e3o\u201d, afirmou. Ainda assim, segundo ele, a investiga\u00e7\u00e3o sofre nova paralisa\u00e7\u00e3o.<\/p>\n<p class=\"postParagraph_post-paragraph__juWZN postParagraph_post-paragraph-innerHtml__Q5vwc\">O senador tamb\u00e9m criticou o fato de a CPMI n\u00e3o ter sido formalmente notificada da decis\u00e3o at\u00e9 o momento da manifesta\u00e7\u00e3o p\u00fablica. \u201cTomamos conhecimento da liminar pela imprensa, e n\u00e3o pelos canais institucionais\u201d, disse, apontando o que chamou de falta de simetria na rela\u00e7\u00e3o entre os Poderes.<\/p>\n<div class=\"postViewMore_post-view-more-container___5wai\" data-mrf-recirculation=\"Post - Veja tamb\u00e9m\">\n<p class=\"gp-styles-module-size-small-afeYRa gp-styles-module-font-family2-afeYRa gp-styles-module-color-secondary-afeYRa gp-styles-module-weight-bold-afeYRa\">VEJA TAMB\u00c9M:<\/p>\n<ul class=\"postViewMore_post-view-more-list__CU_CE\">\n<li class=\"postViewMore_post-view-more-item__2MzRb\">\n<div class=\"postViewMore_post-view-more-image__5gUSe\"><picture class=\"imageDefault_image-container__XGd8_\"><\/picture><\/div>\n<p>Dino suspende quebra de sigilo de empres\u00e1ria amiga de Lulinha<\/li>\n<li class=\"postViewMore_post-view-more-item__2MzRb\">\n<div class=\"postViewMore_post-view-more-image__5gUSe\"><picture class=\"imageDefault_image-container__XGd8_\"><img decoding=\"async\" class=\"imageDefault_image-item__lU2Dk\" src=\"https:\/\/media.gazetadopovo.com.br\/2026\/03\/04111908\/img20260302181153477MED-380x214.jpg.webp\" alt=\"\" width=\"72\" height=\"72\"\/><\/picture><\/div>\n<p>Relator da CPMI do INSS diz que pris\u00e3o de Vorcaro refor\u00e7a necessidade de quebra de sigilo<\/li>\n<\/ul>\n<\/div>\n<h2 class=\"postParagraph_post-paragraph__juWZN postParagraph_post-paragraph-innerHtml__Q5vwc postParagraph_type-tag-h2__TtFkT\">Vota\u00e7\u00e3o \u201cem globo\u201d gera debate e relator fala em &#8220;precedente perigoso&#8221;<\/h2>\n<p class=\"postParagraph_post-paragraph__juWZN postParagraph_post-paragraph-innerHtml__Q5vwc\">O ponto central da controv\u00e9rsia \u00e9 a vota\u00e7\u00e3o conjunta de dezenas de requerimentos. Para Dino, a aprova\u00e7\u00e3o em bloco compromete a exig\u00eancia de fundamenta\u00e7\u00e3o individual para medidas que atingem direitos fundamentais.<\/p>\n<p class=\"postParagraph_post-paragraph__juWZN postParagraph_post-paragraph-innerHtml__Q5vwc\">J\u00e1 o presidente da CPMI argumenta que a pr\u00e1tica \u00e9 tradicional no Parlamento e j\u00e1 foi adotada em outras comiss\u00f5es de inqu\u00e9rito, como a CPMI da Pandemia e a CPMI dos Atos de 8 de Janeiro, sem questionamento judicial semelhante.<\/p>\n<p class=\"postParagraph_post-paragraph__juWZN postParagraph_post-paragraph-innerHtml__Q5vwc\">Segundo Viana, cada requerimento cont\u00e9m justificativa escrita detalhando ind\u00edcios e a necessidade da medida. \u201cQuando o parlamentar aprova o requerimento, aprova tamb\u00e9m a fundamenta\u00e7\u00e3o que o acompanha\u201d, afirmou. Ele acrescentou que a vota\u00e7\u00e3o simb\u00f3lica e em bloco \u00e9 pr\u00e1tica consolidada \u201ch\u00e1 d\u00e9cadas\u201d nas CPIs.<\/p>\n<p class=\"postParagraph_post-paragraph__juWZN postParagraph_post-paragraph-innerHtml__Q5vwc\">O relator da comiss\u00e3o, Alfredo Gaspar (Uni\u00e3o-PE), tamb\u00e9m criticou a decis\u00e3o monocr\u00e1tica, classificando-a como \u201cp\u00e9ssimo exemplo para a democracia\u201d e questionando a quem interessaria a suspens\u00e3o das medidas.<\/p>\n<p class=\"postParagraph_post-paragraph__juWZN postParagraph_post-paragraph-innerHtml__Q5vwc\">&#8220;Quando o ministro Fl\u00e1vio Dino toma as posi\u00e7\u00f5es dele em rela\u00e7\u00e3o \u00e0 investiga\u00e7\u00e3o de parlamentares, ele t\u00e1 de parab\u00e9ns. Vamos proteger o dinheiro p\u00fablico. Mas agora fica a pergunta, ministro e os grandes empres\u00e1rios, os grandes banqueiros, filhos do presidente da Rep\u00fablica. Por que essa prote\u00e7\u00e3o?&#8221;,<\/p>\n<p class=\"postParagraph_post-paragraph__juWZN postParagraph_post-paragraph-innerHtml__Q5vwc\">Para integrantes da CPMI, a liminar abre precedente que pode comprometer o funcionamento de comiss\u00f5es parlamentares futuras.<\/p>\n<p class=\"postParagraph_post-paragraph__juWZN postParagraph_post-paragraph-innerHtml__Q5vwc\">Viana afirmou que, se o entendimento do ministro prevalecer, praticamente todas as decis\u00f5es tomadas por CPIs nas \u00faltimas d\u00e9cadas poderiam ser questionadas. \u201cNenhuma CPI poder\u00e1 mais trabalhar\u201d, disse.<\/p>\n<p class=\"postParagraph_post-paragraph__juWZN postParagraph_post-paragraph-innerHtml__Q5vwc\">Ele ressaltou ainda que comiss\u00f5es parlamentares t\u00eam prazo determinado para funcionar, diferentemente de investiga\u00e7\u00f5es conduzidas por \u00f3rg\u00e3os permanentes, como a Pol\u00edcia Federal. \u201cImpor exig\u00eancias que n\u00e3o constam no regimento significa, na pr\u00e1tica, inviabilizar o funcionamento das CPIs\u201d, argumentou.<\/p>\n<p class=\"postParagraph_post-paragraph__juWZN postParagraph_post-paragraph-innerHtml__Q5vwc\">O senador lembrou que o pr\u00f3prio STF j\u00e1 reconheceu, em decis\u00f5es anteriores, que CPIs constituem direito das minorias parlamentares e instrumento essencial de fiscaliza\u00e7\u00e3o. \u201cSem instrumentos de investiga\u00e7\u00e3o, n\u00e3o existe Parlamento livre\u201d, afirmou.<\/p>\n<p class=\"postParagraph_post-paragraph__juWZN postParagraph_post-paragraph-innerHtml__Q5vwc\">A decis\u00e3o de Dino ser\u00e1 analisada pelo plen\u00e1rio do STF em momento posterior. At\u00e9 l\u00e1, a quebra de sigilos permanece suspensa, mantendo sob sigilo eventuais dados j\u00e1 encaminhados.<\/p>\n<\/div>\n<p><br \/>\n<br \/>Fonte: <a href=\"https:\/\/www.gazetadopovo.com.br\/republica\/cpmi-do-inss-reage-a-decisao-de-flavio-dino-e-fala-em-grave-interferencia-do-stf\/\">Revista Oeste<\/a><\/p>\n","protected":false},"excerpt":{"rendered":"<p>O presidente da CPMI do INSS, senador Carlos Viana (Podemos-MG), reagiu com \u201cprofunda indigna\u00e7\u00e3o e enorme preocupa\u00e7\u00e3o institucional\u201d \u00e0 decis\u00e3o do ministro Fl\u00e1vio Dino, do Supremo Tribunal Federal (STF), que suspendeu a quebra de sigilos aprovada pela comiss\u00e3o. Para Viana, a liminar representa uma interfer\u00eancia direta no funcionamento do Parlamento e compromete o avan\u00e7o de [&hellip;]<\/p>\n","protected":false},"author":5,"featured_media":66140,"comment_status":"open","ping_status":"open","sticky":false,"template":"","format":"standard","meta":{"_seopress_robots_primary_cat":"","_seopress_titles_title":"","_seopress_titles_desc":"","_seopress_robots_index":"","footnotes":""},"categories":[1],"tags":[],"class_list":["post-66139","post","type-post","status-publish","format-standard","has-post-thumbnail","hentry","category-ultimas-noticias"],"_links":{"self":[{"href":"https:\/\/mussicom.com\/noticias\/wp-json\/wp\/v2\/posts\/66139","targetHints":{"allow":["GET"]}}],"collection":[{"href":"https:\/\/mussicom.com\/noticias\/wp-json\/wp\/v2\/posts"}],"about":[{"href":"https:\/\/mussicom.com\/noticias\/wp-json\/wp\/v2\/types\/post"}],"author":[{"embeddable":true,"href":"https:\/\/mussicom.com\/noticias\/wp-json\/wp\/v2\/users\/5"}],"replies":[{"embeddable":true,"href":"https:\/\/mussicom.com\/noticias\/wp-json\/wp\/v2\/comments?post=66139"}],"version-history":[{"count":0,"href":"https:\/\/mussicom.com\/noticias\/wp-json\/wp\/v2\/posts\/66139\/revisions"}],"wp:featuredmedia":[{"embeddable":true,"href":"https:\/\/mussicom.com\/noticias\/wp-json\/wp\/v2\/media\/66140"}],"wp:attachment":[{"href":"https:\/\/mussicom.com\/noticias\/wp-json\/wp\/v2\/media?parent=66139"}],"wp:term":[{"taxonomy":"category","embeddable":true,"href":"https:\/\/mussicom.com\/noticias\/wp-json\/wp\/v2\/categories?post=66139"},{"taxonomy":"post_tag","embeddable":true,"href":"https:\/\/mussicom.com\/noticias\/wp-json\/wp\/v2\/tags?post=66139"}],"curies":[{"name":"wp","href":"https:\/\/api.w.org\/{rel}","templated":true}]}}