{"id":66126,"date":"2026-03-04T15:49:27","date_gmt":"2026-03-04T18:49:27","guid":{"rendered":"https:\/\/mussicom.com\/pec-da-seguranca-vai-ao-plenario-sem-reducao-da-maioridade-penal\/"},"modified":"2026-03-04T15:49:27","modified_gmt":"2026-03-04T18:49:27","slug":"pec-da-seguranca-vai-ao-plenario-sem-reducao-da-maioridade-penal","status":"publish","type":"post","link":"https:\/\/mussicom.com\/noticias\/pec-da-seguranca-vai-ao-plenario-sem-reducao-da-maioridade-penal\/","title":{"rendered":"PEC da Seguran\u00e7a vai ao plen\u00e1rio sem redu\u00e7\u00e3o da maioridade penal"},"content":{"rendered":"<p> <br \/>\n<\/p>\n<div id=\"tp-post-content\">\n<p class=\"postParagraph_post-paragraph__juWZN postParagraph_post-paragraph-innerHtml__Q5vwc\">O presidente da C\u00e2mara, Hugo Motta (Republicanos-PB), decidiu levar diretamente ao plen\u00e1rio, nesta quarta-feira (4), a vota\u00e7\u00e3o da PEC da Seguran\u00e7a P\u00fablica. A proposta ser\u00e1 apreciada sem o trecho que previa referendo em 2028 sobre a redu\u00e7\u00e3o da maioridade penal de 18 para 16 anos.<\/p>\n<p class=\"postParagraph_post-paragraph__juWZN postParagraph_post-paragraph-innerHtml__Q5vwc\">Segundo Motta, a medida busca preservar o foco na reestrutura\u00e7\u00e3o do sistema de seguran\u00e7a p\u00fablica e evitar que o debate sobre a maioridade penal inviabilize o avan\u00e7o da mat\u00e9ria. \u201cChegamos ao momento em que o plen\u00e1rio precisa deliberar sobre essa mat\u00e9ria importante para o pa\u00eds\u201d, afirmou em entrevista aos jornalista, antes da reuni\u00e3o de l\u00edderes.<\/p>\n<p class=\"postParagraph_post-paragraph__juWZN postParagraph_post-paragraph-innerHtml__Q5vwc\">Motta destacou que a proposta j\u00e1 passou pela Comiss\u00e3o de Constitui\u00e7\u00e3o e Justi\u00e7a (CCJ) e por comiss\u00e3o especial, onde foi amplamente debatida com especialistas, integrantes do governo federal, governadores e representantes das for\u00e7as de seguran\u00e7a.<\/p>\n<p class=\"postParagraph_post-paragraph__juWZN postParagraph_post-paragraph-innerHtml__Q5vwc\">O texto final n\u00e3o foi votado pela comiss\u00e3o especial e seguir\u00e1 direto ao plen\u00e1rio por decis\u00e3o do presidente da C\u00e2mara. De acordo com Motta, trata-se de uma \u201cpauta de Estado\u201d e a decis\u00e3o de lev\u00e1-la diretamente ao plen\u00e1rio \u00e9 uma medida regimental para acelerar a delibera\u00e7\u00e3o.<\/p>\n<p class=\"postParagraph_post-paragraph__juWZN postParagraph_post-paragraph-innerHtml__Q5vwc\">Segundo ele, a C\u00e2mara precisa avan\u00e7ar na cria\u00e7\u00e3o de um sistema \u00fanico de seguran\u00e7a p\u00fablica e no fortalecimento das estruturas de combate ao crime organizado, deixando o debate sobre a maioridade penal para um enfrentamento espec\u00edfico.<\/p>\n<div class=\"postViewMore_post-view-more-container___5wai\" data-mrf-recirculation=\"Post - Veja tamb\u00e9m\">\n<p class=\"gp-styles-module-size-small-afeYRa gp-styles-module-font-family2-afeYRa gp-styles-module-color-secondary-afeYRa gp-styles-module-weight-bold-afeYRa\">VEJA TAMB\u00c9M:<\/p>\n<ul class=\"postViewMore_post-view-more-list__CU_CE\">\n<li class=\"postViewMore_post-view-more-item__2MzRb\">\n<div class=\"postViewMore_post-view-more-image__5gUSe\"><picture class=\"imageDefault_image-container__XGd8_\"><\/picture><\/div>\n<p>2\u00aa Turma do STF, com Gilmar e Toffoli, vai julgar pris\u00e3o de Vorcaro<\/li>\n<li class=\"postViewMore_post-view-more-item__2MzRb\">\n<div class=\"postViewMore_post-view-more-image__5gUSe\"><picture class=\"imageDefault_image-container__XGd8_\"><img decoding=\"async\" class=\"imageDefault_image-item__lU2Dk\" src=\"https:\/\/media.gazetadopovo.com.br\/2026\/03\/03195348\/Lula-Alcolumbre-380x214.jpg.webp\" alt=\"CPMI do INSS Davi Alcolumbre presidente Lula sigilo Lulinha\" width=\"72\" height=\"72\"\/><\/picture><\/div>\n<p>Alcolumbre imp\u00f5e derrota ao governo e apoio ao sigilo de Lulinha fortalece investiga\u00e7\u00e3o do Congresso<\/li>\n<\/ul>\n<\/div>\n<h2 class=\"postParagraph_post-paragraph__juWZN postParagraph_post-paragraph-innerHtml__Q5vwc postParagraph_type-tag-h2__TtFkT\">Redu\u00e7\u00e3o da maioridade penal ficar\u00e1 em PEC paralela<\/h2>\n<p class=\"postParagraph_post-paragraph__juWZN postParagraph_post-paragraph-innerHtml__Q5vwc\">O presidente explicou que o tema da redu\u00e7\u00e3o da maioridade penal ser\u00e1 tratado em uma proposta separada. A decis\u00e3o foi constru\u00edda ap\u00f3s reuni\u00f5es com o relator da mat\u00e9ria, Mendon\u00e7a Filho, e com integrantes do governo, entre eles o ministro da Justi\u00e7a, Ricardo Lewandowski, e o secret\u00e1rio-executivo da Fazenda, Dario Durigan.<\/p>\n<p class=\"postParagraph_post-paragraph__juWZN postParagraph_post-paragraph-innerHtml__Q5vwc\">\u201cO referendo n\u00e3o ser\u00e1 deliberado agora. Entendemos que \u00e9 uma pauta relevante, mas n\u00e3o deve ser misturada a uma agenda estrutural como a da seguran\u00e7a p\u00fablica\u201d, disse Motta.<\/p>\n<p class=\"postParagraph_post-paragraph__juWZN postParagraph_post-paragraph-innerHtml__Q5vwc\">A nova PEC sobre maioridade penal j\u00e1 tramita na CCJ. Motta se comprometeu a instalar comiss\u00e3o especial espec\u00edfica para tratar do tema. A presid\u00eancia do colegiado ficar\u00e1 com Aloysio Mendes, e a relatoria novamente com Mendon\u00e7a Filho.<\/p>\n<h2 class=\"postParagraph_post-paragraph__juWZN postParagraph_post-paragraph-innerHtml__Q5vwc postParagraph_type-tag-h2__TtFkT\">Relator fala em redesenho do combate ao crime<\/h2>\n<p class=\"postParagraph_post-paragraph__juWZN postParagraph_post-paragraph-innerHtml__Q5vwc\">O relator da proposta, deputado Mendon\u00e7a Filho (Uni\u00e3o-PE), afirmou que o texto final fortalece o enfrentamento \u00e0s fac\u00e7\u00f5es criminosas e redesenha a estrutura de combate ao crime organizado no pa\u00eds.<\/p>\n<p class=\"postParagraph_post-paragraph__juWZN postParagraph_post-paragraph-innerHtml__Q5vwc\">\u201cO l\u00edder de fac\u00e7\u00e3o n\u00e3o pode receber o mesmo tratamento penal de um criminoso de baixo impacto. \u00c9 preciso dar dimens\u00e3o adequada a quem comanda organiza\u00e7\u00f5es criminosas\u201d, declarou Mendon\u00e7a Filho.<\/p>\n<p class=\"postParagraph_post-paragraph__juWZN postParagraph_post-paragraph-innerHtml__Q5vwc\">Entre os pontos destacados por ele est\u00e3o:<\/p>\n<ul class=\"postList_post-list-container__W0E4y postList_visual-type-unordered-list__M8U7t\">\n<li class=\"postList_post-list-item__34Ck1\">Refor\u00e7o constitucional \u00e0s For\u00e7as Integradas de Combate ao Crime Organizado (FICCOs);<\/li>\n<li class=\"postList_post-list-item__34Ck1\">Amplia\u00e7\u00e3o das compet\u00eancias da Pol\u00edcia Federal, inclusive na \u00e1rea ambiental;<\/li>\n<li class=\"postList_post-list-item__34Ck1\">Expans\u00e3o da atua\u00e7\u00e3o da Pol\u00edcia Rodovi\u00e1ria Federal para ferrovias e hidrovias;<\/li>\n<li class=\"postList_post-list-item__34Ck1\">Valoriza\u00e7\u00e3o e prote\u00e7\u00e3o \u00e0s v\u00edtimas da viol\u00eancia, com previs\u00e3o expressa no artigo 5\u00ba da Constitui\u00e7\u00e3o.<\/li>\n<\/ul>\n<p class=\"postParagraph_post-paragraph__juWZN postParagraph_post-paragraph-innerHtml__Q5vwc\">Mendon\u00e7a Filho refor\u00e7ou tamb\u00e9m que manter a redu\u00e7\u00e3o da maioridade penal no mesmo texto poderia inviabilizar a tramita\u00e7\u00e3o no Senado. \u201cAo inv\u00e9s de estarmos debatendo a estrutura da seguran\u00e7a p\u00fablica, estar\u00edamos discutindo apenas a maioridade penal\u201d, disse.<\/p>\n<p class=\"postParagraph_post-paragraph__juWZN postParagraph_post-paragraph-innerHtml__Q5vwc\">A vota\u00e7\u00e3o est\u00e1 prevista para a sess\u00e3o desta quarta-feira (4). Por se tratar de uma PEC, a proposta precisa ser aprovada em dois turnos por maioria absoluta, ou seja, <strong>308 votos favor\u00e1veis<\/strong>. Se aprovada, segue para an\u00e1lise e vota\u00e7\u00e3o no Senado.<\/p>\n<\/div>\n<p><br \/>\n<br \/>Fonte: <a href=\"https:\/\/www.gazetadopovo.com.br\/republica\/motta-leva-pec-da-seguranca-ao-plenario-e-retira-reducao-da-maioridade-penal\/\">Revista Oeste<\/a><\/p>\n","protected":false},"excerpt":{"rendered":"<p>O presidente da C\u00e2mara, Hugo Motta (Republicanos-PB), decidiu levar diretamente ao plen\u00e1rio, nesta quarta-feira (4), a vota\u00e7\u00e3o da PEC da Seguran\u00e7a P\u00fablica. A proposta ser\u00e1 apreciada sem o trecho que previa referendo em 2028 sobre a redu\u00e7\u00e3o da maioridade penal de 18 para 16 anos. Segundo Motta, a medida busca preservar o foco na reestrutura\u00e7\u00e3o [&hellip;]<\/p>\n","protected":false},"author":5,"featured_media":66127,"comment_status":"open","ping_status":"open","sticky":false,"template":"","format":"standard","meta":{"_seopress_robots_primary_cat":"","_seopress_titles_title":"","_seopress_titles_desc":"","_seopress_robots_index":"","footnotes":""},"categories":[1],"tags":[],"class_list":["post-66126","post","type-post","status-publish","format-standard","has-post-thumbnail","hentry","category-ultimas-noticias"],"_links":{"self":[{"href":"https:\/\/mussicom.com\/noticias\/wp-json\/wp\/v2\/posts\/66126","targetHints":{"allow":["GET"]}}],"collection":[{"href":"https:\/\/mussicom.com\/noticias\/wp-json\/wp\/v2\/posts"}],"about":[{"href":"https:\/\/mussicom.com\/noticias\/wp-json\/wp\/v2\/types\/post"}],"author":[{"embeddable":true,"href":"https:\/\/mussicom.com\/noticias\/wp-json\/wp\/v2\/users\/5"}],"replies":[{"embeddable":true,"href":"https:\/\/mussicom.com\/noticias\/wp-json\/wp\/v2\/comments?post=66126"}],"version-history":[{"count":0,"href":"https:\/\/mussicom.com\/noticias\/wp-json\/wp\/v2\/posts\/66126\/revisions"}],"wp:featuredmedia":[{"embeddable":true,"href":"https:\/\/mussicom.com\/noticias\/wp-json\/wp\/v2\/media\/66127"}],"wp:attachment":[{"href":"https:\/\/mussicom.com\/noticias\/wp-json\/wp\/v2\/media?parent=66126"}],"wp:term":[{"taxonomy":"category","embeddable":true,"href":"https:\/\/mussicom.com\/noticias\/wp-json\/wp\/v2\/categories?post=66126"},{"taxonomy":"post_tag","embeddable":true,"href":"https:\/\/mussicom.com\/noticias\/wp-json\/wp\/v2\/tags?post=66126"}],"curies":[{"name":"wp","href":"https:\/\/api.w.org\/{rel}","templated":true}]}}