{"id":6606,"date":"2025-03-18T11:22:13","date_gmt":"2025-03-18T14:22:13","guid":{"rendered":"https:\/\/www.mussicom.com\/?p=6606"},"modified":"2025-03-18T11:22:14","modified_gmt":"2025-03-18T14:22:14","slug":"frente-fria-chega-ao-litoral-de-sp-com-chuva-forte-ventos-e-raios","status":"publish","type":"post","link":"https:\/\/mussicom.com\/noticias\/frente-fria-chega-ao-litoral-de-sp-com-chuva-forte-ventos-e-raios\/","title":{"rendered":"Frente fria chega ao litoral de SP com chuva forte, ventos e raios"},"content":{"rendered":"<h3 class=\"wp-block-heading\" id=\"fenomeno-cruza-o-estado-nesta-quarta-feira-19-e-pode-causar-temporais\"><strong>Fen\u00f4meno cruza o Estado nesta quarta-feira (19) e pode causar temporais<\/strong><\/h3>\n\n\n<p>O litoral de <strong>S\u00e3o Paulo<\/strong> se prepara para a chegada de uma <strong>nova frente fria<\/strong>, que trar\u00e1 <strong>chuvas intensas, ventos fortes e raios<\/strong> a partir desta <strong>quarta-feira (19)<\/strong>. De acordo com previs\u00f5es do <strong>The Weather Channel, Climatempo e Instituto Nacional de Meteorologia (Inmet)<\/strong>, o fen\u00f4meno atravessar\u00e1 a costa paulista e seguir\u00e1 em dire\u00e7\u00e3o ao <strong>Rio de Janeiro<\/strong>.<\/p>\n\n\n<h3 class=\"wp-block-heading\" id=\"previsao-do-tempo\"><strong>Previs\u00e3o do tempo<\/strong><\/h3>\n\n\n<ul class=\"wp-block-list\">\n<li><strong>Madrugada de ter\u00e7a para quarta (19):<\/strong> Possibilidade de <strong>chuvas moderadas<\/strong> entre <strong>4h e 5h30<\/strong>.<\/li>\n\n\n\n<li><strong>Manh\u00e3 de quarta (19):<\/strong> C\u00e9u <strong>nublado<\/strong> e pancadas moderadas entre <strong>7h e 9h30<\/strong>.<\/li>\n\n\n\n<li><strong>A partir das 11h:<\/strong> <strong>Risco elevado de temporais<\/strong>, com chuvas fortes, ventos e raios entre <strong>11h e 21h<\/strong>.<\/li>\n\n\n\n<li><strong>Quinta-feira (20):<\/strong> O dia come\u00e7a <strong>nublado<\/strong>, mas o sol aparece entre muitas nuvens ao longo do dia. N\u00e3o h\u00e1 previs\u00e3o de chuva.<\/li>\n<\/ul>\n\n\n\n<p>As temperaturas ficar\u00e3o entre <strong>23\u00baC (m\u00ednima) e 26\u00baC (m\u00e1xima)<\/strong> nos dois dias.<\/p>\n\n\n<h3 class=\"wp-block-heading\" id=\"cuidados-durante-temporais\"><strong>Cuidados durante temporais<\/strong><\/h3>\n\n\n<p>A Defesa Civil alerta para a possibilidade de <strong>alagamentos, quedas de \u00e1rvores e raios<\/strong>. Em caso de chuvas intensas:<\/p>\n\n\n\n<p>\u2705 <strong>Evite \u00e1reas de risco<\/strong> e fique atento a sinais de deslizamentos, como rachaduras e estalos.<br>\u2705 <strong>N\u00e3o tente atravessar alagamentos<\/strong> \u2013 a \u00e1gua pode esconder buracos e correntezas perigosas.<br>\u2705 <strong>Desconecte aparelhos eletr\u00f4nicos<\/strong> durante raios e trov\u00f5es.<br>\u2705 <strong>Evite abrigar-se sob \u00e1rvores ou estruturas met\u00e1licas.<\/strong><\/p>\n\n\n\n<p>Para mais informa\u00e7\u00f5es e alertas em tempo real, acompanhe os canais oficiais da <strong>Defesa Civil<\/strong><\/p>\n\n\n\n<p>Fonte: <a href=\"https:\/\/www.diariodolitoral.com.br\/cotidiano\/vem-chuva-por-ai-frente-fria-chega-litoral-sao-paulo-com-ventos-raios\/192744\/\" data-type=\"link\" data-id=\"https:\/\/www.diariodolitoral.com.br\/cotidiano\/vem-chuva-por-ai-frente-fria-chega-litoral-sao-paulo-com-ventos-raios\/192744\/\">Di\u00e1rio do Litoral<\/a><\/p>\n","protected":false},"excerpt":{"rendered":"<p>Fen\u00f4meno cruza o Estado nesta quarta-feira (19) e pode causar temporais O litoral de S\u00e3o Paulo se prepara para a chegada de uma nova frente fria, que trar\u00e1 chuvas intensas, ventos fortes e raios a partir desta quarta-feira (19). De acordo com previs\u00f5es do The Weather Channel, Climatempo e Instituto Nacional de Meteorologia (Inmet), o [&hellip;]<\/p>\n","protected":false},"author":5,"featured_media":6609,"comment_status":"open","ping_status":"open","sticky":false,"template":"","format":"standard","meta":{"_seopress_robots_primary_cat":"none","_seopress_titles_title":"","_seopress_titles_desc":"","_seopress_robots_index":"","footnotes":""},"categories":[52,1],"tags":[],"class_list":["post-6606","post","type-post","status-publish","format-standard","has-post-thumbnail","hentry","category-santoseregiao","category-ultimas-noticias"],"_links":{"self":[{"href":"https:\/\/mussicom.com\/noticias\/wp-json\/wp\/v2\/posts\/6606","targetHints":{"allow":["GET"]}}],"collection":[{"href":"https:\/\/mussicom.com\/noticias\/wp-json\/wp\/v2\/posts"}],"about":[{"href":"https:\/\/mussicom.com\/noticias\/wp-json\/wp\/v2\/types\/post"}],"author":[{"embeddable":true,"href":"https:\/\/mussicom.com\/noticias\/wp-json\/wp\/v2\/users\/5"}],"replies":[{"embeddable":true,"href":"https:\/\/mussicom.com\/noticias\/wp-json\/wp\/v2\/comments?post=6606"}],"version-history":[{"count":1,"href":"https:\/\/mussicom.com\/noticias\/wp-json\/wp\/v2\/posts\/6606\/revisions"}],"predecessor-version":[{"id":6610,"href":"https:\/\/mussicom.com\/noticias\/wp-json\/wp\/v2\/posts\/6606\/revisions\/6610"}],"wp:featuredmedia":[{"embeddable":true,"href":"https:\/\/mussicom.com\/noticias\/wp-json\/wp\/v2\/media\/6609"}],"wp:attachment":[{"href":"https:\/\/mussicom.com\/noticias\/wp-json\/wp\/v2\/media?parent=6606"}],"wp:term":[{"taxonomy":"category","embeddable":true,"href":"https:\/\/mussicom.com\/noticias\/wp-json\/wp\/v2\/categories?post=6606"},{"taxonomy":"post_tag","embeddable":true,"href":"https:\/\/mussicom.com\/noticias\/wp-json\/wp\/v2\/tags?post=6606"}],"curies":[{"name":"wp","href":"https:\/\/api.w.org\/{rel}","templated":true}]}}